{"id":12641,"date":"2018-02-18T10:00:39","date_gmt":"2018-02-18T09:00:39","guid":{"rendered":"http:\/\/danielonway.fr\/DanielOnWay\/?p=12641"},"modified":"2020-02-12T09:47:23","modified_gmt":"2020-02-12T08:47:23","slug":"fondamentaux-photographie-triangle-exposition-cours-complet","status":"publish","type":"post","link":"https:\/\/danielonway.fr\/DanielOnWay\/fondamentaux-photographie-triangle-exposition-cours-complet\/","title":{"rendered":"Cours Complet en Vid\u00e9o : Les fondamentaux de la photographie : Le triangle d&rsquo;exposition"},"content":{"rendered":"<p>[vc_row equal_height=\u00a0\u00bbyes\u00a0\u00bb][vc_column][vc_custom_heading text=\u00a0\u00bbLe triangle d&rsquo;exposition\u00a0\u00bb font_container=\u00a0\u00bbtag:h2|font_size:24|text_align:left\u00a0\u00bb use_theme_fonts=\u00a0\u00bbyes\u00a0\u00bb css=\u00a0\u00bb.vc_custom_1496416258478{margin-bottom: 15px !important;padding-top: 25px !important;padding-right: 25px !important;padding-left: 25px !important;}\u00a0\u00bb][vc_column_text css=\u00a0\u00bb.vc_custom_1518882306628{padding-right: 15px !important;padding-bottom: 25px !important;padding-left: 15px !important;}\u00a0\u00bb]<\/p>\n<p style=\"text-align: justify;\">Ce tutoriel qui fait le point sur le fameux triangle d&rsquo;exposition, va vous permettre de d\u00e9couvrir les principes fondamentaux de la photographie pour l&rsquo;utilisation d&rsquo;un appareil photo num\u00e9rique. Je vais vous guider\u00a0sur\u00a0l&rsquo;essentiel \u00e0 conna\u00eetre \u00a0pour que vous puissiez commencer \u00e0\u00a0prendre des photos en vous\u00a0faisant plaisir.<\/p>\n<p>Cet article est compl\u00e9t\u00e9 par une vid\u00e9o \u00ab\u00a0Cours Complet &#8211; L&rsquo;exposition &#8211; Le triangle d&rsquo;exposition\u00a0\u00bb enti\u00e8rement gratuite que vous pouvez t\u00e9l\u00e9charger gratuitement si vous avez rejoint ma liste de contacts privil\u00e9gi\u00e9s. Si vous n&rsquo;\u00eates pas encore inscrit sur ma liste de contacts privil\u00e9gi\u00e9s profitez en pour le faire d\u00e8s maintenant et t\u00e9l\u00e9chargez gratuitement ce cours complet et tous les prochains Cours Complets au fur et \u00e0 mesure de leur sortie. Une fois par mois vous recevrez la lettre d&rsquo;information pour \u00eatre au courant de l&rsquo;activit\u00e9 du site (qui va \u00eatre tr\u00e8s riche en mars !!!) et <strong>vous pourrez recevoir des invitations \u00e0 des workshops th\u00e9matiques gratuits. Profitez en ! <\/strong>(voir modalit\u00e9s en fin d&rsquo;article)[\/vc_column_text][\/vc_column][\/vc_row][vc_row title=\u00a0\u00bbRetrouvez la Vid\u00e9o du Tuto en fin d&rsquo;article\u00a0\u00bb add_icon=\u00a0\u00bbtrue\u00a0\u00bb i_type=\u00a0\u00bbfontawesome\u00a0\u00bb i_icon_fontawesome=\u00a0\u00bbfa fa-info-circle\u00a0\u00bb i_icon_openiconic=\u00a0\u00bbvc-oi vc-oi-dial\u00a0\u00bb i_icon_typicons=\u00a0\u00bbtypcn typcn-adjust-brightness\u00a0\u00bb i_icon_entypo=\u00a0\u00bbentypo-icon entypo-icon-note\u00a0\u00bb i_icon_linecons=\u00a0\u00bbvc_li vc_li-heart\u00a0\u00bb i_icon_monosocial=\u00a0\u00bbvc-mono vc-mono-fivehundredpx\u00a0\u00bb i_icon_material=\u00a0\u00bbvc-material vc-material-cake\u00a0\u00bb i_color=\u00a0\u00bbblack\u00a0\u00bb i_background_style=\u00a0\u00bbrounded\u00a0\u00bb i_background_color=\u00a0\u00bbcustom\u00a0\u00bb i_size=\u00a0\u00bbsm\u00a0\u00bb title_align=\u00a0\u00bbseparator_align_center\u00a0\u00bb align=\u00a0\u00bbalign_center\u00a0\u00bb color=\u00a0\u00bbchino\u00a0\u00bb style=\u00a0\u00bb\u00a0\u00bb border_width=\u00a0\u00bb3&Prime; el_width=\u00a0\u00bb\u00a0\u00bb layout=\u00a0\u00bbseparator_with_text\u00a0\u00bb i_custom_background_color=\u00a0\u00bb#dce8b1&Prime; i_custom_color=\u00a0\u00bb\u00a0\u00bb accent_color=\u00a0\u00bb\u00a0\u00bb][vc_column][vc_text_separator title=\u00a0\u00bbRetrouvez la Vid\u00e9o du Tuto en fin d&rsquo;article\u00a0\u00bb i_icon_fontawesome=\u00a0\u00bbfa fa-info-circle\u00a0\u00bb i_color=\u00a0\u00bbblack\u00a0\u00bb i_background_style=\u00a0\u00bbrounded\u00a0\u00bb i_background_color=\u00a0\u00bbcustom\u00a0\u00bb i_size=\u00a0\u00bbsm\u00a0\u00bb color=\u00a0\u00bbchino\u00a0\u00bb border_width=\u00a0\u00bb3&Prime; add_icon=\u00a0\u00bbtrue\u00a0\u00bb i_custom_background_color=\u00a0\u00bb#dce8b1&Prime;][\/vc_column][\/vc_row][vc_row][vc_column][vc_column_text]<!--more--><\/p>\n<h2 style=\"text-align: justify;\">En\u00a0pr\u00e9ambule<\/h2>\n<div id=\"attachment_12649\" style=\"width: 157px\" class=\"wp-caption alignleft\"><img decoding=\"async\" aria-describedby=\"caption-attachment-12649\" class=\" wp-image-12649\" src=\"http:\/\/danielonway.fr\/DanielOnWay\/wp-content\/uploads\/2018\/02\/Base_Boite_Cours-239x300.png\" alt=\"Cours Complet 1\" width=\"147\" height=\"185\" srcset=\"https:\/\/danielonway.fr\/DanielOnWay\/wp-content\/uploads\/2018\/02\/Base_Boite_Cours-200x251.png 200w, https:\/\/danielonway.fr\/DanielOnWay\/wp-content\/uploads\/2018\/02\/Base_Boite_Cours-239x300.png 239w, https:\/\/danielonway.fr\/DanielOnWay\/wp-content\/uploads\/2018\/02\/Base_Boite_Cours-400x503.png 400w, https:\/\/danielonway.fr\/DanielOnWay\/wp-content\/uploads\/2018\/02\/Base_Boite_Cours.png 494w\" sizes=\"(max-width: 147px) 100vw, 147px\" \/><p id=\"caption-attachment-12649\" class=\"wp-caption-text\">Cours Complet 1<\/p><\/div>\n<p style=\"text-align: justify;\">Quelque soit le site li\u00e9 au monde\u00a0de la photo, vous trouverez toujours un article ou une vid\u00e9o sur les fondamentaux de la photographie. Les bases de la photographie num\u00e9rique sont indispensables \u00e0 conna\u00eetre avant de se lancer dans la pratique de la photo. Il revient \u00e0 chacun d&rsquo;expliquer au mieux ce que sont ces fondamentaux, mais rassurez-vous, il n&rsquo;y a rien de bien complexe \u00e0 les comprendre.<\/p>\n<p>Quelque soit la mani\u00e8re d&rsquo;aborder le sujet, il n&rsquo;est pas possible de faire l&rsquo;impasse sur le <strong>triangle d&rsquo;exposition<\/strong>. En effet cette repr\u00e9sentation des trois piliers de la photographie est tout naturellement repr\u00e9sent\u00e9e par un triangle. En priorit\u00e9 il faut retenir ceci : <strong>Toute modification de l&rsquo;un des composants du triangle influe directement sur les autres : le but \u00e9tant\u00a0d&rsquo;obtenir une photo correctement expos\u00e9e, c&rsquo;est \u00e0 dire ni trop claire, ni trop fonc\u00e9e<\/strong>.<\/p>\n<hr \/>\n<h2 id=\"pasm\">Les modes PASM et le mode Auto<\/h2>\n<p>Tr\u00e8s sch\u00e9matiquement votre appareil peut faire tous les r\u00e9glages tout seul : c&rsquo;est le <strong>mode automatique ( AUTO\u00a0)<\/strong>. Si l&rsquo;on souhaite aller un peu plus loin on peut indiquer \u00e0 l&rsquo; appareil que l&rsquo;on souhaite prendre en charge quelques r\u00e9glages et dans ce cas on utilisera le <strong>mode programme ( P )<\/strong>.<\/p>\n<div id=\"attachment_2970\" style=\"width: 160px\" class=\"wp-caption alignright\"><a href=\"http:\/\/danielonway.fr\/DanielOnWay\/?attachment_id=2970\" rel=\"attachment wp-att-2968\"><img decoding=\"async\" aria-describedby=\"caption-attachment-2970\" class=\"wp-image-2970 size-thumbnail\" title=\"Les fondamentaux de la photographie : Le triangle d'exposition - Molette r\u00e9glages PASM\" src=\"http:\/\/danielonway.fr\/DanielOnWay\/wp-content\/uploads\/2017\/05\/PASM-150x144.png\" alt=\"Les fondamentaux de la photographie : Le triangle d'exposition - Molette r\u00e9glages PASM\" width=\"150\" height=\"144\" srcset=\"https:\/\/danielonway.fr\/DanielOnWay\/wp-content\/uploads\/2017\/05\/PASM-150x144.png 150w, https:\/\/danielonway.fr\/DanielOnWay\/wp-content\/uploads\/2017\/05\/PASM.png 152w\" sizes=\"(max-width: 150px) 100vw, 150px\" \/><\/a><p id=\"caption-attachment-2970\" class=\"wp-caption-text\">Molette r\u00e9glages PASM<\/p><\/div>\n<p style=\"text-align: justify;\">Un autre mode va permettre de d\u00e9cider de la vitesse d&rsquo;obturation, l&rsquo;appareil s&rsquo;occupant alors d&rsquo;ajuster les autres param\u00e8tres : c&rsquo;est le <strong>mode priorit\u00e9 vitesse ( S ou Tv )<\/strong>. Si on lui indique que l&rsquo;on souhaite g\u00e9rer le diaphragme, l&rsquo;appareil ajustera les autres r\u00e9glages tout seul : Il s&rsquo;agit du <strong>mode priorit\u00e9 ouverture ( A ou Av )<\/strong>. Il existe enfin un mode pour lequel on doit tout g\u00e9rer : il s&rsquo;agit du <strong>mode manuel ( M ). <\/strong>Sur votre appareil une molette permet de s\u00e9lectionner le mode que l&rsquo;on souhaite utiliser.<\/p>\n<p style=\"text-align: justify;\">Le sch\u00e9ma ci-dessous r\u00e9sume &#8211; ou plut\u00f4t synth\u00e9tise &#8211; en une seule image l&rsquo;ensemble de ce que nous allons voir dans cet article. Les trois composants vont vous \u00eatre d\u00e9crits en d\u00e9tail. Ne soyez donc pas inquiet si pour l&rsquo;instant ce sch\u00e9ma semble \u00eatre un peu complexe, vous verrez qu&rsquo;il n&rsquo;en est rien. Bien, alors allons-y\u00a0!<\/p>\n<div id=\"attachment_2908\" style=\"width: 624px\" class=\"wp-caption aligncenter\"><a href=\"http:\/\/danielonway.fr\/DanielOnWay\/fondamentaux-photographie-exposition\/triangle_expo\/\" rel=\"attachment wp-att-2908\"><img decoding=\"async\" aria-describedby=\"caption-attachment-2908\" class=\"wp-image-2908\" title=\"Les fondamentaux de la photographie : Le triangle d'exposition\" src=\"http:\/\/danielonway.fr\/DanielOnWay\/wp-content\/uploads\/2017\/05\/triangle_expo.png\" alt=\"Les fondamentaux de la photographie : Le triangle d'exposition\" width=\"614\" height=\"531\" srcset=\"https:\/\/danielonway.fr\/DanielOnWay\/wp-content\/uploads\/2017\/05\/triangle_expo-300x260.png 300w, https:\/\/danielonway.fr\/DanielOnWay\/wp-content\/uploads\/2017\/05\/triangle_expo-768x664.png 768w, https:\/\/danielonway.fr\/DanielOnWay\/wp-content\/uploads\/2017\/05\/triangle_expo.png 860w\" sizes=\"(max-width: 614px) 100vw, 614px\" \/><\/a><p id=\"caption-attachment-2908\" class=\"wp-caption-text\">Les fondamentaux de la photographie : Le triangle d&rsquo;exposition<\/p><\/div>\n<p>[\/vc_column_text][\/vc_column][\/vc_row][vc_row][vc_column][vc_column_text]<\/p>\n<hr \/>\n<h2>La dur\u00e9e d\u2019exposition ou vitesse d\u2019obturation<\/h2>\n<p style=\"text-align: Justify;\">C\u2019est le temps pendant lequel le capteur de l\u2019appareil photo reste expos\u00e9 \u00e0 la lumi\u00e8re. La dur\u00e9e d\u2019exposition s\u2019exprime en fractions de secondes, en secondes, voire en minutes. Plus la vitesse est grande et moins il y aura de lumi\u00e8re qui atteindra le capteur.<br \/>\nIl est d\u2019usage d\u2019utiliser l\u2019inverse de la focale en temps d\u2019ouverture, ainsi si l\u2019on prend une photo avec une focale de 100mm alors on devra utiliser un temps d\u2019exposition au moins \u00e9gal \u00e0 1\/100<sup>\u00e8me<\/sup>\u00a0 \u00a0de seconde, et pour une focale de 300mm il faudra alors au moins 1\/300<sup>\u00e8me<\/sup>\u00a0 de seconde. Gr\u00e2ce \u00e0 cette r\u00e8gle il sera possible d\u2019\u00e9viter le flou de boug\u00e9. M\u00eame si aujourd&rsquo;hui des progr\u00e8s consid\u00e9rables ont \u00e9t\u00e9 r\u00e9alis\u00e9s pour int\u00e9grer la stabilisation d&rsquo;image tant sur les objectifs que sur les boitiers, le fait d&rsquo;appliquer cette r\u00e8gle reste quand m\u00eame d&rsquo;actualit\u00e9 surtout lorsque l&rsquo;on d\u00e9bute.<\/p>\n<p style=\"text-align: Justify;\">Lorsque le temps d\u2019exposition est inf\u00e9rieur \u00e0 1\/60<sup>\u00e8me<\/sup> de secondes il devient alors indispensable de stabiliser l\u2019appareil photo avec un tr\u00e9pied.\u00a0G\u00e9n\u00e9ralement les vitesses d\u2019obturation les plus rapides sont de l\u2019ordre de 1\/8000<sup>\u00e8me<\/sup> de secondes et les plus lentes de l\u2019ordre de 30 secondes.<\/p>\n<p style=\"text-align: Justify;\">Passer d\u2019une vitesse d\u2019obturation de 1\/100<sup>\u00e8me<\/sup> de seconde \u00e0 une vitesse d\u2019obturation de 1\/200<sup>\u00e8me<\/sup> correspond \u00e0 <strong>diminuer<\/strong> le temps d&rsquo;exposition du capteur de l&rsquo;appareil photo, \u00e0 la lumi\u00e8re, par 2.\u00a0Passer d\u2019une vitesse d\u2019obturation de 1\/100<sup>\u00e8me<\/sup> de seconde \u00e0 une vitesse d\u2019obturation de 1\/50<sup>\u00e8me<\/sup> de seconde correspond \u00e0 <strong>augmenter<\/strong> l\u2019exposition \u00e0 la lumi\u00e8re du capteur par 2.\u00a0Augmenter ou diminuer l\u2019exposition du capteur par 2 signifie aussi que l\u2019on augmente ou que l\u2019on diminue l\u2019exposition de <strong>1 diaphragme. <\/strong>(c&rsquo;est le terme le plus souvent utilis\u00e9)<\/p>\n<div id=\"attachment_2940\" style=\"width: 310px\" class=\"wp-caption alignleft\"><img decoding=\"async\" aria-describedby=\"caption-attachment-2940\" class=\"wp-image-2940 size-medium\" title=\"Photo prise avec une vitesse d'obturation tr\u00e8s rapide\" src=\"http:\/\/danielonway.fr\/DanielOnWay\/wp-content\/uploads\/2017\/05\/Stop_Vitesse-300x204.jpg\" alt=\"Exemple de vitesse d'obturation rapide\" width=\"300\" height=\"204\" srcset=\"https:\/\/danielonway.fr\/DanielOnWay\/wp-content\/uploads\/2017\/05\/Stop_Vitesse-300x204.jpg 300w, https:\/\/danielonway.fr\/DanielOnWay\/wp-content\/uploads\/2017\/05\/Stop_Vitesse-768x521.jpg 768w, https:\/\/danielonway.fr\/DanielOnWay\/wp-content\/uploads\/2017\/05\/Stop_Vitesse-1024x695.jpg 1024w, https:\/\/danielonway.fr\/DanielOnWay\/wp-content\/uploads\/2017\/05\/Stop_Vitesse.jpg 4773w\" sizes=\"(max-width: 300px) 100vw, 300px\" \/><p id=\"caption-attachment-2940\" class=\"wp-caption-text\">Photo prise au 1\/1000\u00e8me<\/p><\/div>\n<p style=\"text-align: Justify;\">Une vitesse d\u2019exposition rapide va permettre de figer un mouvement\u00a0: Le sujet photographi\u00e9 sera net m\u00eame s\u2019il a \u00ab\u00a0boug\u00e9\u00a0\u00bb pendant la prise de vue. Sur cette photo prise au 1\/1000\u00e8me de seconde, j&rsquo;ai obtenu une image dans laquelle l&rsquo;eau est totalement fig\u00e9e et totalement nette.<\/p>\n<p style=\"text-align: Justify;\">Une vitesse d\u2019obturation lente permettra de r\u00e9aliser des photos en pose longue.\u00a0Le choix de la vitesse d\u2019obturation permet d\u2019\u00e9largir nos d\u00e9cisions cr\u00e9atives en rendant intentionnellement un sujet flou ou bien net. Sur cette photo prise avec une vitesse de 5 secondes, tout ce qui ne bouge pas dans la photo reste net (c&rsquo;est le cas des rochers et des pierres). Par contre pendant les 5 secondes l&rsquo;eau s&rsquo;est \u00e9coul\u00e9e et sa repr\u00e9sentation est totalement floue. Cet effet cotonneux de l&rsquo;eau est la cons\u00e9quence de la\u00a0pose longue.\u00a0Dans certains cas les poses longues peuvent durer plusieurs minutes, selon l&rsquo;effet recherch\u00e9. Ce type de photo permet d&rsquo;augmenter sa cr\u00e9ativit\u00e9 en cr\u00e9ant de somptueux effets.<\/p>\n<div id=\"attachment_2939\" style=\"width: 310px\" class=\"wp-caption alignright\"><img decoding=\"async\" aria-describedby=\"caption-attachment-2939\" class=\"wp-image-2939 size-medium\" title=\"Photo prise en pose longue\" src=\"http:\/\/danielonway.fr\/DanielOnWay\/wp-content\/uploads\/2017\/05\/Pose_Longue-300x216.jpg\" alt=\"Exemple de pose longue\" width=\"300\" height=\"216\" srcset=\"https:\/\/danielonway.fr\/DanielOnWay\/wp-content\/uploads\/2017\/05\/Pose_Longue-300x216.jpg 300w, https:\/\/danielonway.fr\/DanielOnWay\/wp-content\/uploads\/2017\/05\/Pose_Longue-768x554.jpg 768w, https:\/\/danielonway.fr\/DanielOnWay\/wp-content\/uploads\/2017\/05\/Pose_Longue-1024x739.jpg 1024w, https:\/\/danielonway.fr\/DanielOnWay\/wp-content\/uploads\/2017\/05\/Pose_Longue.jpg 5544w\" sizes=\"(max-width: 300px) 100vw, 300px\" \/><p id=\"caption-attachment-2939\" class=\"wp-caption-text\">Photo prise \u00e0 5 secondes<\/p><\/div>\n<p style=\"text-align: Justify;\">Le mode qui permet d\u2019indiquer \u00e0 l\u2019appareil photo \u00e0 quelle vitesse on souhaite\u00a0prendre la photo s\u2019appelle le <strong>mode priorit\u00e9 vitesse ( S ou Tv)<\/strong> sur la molette de r\u00e9glage de mode de votre appareil. L\u2019appareil calculera alors quelle ouverture et quelle valeur Iso (auto) il faudra pour que l\u2019image soit correctement expos\u00e9e (ni trop claire, ni trop fonc\u00e9e) en fonction de la vitesse que vous aurez s\u00e9lectionn\u00e9e.<\/p>\n<p>[\/vc_column_text][\/vc_column][\/vc_row][vc_row][vc_column][vc_column_text]<\/p>\n<hr \/>\n<h2 id=\"diaph\">L\u2019ouverture ou diaphragme<\/h2>\n<p style=\"text-align: Justify;\">L\u2019ouverture appel\u00e9e aussi diaphragme est la quantit\u00e9 de lumi\u00e8re qui traverse l\u2019objectif. Un syst\u00e8me de lamelles permet d\u2019ouvrir ou de fermer le diam\u00e8tre du diaphragme et, ce faisant, laisse passer plus ou moins de lumi\u00e8re vers le capteur de l\u2019appareil photo.<\/p>\n<div id=\"attachment_12643\" style=\"width: 310px\" class=\"wp-caption alignleft\"><img decoding=\"async\" aria-describedby=\"caption-attachment-12643\" class=\"size-medium wp-image-12643\" src=\"http:\/\/danielonway.fr\/DanielOnWay\/wp-content\/uploads\/2018\/02\/Ouverture_Diaphragme-300x163.jpg\" alt=\"Ouverture Diaphragme\" width=\"300\" height=\"163\" srcset=\"https:\/\/danielonway.fr\/DanielOnWay\/wp-content\/uploads\/2018\/02\/Ouverture_Diaphragme-200x109.jpg 200w, https:\/\/danielonway.fr\/DanielOnWay\/wp-content\/uploads\/2018\/02\/Ouverture_Diaphragme-300x163.jpg 300w, https:\/\/danielonway.fr\/DanielOnWay\/wp-content\/uploads\/2018\/02\/Ouverture_Diaphragme-400x218.jpg 400w, https:\/\/danielonway.fr\/DanielOnWay\/wp-content\/uploads\/2018\/02\/Ouverture_Diaphragme-600x326.jpg 600w, https:\/\/danielonway.fr\/DanielOnWay\/wp-content\/uploads\/2018\/02\/Ouverture_Diaphragme-768x418.jpg 768w, https:\/\/danielonway.fr\/DanielOnWay\/wp-content\/uploads\/2018\/02\/Ouverture_Diaphragme-800x435.jpg 800w, https:\/\/danielonway.fr\/DanielOnWay\/wp-content\/uploads\/2018\/02\/Ouverture_Diaphragme-1024x557.jpg 1024w, https:\/\/danielonway.fr\/DanielOnWay\/wp-content\/uploads\/2018\/02\/Ouverture_Diaphragme-1200x653.jpg 1200w, https:\/\/danielonway.fr\/DanielOnWay\/wp-content\/uploads\/2018\/02\/Ouverture_Diaphragme.jpg 2186w\" sizes=\"(max-width: 300px) 100vw, 300px\" \/><p id=\"caption-attachment-12643\" class=\"wp-caption-text\">Ouverture Diaphragme<\/p><\/div>\n<p style=\"text-align: Justify;\">Le mode qui permet d\u2019utiliser l\u2019ouverture s\u2019appelle la <strong>priorit\u00e9 \u00e0 l\u2019ouverture.<\/strong> On indique \u00e0 quelle ouverture on souhaite prendre la photo et l\u2019appareil photo calcule \u00e0 quelle vitesse il est n\u00e9cessaire de se positionner afin d\u2019obtenir une image bien expos\u00e9e.<\/p>\n<p style=\"text-align: Justify;\">On entend souvent parler du nombre f. C\u2019est en fait la notation utilis\u00e9e pour repr\u00e9senter la valeur d\u2019ouverture\u00a0: f\/8 signifie que le diaphragme est ouvert \u00e0 f:8.<\/p>\n<p style=\"text-align: Justify;\">Pour comprendre la notation il faut savoir que la s\u00e9quence des nombres d\u2019ouverture standards les plus courants sont\u00a0: f\/1\u00a0;\u00a0 f\/1,4\u00a0; f\/2\u00a0; f\/2,8\u00a0; f\/4\u00a0; f\/5,6\u00a0; f\/8\u00a0; f\/11\u00a0; f\/16\u00a0; f\/22\u00a0; f\/32<\/p>\n<p style=\"text-align: Justify;\">Chaque fois que l\u2019on passe d\u2019une valeur \u00e0 une autre on <strong>diminue<\/strong> ou on <strong>augmente<\/strong> la quantit\u00e9 de lumi\u00e8re vers le capteur <strong>par 2<\/strong>. Ainsi si l\u2019on passe de f\/8 \u00e0 f\/11 on diminue la quantit\u00e9 de lumi\u00e8re par 2, si l\u2019on passe de f\/8 \u00e0 f\/16 on diminue la quantit\u00e9 de lumi\u00e8re par 4.<\/p>\n<div id=\"attachment_2984\" style=\"width: 310px\" class=\"wp-caption alignleft\"><img decoding=\"async\" aria-describedby=\"caption-attachment-2984\" class=\"wp-image-2984 size-medium\" src=\"http:\/\/danielonway.fr\/DanielOnWay\/wp-content\/uploads\/2017\/05\/Diaph_16-300x199.jpg\" alt=\"Golfe de Bonifacio (Corse- France)\" width=\"300\" height=\"199\" srcset=\"https:\/\/danielonway.fr\/DanielOnWay\/wp-content\/uploads\/2017\/05\/Diaph_16-300x199.jpg 300w, https:\/\/danielonway.fr\/DanielOnWay\/wp-content\/uploads\/2017\/05\/Diaph_16-768x510.jpg 768w, https:\/\/danielonway.fr\/DanielOnWay\/wp-content\/uploads\/2017\/05\/Diaph_16-1024x680.jpg 1024w, https:\/\/danielonway.fr\/DanielOnWay\/wp-content\/uploads\/2017\/05\/Diaph_16.jpg 4912w\" sizes=\"(max-width: 300px) 100vw, 300px\" \/><p id=\"caption-attachment-2984\" class=\"wp-caption-text\">Golfe de Bonifacio \u00e0 f\/16<\/p><\/div>\n<p style=\"text-align: Justify;\">La principale difficult\u00e9 que l\u2019on rencontre lors de l\u2019apprentissage des valeurs de diaphragme tient au fait que plus la valeur f est grande et plus le diaphragme est ferm\u00e9. La valeur f\/2,8 repr\u00e9sente un diaphragme tr\u00e8s ouvert et f\/16 un diaphragme tr\u00e8s ferm\u00e9. De plus sur les boitiers haut de gamme ce r\u00e9glage peut se faire par \u2153 de diaphragme.<\/p>\n<div id=\"attachment_2983\" style=\"width: 210px\" class=\"wp-caption alignright\"><img decoding=\"async\" aria-describedby=\"caption-attachment-2983\" class=\"wp-image-2983 size-medium\" src=\"http:\/\/danielonway.fr\/DanielOnWay\/wp-content\/uploads\/2017\/05\/Diaph_3-5-200x300.jpg\" alt=\"Close-up sur un \u00e9pi de bl\u00e9.\" width=\"200\" height=\"300\" srcset=\"https:\/\/danielonway.fr\/DanielOnWay\/wp-content\/uploads\/2017\/05\/Diaph_3-5-200x300.jpg 200w, https:\/\/danielonway.fr\/DanielOnWay\/wp-content\/uploads\/2017\/05\/Diaph_3-5-683x1024.jpg 683w, https:\/\/danielonway.fr\/DanielOnWay\/wp-content\/uploads\/2017\/05\/Diaph_3-5-768x1152.jpg 768w, https:\/\/danielonway.fr\/DanielOnWay\/wp-content\/uploads\/2017\/05\/Diaph_3-5.jpg 2667w\" sizes=\"(max-width: 200px) 100vw, 200px\" \/><p id=\"caption-attachment-2983\" class=\"wp-caption-text\">Epi de bl\u00e9 \u00e0 f\/3,5<\/p><\/div>\n<p style=\"text-align: Justify;\">L\u2019utilit\u00e9 de choisir une valeur de diaphragme tient au fait que ce faisant on choisit \u00e9galement une profondeur de champ c\u2019est-\u00e0-dire la zone de nettet\u00e9 de l\u2019image. Plus le nombre f est petit et plus la profondeur de champ sera petite et plus le nombre f sera grand et plus la profondeur de champ sera grande.<\/p>\n<p style=\"text-align: Justify;\">Comme nous le montrent ces deux photos, le golfe de Bonifacio pris \u00e0 f\/16 permet d&rsquo;avoir une image o\u00f9 tout est net, alors que sur la photo de l&rsquo;\u00e9pi de bl\u00e9 prise \u00e0 f\/3.5 seul l&rsquo;endroit\u00a0o\u00f9 j&rsquo;ai fait la mise au point est net (l&rsquo;\u00e9pi de bl\u00e9), le reste est flou. Gr\u00e2ce \u00e0 ces param\u00e8tres vous pourrez construire des images avec la zone de nettet\u00e9 que vous souhaiterez. On verra dans un prochain tutoriel que la focale de l&rsquo;objectif a aussi une importance dans ces choix cr\u00e9atifs.<\/p>\n<p>[\/vc_column_text][\/vc_column][\/vc_row][vc_row][vc_column][vc_column_text]<\/p>\n<hr \/>\n<h2 id=\"iso\">Les ISO<\/h2>\n<h3 id=\"iso_def\">D\u00e9finition \/ Th\u00e9orie<\/h3>\n<p style=\"text-align: justify;\">Le r\u00e9glage Iso constitue la troisi\u00e8me donn\u00e9e essentielle permettant une exposition correcte avec l\u2019ouverture (diaphragme) et la vitesse d\u2019obturation (shutter speed).<br \/>\nDans la th\u00e9orie, la mesure de la sensibilit\u00e9 \u00e0 la lumi\u00e8re d\u2019une pellicule ou du capteur d\u2019un appareil photo num\u00e9rique est d\u00e9termin\u00e9e par des valeurs selon la norme ISO (Organisation Internationale de Normalisation).<br \/>\nEn photographie num\u00e9rique le r\u00e9glage des valeurs ISO\u00a0n\u2019agit pas exactement sur la sensibilit\u00e9 du capteur lui-m\u00eame mais sur l\u2019amplification du signal produit. Le signal envoy\u00e9 par le capteur est amplifi\u00e9 pour \u00eatre utilisable et cette amplification peut \u00eatre plus ou moins importante\u00a0: c\u2019est le r\u00e9glage ISO.<br \/>\nPour faire simple, une sensibilit\u00e9 de 200\u00a0ISO signifie que le capteur sera deux fois plus\u00a0sensible \u00e0 la lumi\u00e8re qu\u2019\u00e0 100\u00a0ISO.<\/p>\n<p style=\"text-align: justify;\">A 400\u00a0ISO il sera\u00a0deux fois plus sensible qu\u2019\u00e0 200 ISO et quatre fois plus\u00a0sensible qu\u2019\u00e0 100\u00a0ISO etc.<\/p>\n<div id=\"attachment_2917\" style=\"width: 310px\" class=\"wp-caption alignleft\"><img decoding=\"async\" aria-describedby=\"caption-attachment-2917\" class=\"wp-image-2917 size-medium\" src=\"http:\/\/danielonway.fr\/DanielOnWay\/wp-content\/uploads\/2017\/05\/Etalon-Iso-300x61.png\" alt=\"Comparaison Lumi\u00e8re\/Sensibilit\u00e9 du capteur\" width=\"300\" height=\"61\" srcset=\"https:\/\/danielonway.fr\/DanielOnWay\/wp-content\/uploads\/2017\/05\/Etalon-Iso-300x61.png 300w, https:\/\/danielonway.fr\/DanielOnWay\/wp-content\/uploads\/2017\/05\/Etalon-Iso.png 600w\" sizes=\"(max-width: 300px) 100vw, 300px\" \/><p id=\"caption-attachment-2917\" class=\"wp-caption-text\">Comparaison Lumi\u00e8re\/Sensibilit\u00e9 du capteur<\/p><\/div>\n<p style=\"text-align: justify;\">Sur le graphique suivant on observera que lors de la prise de vue plus la lumi\u00e8re ambiante diminue et plus on pourra compenser cette perte de\u00a0lumi\u00e8re en augmentant la\u00a0sensibilit\u00e9 ISO \u2013 (Toutes choses \u00e9tant \u00e9gales par ailleurs c\u2019est \u00e0 dire pour une m\u00eame ouverture de diaphragme et une m\u00eame vitesse d\u2019obturation).<\/p>\n<h3 id=\"iso_reg\">R\u00e9glages \/ Bases<\/h3>\n<p style=\"text-align: right;\">En\u00a0ce qui concerne les r\u00e9glages, il est souhaitable, en r\u00e8gle g\u00e9n\u00e9rale, de se placer sur des valeurs ISO faibles (100 ou 200 ISO) pour que la qualit\u00e9 de l\u2019image soit la meilleure possible. Certains appareils photo permettent m\u00eame de se positionner sur 50 ISO.<\/p>\n<p style=\"text-align: justify;\">Une sensibilit\u00e9 \u00e9lev\u00e9e, c\u2019est \u00e0 dire une valeur ISO importante sera tr\u00e8s utile lorsque les conditions de luminosit\u00e9 de la sc\u00e8ne \u00e0 photographier seront basses.<\/p>\n<p style=\"text-align: justify;\">Il est pr\u00e9f\u00e9rable de n\u2019avoir recourt \u00e0 l\u2019augmentation des ISO que dans la mesure o\u00f9 il n\u2019est pas possible de modifier les autres param\u00e8tres du triangle d\u2019exposition.<\/p>\n<p style=\"text-align: justify;\">Ce sera le cas chaque fois que la vitesse d\u2019obturation, notamment, sera inf\u00e9rieure au 1\/40\u00e8me de seconde et que, par cons\u00e9quent, le risque de flou de boug\u00e9 sera important.<br \/>\nDans la mesure o\u00f9 on ne peut modifier ni la vitesse, ni l\u2019ouverture il faudra alors envisager d\u2019augmenter les ISO jusqu\u2019au moment o\u00f9 la vitesse permettant une prise de vue sans risque de flou de boug\u00e9 sera atteinte.<\/p>\n<p style=\"text-align: justify;\">Ce probl\u00e8me pourrait \u00eatre r\u00e9solu par l\u2019utilisation d\u2019un tr\u00e9pied par exemple, ce qui nous permettrait d\u2019utiliser des vitesses d\u2019obturation tr\u00e8s faibles, mais dans la perspective o\u00f9 l\u2019on ne peut travailler qu\u2019\u00e0 main lev\u00e9e, il ne reste que la solution de monter les ISO.<\/p>\n<p style=\"text-align: justify;\">Sur la plupart des appareils photo num\u00e9rique il est aussi possible de positionner ce r\u00e9glage sur Auto.\u00a0Dans ce cas c\u2019est l\u2019appareil qui d\u00e9terminera la sensibilit\u00e9 la plus adapt\u00e9e en fonction des conditions d\u2019\u00e9clairage de la sc\u00e8ne \u00e0 photographier et des param\u00e8tres des deux autres composants du triangle d\u2019exposition (diaphragme et vitesse d\u2019obturation) de mani\u00e8re \u00e0 obtenir une image correctement expos\u00e9e.<\/p>\n<p style=\"text-align: justify;\">Cependant, sauf pour des cas bien particuliers, il est pr\u00e9f\u00e9rable de ne pas utiliser cette possibilit\u00e9. En effet, il est toujours pr\u00e9f\u00e9rable de cr\u00e9er son image en ma\u00eetrisant la totalit\u00e9 des param\u00e8tres de prise de vue.<\/p>\n<h3 id=\"iso_bruit\">Le bruit num\u00e9rique<\/h3>\n<p style=\"text-align: justify;\">M\u00eame si un r\u00e9glage des ISO sur des valeurs hautes permet la prise de vue dans des conditions de basse luminosit\u00e9, on peut facilement imaginer que comme pour le son \u2013 qui va saturer d\u00e8s que l\u2019on monte le niveau trop haut -, le fait de venir sur des valeurs ISO trop importantes va g\u00e9n\u00e9rer une d\u00e9gradation de la qualit\u00e9 de notre image.<\/p>\n<p style=\"text-align: justify;\">Cette amplification du signal g\u00e9n\u00e9r\u00e9 par le capteur a pour cons\u00e9quence la formation de \u00ab\u00a0bruit\u00a0num\u00e9rique \u00bb qui se traduit par un aspect granuleux de la photo et notamment sur les zones les plus sombres. On constatera alors une d\u00e9gradation de l\u2019image par l\u2019apparition de points blancs (on parle alors de bruit de luminance) et des points color\u00e9s (que l\u2019on appelle bruit de chrominance).<\/p>\n<p style=\"text-align: justify;\">La taille du capteur a aussi son importance. En effet plus le capteur sera grand et moins il y aura de g\u00e9n\u00e9ration de bruit.\u00a0D\u2019autres facteurs peuvent \u00eatre aussi g\u00e9n\u00e9rateurs de bruit num\u00e9rique, par exemple la mont\u00e9e en temp\u00e9rature du capteur lors de poses longues.<\/p>\n<p style=\"text-align: justify;\">Ce bruit pourra \u00eatre r\u00e9duit de deux mani\u00e8res diff\u00e9rentes :<\/p>\n<p style=\"text-align: justify;\">1 &#8211; Lors de la prise de vue sur les appareils photo qui le permettent, il est possible de s\u00e9lectionner dans le menu du boitier l\u2019option de \u00ab\u00a0r\u00e9duction du bruit ISO \u00e9lev\u00e9\u00a0\u00bb.<\/p>\n<p style=\"text-align: justify;\">2 &#8211; Lors de la post-production surtout si vous avez shoot\u00e9 votre image au format Raw.\u00a0Les r\u00e9sultats sont tr\u00e8s souvent moins bon que la r\u00e9duction de bruit lors de la prise de vue mais des outils comme Lightroom ou DXO OpticsPro par exemple offrent une solution de traitement du bruit tr\u00e8s performante.<\/p>\n<h3 id=\"iso_natif\">ISO Natifs<\/h3>\n<p style=\"text-align: justify;\">La sensibilit\u00e9 native d\u2019un appareil photo est la valeur ISO qui g\u00e9n\u00e8rera le moins de bruit num\u00e9rique.<\/p>\n<div id=\"attachment_2916\" style=\"width: 629px\" class=\"wp-caption alignright\"><img decoding=\"async\" aria-describedby=\"caption-attachment-2916\" class=\"wp-image-2916\" title=\"Iso Natif Sony Alpha 99 (DxoMark)\" src=\"http:\/\/danielonway.fr\/DanielOnWay\/wp-content\/uploads\/2017\/05\/Iso-Natif-Sony-A99.png\" alt=\"Iso Natif Sony Alpha 99 (DxoMark)\" width=\"619\" height=\"250\" srcset=\"https:\/\/danielonway.fr\/DanielOnWay\/wp-content\/uploads\/2017\/05\/Iso-Natif-Sony-A99-300x121.png 300w, https:\/\/danielonway.fr\/DanielOnWay\/wp-content\/uploads\/2017\/05\/Iso-Natif-Sony-A99-768x310.png 768w, https:\/\/danielonway.fr\/DanielOnWay\/wp-content\/uploads\/2017\/05\/Iso-Natif-Sony-A99-1024x413.png 1024w, https:\/\/danielonway.fr\/DanielOnWay\/wp-content\/uploads\/2017\/05\/Iso-Natif-Sony-A99.png 1220w\" sizes=\"(max-width: 619px) 100vw, 619px\" \/><p id=\"caption-attachment-2916\" class=\"wp-caption-text\">Iso Natif Sony Alpha 99 (DxoMark)<\/p><\/div>\n<p style=\"text-align: justify;\">Comme on le voit sur ce graphique produit par Dxo Mark pour le Sony Alpha99, afin de limiter au maximum le bruit num\u00e9rique, les fabricants calibrent la sensibilit\u00e9 ISO de mani\u00e8re \u00e0 ce que pour une valeur ISO nominale de 100 ISO par exemple, l\u2019appareil travaille en fait \u00e0 61 ISO.<br \/>\nOn remarque aussi que la valeur 6400 ISO a \u00e9t\u00e9 mesur\u00e9e en fait \u00e0 3762 ISO\u00a0et la valeur 25600 ISO est en r\u00e9alit\u00e9 14801 ISO.<br \/>\nLes valeurs sont presque divis\u00e9es par 2.\u00a0On peut penser que la course \u00e0 l\u2019appareil qui montera le plus haut dans les ISO sans g\u00e9n\u00e9rer trop de bruit rel\u00e8ve du marketing et de la politique commerciale des fabricants et ce petit subterfuge laisse \u00e0 penser que ce n\u2019est pas pr\u00eat de s\u2019arr\u00eater.<\/p>\n<h3 id=\"iso_dyn\">Incidence sur la plage dynamique<\/h3>\n<p style=\"text-align: justify;\">Quand on augmente les ISO, on diminue aussi la plage dynamique de l\u2019appareil photo. C\u2019est \u00e0 dire que l\u2019on diminue la diff\u00e9rence entre les tons les plus clairs et les tons les plus sombres, l\u2019image aura alors l\u2019air plus plate, plus fade, moins contrast\u00e9e.<\/p>\n<h3 id=\"iso_prat\">Utilisation \/ En Pratique<\/h3>\n<p style=\"text-align: justify;\">En\u00a0pratique un r\u00e9glage \u00e0 100 ISO permet une prise de vue par temps clair ensoleill\u00e9. Certains appareils photo permettent m\u00eame un r\u00e9glage \u00e0 50 ISO.\u00a0En dehors de ce r\u00e9glage de base, les r\u00e9glages les plus utilis\u00e9s sont 200, 400 voire 800 ISO.\u00a0Si le temps est nuageux on utilisera alors 200 ISO et 400 ISO si le temps est un peu plus gris.\u00a0400 et 800 ISO s\u2019utilisent aussi en int\u00e9rieur lorsque les conditions de luminosit\u00e9 sont tr\u00e8s faibles, de la p\u00e9nombre \u00e0 la lueur d\u2019une bougie.<\/p>\n<p style=\"text-align: justify;\">Au-del\u00e0 de ces valeurs c\u2019est \u00e0 dire 1600, 3200 ISO et plus, leur utilisation est \u00e0 r\u00e9server pour des photos de nuit et dans la mesure o\u00f9 l\u2019on ne peut pas stabiliser l\u2019appareil avec un tr\u00e9pied ou un autre support.<\/p>\n<p style=\"text-align: justify;\">Les appareils photo haut de gamme sont en mesure de g\u00e9rer ces valeurs ISO \u00e9lev\u00e9es sans g\u00e9n\u00e9rer un taux de bruit trop important et souvent m\u00eame au-del\u00e0 de ces valeurs (6400, 12800 et +).\u00a0De plus ce type d\u2019appareil permet de g\u00e9rer les ISO par pas d\u2019un tiers d\u2019IL (Indice de lumination). On notera que les trois appellations suivantes signifient la m\u00eame chose IL (indice de lumination) = EV ( Exposure Value) = Diaphragme.<\/p>\n<p style=\"text-align: left;\">Il sera alors possible de monter de 100 ISO \u00e0 200 ISO par pas successifs de 100, 125, 160 et 200 ISO puis 250 et 320 ISO pour passer de 200 \u00e0 400 ISO et ainsi de suite jusqu\u2019\u00e0 25600 ISO voire encore plus sur certains mod\u00e8les.<\/p>\n<p style=\"text-align: justify;\">Pour conna\u00eetre les capacit\u00e9s de votre appareil \u00e0 g\u00e9rer les ISO et conna\u00eetre la limite acceptable de bruit num\u00e9rique que g\u00e9n\u00e8re votre mat\u00e9riel, il faut se rendre sur le terrain.\u00a0On r\u00e9alise alors une s\u00e9rie de clich\u00e9s de la m\u00eame sc\u00e8ne en incr\u00e9mentant la valeur ISO pour chacune des prises.\u00a0Apr\u00e8s analyse de chacun de vos clich\u00e9s vous serez alors en mesure de d\u00e9terminer jusqu\u2019\u00e0 quelle valeur ISO vous pouvez aller avec votre mat\u00e9riel pour que l\u2019image <strong>VOUS<\/strong> convienne.<br \/>\nCertains n\u2019accepteront aucun compromis quant \u00e0 la qualit\u00e9 de leur image, d\u2019autres laisseront un l\u00e9ger bruit sur leur clich\u00e9 sans que cela ne les d\u00e9range.<br \/>\nC\u2019est affaire de go\u00fbt personnel et chacun d\u2019entre nous r\u00e9agit diff\u00e9remment sur le sujet.<\/p>\n<p style=\"text-align: justify;\">Je vous propose d&rsquo;analyser les diff\u00e9rentes prises de vue que j\u2019ai r\u00e9alis\u00e9 pour illustrer la mont\u00e9e de bruit lorsqu\u2019on utilise des valeurs ISO \u00e9lev\u00e9es.<\/p>\n<p>[\/vc_column_text][\/vc_column][\/vc_row][vc_row][vc_column width=\u00a0\u00bb1\/2&Prime;][vc_single_image image=\u00a0\u00bb2928&Prime; img_size=\u00a0\u00bbmedium\u00a0\u00bb add_caption=\u00a0\u00bbyes\u00a0\u00bb alignment=\u00a0\u00bbcenter\u00a0\u00bb onclick=\u00a0\u00bblink_image\u00a0\u00bb][\/vc_column][vc_column width=\u00a0\u00bb1\/2&Prime;][vc_single_image image=\u00a0\u00bb2927&Prime; img_size=\u00a0\u00bbmedium\u00a0\u00bb add_caption=\u00a0\u00bbyes\u00a0\u00bb alignment=\u00a0\u00bbcenter\u00a0\u00bb onclick=\u00a0\u00bblink_image\u00a0\u00bb][\/vc_column][\/vc_row][vc_row][vc_column width=\u00a0\u00bb1\/2&Prime;][vc_single_image image=\u00a0\u00bb2926&Prime; img_size=\u00a0\u00bbmedium\u00a0\u00bb add_caption=\u00a0\u00bbyes\u00a0\u00bb alignment=\u00a0\u00bbcenter\u00a0\u00bb onclick=\u00a0\u00bblink_image\u00a0\u00bb][\/vc_column][vc_column width=\u00a0\u00bb1\/2&Prime;][vc_single_image image=\u00a0\u00bb2925&Prime; img_size=\u00a0\u00bbmedium\u00a0\u00bb add_caption=\u00a0\u00bbyes\u00a0\u00bb alignment=\u00a0\u00bbcenter\u00a0\u00bb onclick=\u00a0\u00bblink_image\u00a0\u00bb][\/vc_column][\/vc_row][vc_row][vc_column width=\u00a0\u00bb1\/2&Prime;][vc_single_image image=\u00a0\u00bb2924&Prime; img_size=\u00a0\u00bbmedium\u00a0\u00bb add_caption=\u00a0\u00bbyes\u00a0\u00bb alignment=\u00a0\u00bbcenter\u00a0\u00bb onclick=\u00a0\u00bblink_image\u00a0\u00bb][\/vc_column][vc_column width=\u00a0\u00bb1\/2&Prime;][vc_single_image image=\u00a0\u00bb2923&Prime; img_size=\u00a0\u00bbmedium\u00a0\u00bb add_caption=\u00a0\u00bbyes\u00a0\u00bb alignment=\u00a0\u00bbcenter\u00a0\u00bb onclick=\u00a0\u00bblink_image\u00a0\u00bb][\/vc_column][\/vc_row][vc_row][vc_column width=\u00a0\u00bb1\/2&Prime;][vc_single_image image=\u00a0\u00bb2922&Prime; img_size=\u00a0\u00bbmedium\u00a0\u00bb add_caption=\u00a0\u00bbyes\u00a0\u00bb alignment=\u00a0\u00bbcenter\u00a0\u00bb onclick=\u00a0\u00bblink_image\u00a0\u00bb][\/vc_column][vc_column width=\u00a0\u00bb1\/2&Prime;][vc_single_image image=\u00a0\u00bb2921&Prime; img_size=\u00a0\u00bbmedium\u00a0\u00bb add_caption=\u00a0\u00bbyes\u00a0\u00bb alignment=\u00a0\u00bbcenter\u00a0\u00bb onclick=\u00a0\u00bblink_image\u00a0\u00bb][\/vc_column][\/vc_row][vc_row][vc_column][vc_single_image image=\u00a0\u00bb2920&Prime; img_size=\u00a0\u00bblarge\u00a0\u00bb add_caption=\u00a0\u00bbyes\u00a0\u00bb alignment=\u00a0\u00bbcenter\u00a0\u00bb onclick=\u00a0\u00bblink_image\u00a0\u00bb title=\u00a0\u00bbLe bruit num\u00e9rique est totalement r\u00e9dhibitoire.\u00a0\u00bb][vc_single_image image=\u00a0\u00bb2960&Prime; img_size=\u00a0\u00bblarge\u00a0\u00bb add_caption=\u00a0\u00bbyes\u00a0\u00bb alignment=\u00a0\u00bbcenter\u00a0\u00bb onclick=\u00a0\u00bblink_image\u00a0\u00bb][\/vc_column][\/vc_row][vc_row][vc_column][vc_column_text]<\/p>\n<p style=\"text-align: justify;\">Il apparait clairement sur cette derni\u00e8re image que le bruit num\u00e9rique peut rendre des photos inexploitables. Principalement pr\u00e9sent dans les zones sombres de l&rsquo;image, il d\u00e9nature quand m\u00eame l&rsquo;int\u00e9gralit\u00e9 de l&rsquo;image. Dans les exemples suivants &#8211; et c&rsquo;est valable pour bon nombre de boitier &#8211; il faut rester raisonnable sur les Iso. A partir de 6400 Iso la d\u00e9gradation commence \u00e0 \u00eatre perceptible. Mais comme je l&rsquo;ai d\u00e9j\u00e0 dis cela d\u00e9pend de votre propre jugement et cela n&rsquo;appartient qu&rsquo;\u00e0 vous.<\/p>\n<hr \/>\n<h2 id=\"Concl\">En conclusion<\/h2>\n<p style=\"text-align: justify;\">Voil\u00e0 ce premier tutoriel sur les fondamentaux de la photographie : Le triangle d&rsquo;exposition se termine. J&rsquo;ai fait en sorte de rester tr\u00e8s g\u00e9n\u00e9ral pour essayer d&rsquo;\u00eatre le plus clair possible et ne garder que l&rsquo;essentiel. D&rsquo;autres tutoriels aborderont de mani\u00e8re plus d\u00e9taill\u00e9e certains des aspects que\u00a0je n&rsquo;ai pas abord\u00e9 ici. Une fois ces premi\u00e8res notions comprises, il reste une chose \u00e0 faire tr\u00e8s importante &#8211; peut-\u00eatre m\u00eame la plus importante &#8211; <strong>prenez votre appareil et allez faire de la photo<\/strong>. Testez les diff\u00e9rents r\u00e9glages que l&rsquo;on a abord\u00e9 dans ce tuto. Regardez ce qui se passe si vous changez le diaphragme, que se passe-t-il si vous modifiez la vitesse ? etc.<\/p>\n<p style=\"text-align: justify;\">Conservez ces images et regardez les une fois rentr\u00e9 \u00e0 la maison. Tous les clich\u00e9s que vous avez pris sont autant de connaissances que vous allez engranger. Vous allez gagner en exp\u00e9rience. Ensuite, quand le triangle d&rsquo;exposition n&rsquo;aura plus de secret pour vous, alors nous pourrons d\u00e9couvrir ensemble toutes les subtilit\u00e9s qui feront que, de plus en plus, photographier deviendra un vrai plaisir.<\/p>\n<p>N\u2019h\u00e9sitez pas \u00e0 me faire part de vos commentaires sur le sujet, me dire comment vous proc\u00e9dez, quelle est votre propre m\u00e9thode, est ce que cet article vous a \u00e9t\u00e9 utile, bref n\u2019h\u00e9sitez pas \u00e0 enrichir le dialogue.<\/p>\n<p>Rejoignez ma liste de contacts directement sur le <a href=\"http:\/\/danielonway.fr\/DanielOnWay\/liste-contact\/\" target=\"_blank\" rel=\"noopener noreferrer\">site DanielOnWay.fr<\/a> pour \u00eatre au courant de la vie du site et de ses r\u00e9seaux sociaux, <a href=\"http:\/\/danielonway.fr\/DanielOnWay\/liste-contact\/\" target=\"_blank\" rel=\"noopener noreferrer\">le lien est ici.<\/a><\/p>\n<p><strong>Et en attendant faites des photos !<\/strong>[\/vc_column_text][vc_column_text]Date de premi\u00e8re publication : 19 mai 2017<\/p>\n<hr \/>\n<div id=\"attachment_12649\" style=\"width: 173px\" class=\"wp-caption alignleft\"><img decoding=\"async\" aria-describedby=\"caption-attachment-12649\" class=\"wp-image-12649\" src=\"http:\/\/danielonway.fr\/DanielOnWay\/wp-content\/uploads\/2018\/02\/Base_Boite_Cours-239x300.png\" alt=\"Cours Complet 1\" width=\"163\" height=\"205\" srcset=\"https:\/\/danielonway.fr\/DanielOnWay\/wp-content\/uploads\/2018\/02\/Base_Boite_Cours-200x251.png 200w, https:\/\/danielonway.fr\/DanielOnWay\/wp-content\/uploads\/2018\/02\/Base_Boite_Cours-239x300.png 239w, https:\/\/danielonway.fr\/DanielOnWay\/wp-content\/uploads\/2018\/02\/Base_Boite_Cours-400x503.png 400w, https:\/\/danielonway.fr\/DanielOnWay\/wp-content\/uploads\/2018\/02\/Base_Boite_Cours.png 494w\" sizes=\"(max-width: 163px) 100vw, 163px\" \/><p id=\"caption-attachment-12649\" class=\"wp-caption-text\">Cours Complet &#8211; L&rsquo;exposition &#8211; Le triangle d&rsquo;exposition<\/p><\/div>\n<h2>Modalit\u00e9s pour recevoir le Cours Complet Gratuitement<\/h2>\n<p>Cet article est compl\u00e9t\u00e9 par une vid\u00e9o \u00ab\u00a0Cours Complet &#8211; L&rsquo;exposition &#8211; Le triangle d&rsquo;exposition\u00a0\u00bb enti\u00e8rement gratuite que vous pouvez t\u00e9l\u00e9charger gratuitement si vous avez rejoint ma liste de contacts privil\u00e9gi\u00e9s. Si vous n&rsquo;\u00eates pas encore inscrit sur ma liste de contacts privil\u00e9gi\u00e9s profitez en pour le faire d\u00e8s maintenant et t\u00e9l\u00e9chargez gratuitement ce cours complet et tous les prochains Cours Complets au fur et \u00e0 mesure de leur sortie. Une fois par mois vous recevrez la lettre d&rsquo;information pour \u00eatre au courant de l&rsquo;activit\u00e9 du site (qui va \u00eatre tr\u00e8s riche en mars !!!) et <strong>vous pourrez recevoir des invitations \u00e0 des workshops th\u00e9matiques gratuits. Profitez en !\u00a0<\/strong><\/p>\n<p>Pour recevoir le lien vers le t\u00e9l\u00e9chargement gratuit du \u00ab\u00a0Cours Complet &#8211; L&rsquo;exposition &#8211; Le triangle d&rsquo;exposition\u00a0\u00bb, mettez un commentaire en bas de cet article et sp\u00e9cifiez que vous souhaitez recevoir le lien pour t\u00e9l\u00e9charger gratuitement le cours en vid\u00e9o. Vous recevrez alors \u00a0un mail contenant le lien du t\u00e9l\u00e9chargement.<\/p>\n<p>N&rsquo;ayez aucune h\u00e9sitation tout est totalement gratuit. A bient\u00f4t en vid\u00e9o.<\/p>\n<p>&nbsp;<\/p>\n<p>[\/vc_column_text][\/vc_column][\/vc_row][vc_row icon_animation=\u00a0\u00bb\u00a0\u00bb title=\u00a0\u00bbL&rsquo;article en Vid\u00e9o\u00a0\u00bb read_more=\u00a0\u00bbnone\u00a0\u00bb link=\u00a0\u00bb\u00a0\u00bb read_text=\u00a0\u00bbRead More\u00a0\u00bb hover_effect=\u00a0\u00bbstyle_1&Prime; pos=\u00a0\u00bbleft\u00a0\u00bb box_min_height=\u00a0\u00bb\u00a0\u00bb box_border_style=\u00a0\u00bb\u00a0\u00bb box_border_width=\u00a0\u00bb\u00a0\u00bb box_border_color=\u00a0\u00bb\u00a0\u00bb box_bg_color=\u00a0\u00bb\u00a0\u00bb title_text_typography=\u00a0\u00bb\u00a0\u00bb heading_tag=\u00a0\u00bbh3&Prime; title_font=\u00a0\u00bb\u00a0\u00bb title_font_style=\u00a0\u00bb\u00a0\u00bb desc_text_typography=\u00a0\u00bb\u00a0\u00bb desc_font=\u00a0\u00bb\u00a0\u00bb desc_font_style=\u00a0\u00bb\u00a0\u00bb title_font_size=\u00a0\u00bb\u00a0\u00bb title_font_line_height=\u00a0\u00bb\u00a0\u00bb title_font_color=\u00a0\u00bb\u00a0\u00bb desc_font_size=\u00a0\u00bb\u00a0\u00bb desc_font_line_height=\u00a0\u00bb\u00a0\u00bb desc_font_color=\u00a0\u00bb\u00a0\u00bb css_info_box=\u00a0\u00bb\u00a0\u00bb][vc_column][bsf-info-box icon=\u00a0\u00bbDefaults-film\u00a0\u00bb icon_size=\u00a0\u00bb32&Prime; icon_color=\u00a0\u00bb#000000&Prime; icon_style=\u00a0\u00bbcircle\u00a0\u00bb icon_color_bg=\u00a0\u00bb#dce8b1&Prime; title=\u00a0\u00bbL&rsquo;article en Vid\u00e9o\u00a0\u00bb pos=\u00a0\u00bbleft\u00a0\u00bb][\/bsf-info-box][vc_column_text]<iframe src=\"https:\/\/www.youtube.com\/embed\/V3PZffiQV_A\" width=\"560\" height=\"315\" frameborder=\"0\" allowfullscreen=\"allowfullscreen\"><\/iframe>[\/vc_column_text][\/vc_column][\/vc_row]<\/p>\n","protected":false},"excerpt":{"rendered":"<p>Ce tutoriel sur le fameux triangle d&rsquo;exposition va vous permettre de d\u00e9couvrir les principes fondamentaux de la photographie pour l&rsquo;utilisation d&rsquo;un appareil photo num\u00e9rique. Je vais vous guider sur l&rsquo;essentiel \u00e0 conna\u00eetre, juste l&rsquo;essentiel pour que vous puissiez commencer \u00e0 prendre des photos en vous faisant plaisir.<\/p>\n","protected":false},"author":9,"featured_media":12649,"comment_status":"closed","ping_status":"closed","sticky":false,"template":"","format":"standard","meta":{"footnotes":""},"categories":[164,93],"tags":[127,125,129,119,116,128,120,107,130,126],"class_list":["post-12641","post","type-post","status-publish","format-standard","has-post-thumbnail","hentry","category-fondamentaux_photographie","category-tutoriel","tag-diaphragme","tag-duree-dexposition","tag-fondamentaux-de-la-photographie","tag-formation","tag-livre","tag-ouverture","tag-photographie","tag-sensibilite-iso","tag-triangle-dexposition","tag-vitesse-dobturation"],"yoast_head":"<!-- This site is optimized with the Yoast SEO plugin v27.3 - https:\/\/yoast.com\/product\/yoast-seo-wordpress\/ -->\n<title>Cours Complet en Vid\u00e9o : Les fondamentaux de la photographie : Le triangle d&#039;exposition<\/title>\n<meta name=\"description\" content=\"Tutoriel sur les fondamentaux de la photographie dans lequel sont abord\u00e9es les notions de triangle d&#039;exposition : vitesse, diaphragme, Iso.\" \/>\n<meta name=\"robots\" content=\"index, follow, max-snippet:-1, max-image-preview:large, max-video-preview:-1\" \/>\n<link rel=\"canonical\" href=\"https:\/\/danielonway.fr\/DanielOnWay\/fondamentaux-photographie-triangle-exposition-cours-complet\/\" \/>\n<meta property=\"og:locale\" content=\"fr_FR\" \/>\n<meta property=\"og:type\" content=\"article\" \/>\n<meta property=\"og:title\" content=\"Cours Complet en Vid\u00e9o : Les fondamentaux de la photographie : Le triangle d&#039;exposition\" \/>\n<meta property=\"og:description\" content=\"Tutoriel sur les fondamentaux de la photographie dans lequel sont abord\u00e9es les notions de triangle d&#039;exposition : vitesse, diaphragme, Iso.\" \/>\n<meta property=\"og:url\" content=\"https:\/\/danielonway.fr\/DanielOnWay\/fondamentaux-photographie-triangle-exposition-cours-complet\/\" \/>\n<meta property=\"og:site_name\" content=\"DanielOnWay - Photographie - Vid\u00e9o - Drone\" \/>\n<meta property=\"article:publisher\" content=\"https:\/\/www.facebook.com\/danielonway\" \/>\n<meta property=\"article:author\" content=\"https:\/\/www.facebook.com\/danielonway\" \/>\n<meta property=\"article:published_time\" content=\"2018-02-18T09:00:39+00:00\" \/>\n<meta property=\"article:modified_time\" content=\"2020-02-12T08:47:23+00:00\" \/>\n<meta property=\"og:image\" content=\"https:\/\/danielonway.fr\/DanielOnWay\/wp-content\/uploads\/2017\/05\/1024px-Lenses_with_different_apetures.png\" \/>\n\t<meta property=\"og:image:width\" content=\"840\" \/>\n\t<meta property=\"og:image:height\" content=\"625\" \/>\n\t<meta property=\"og:image:type\" content=\"image\/png\" \/>\n<meta name=\"author\" content=\"Daniel BRUCHET\" \/>\n<meta name=\"twitter:card\" content=\"summary_large_image\" \/>\n<meta name=\"twitter:image\" content=\"http:\/\/danielonway.fr\/DanielOnWay\/wp-content\/uploads\/2017\/05\/PASM.png\" \/>\n<meta name=\"twitter:creator\" content=\"@danielonway\" \/>\n<meta name=\"twitter:site\" content=\"@danielonway\" \/>\n<meta name=\"twitter:label1\" content=\"\u00c9crit par\" \/>\n\t<meta name=\"twitter:data1\" content=\"Daniel BRUCHET\" \/>\n\t<meta name=\"twitter:label2\" content=\"Dur\u00e9e de lecture estim\u00e9e\" \/>\n\t<meta name=\"twitter:data2\" content=\"22 minutes\" \/>\n<script type=\"application\/ld+json\" class=\"yoast-schema-graph\">{\"@context\":\"https:\\\/\\\/schema.org\",\"@graph\":[{\"@type\":\"Article\",\"@id\":\"https:\\\/\\\/danielonway.fr\\\/DanielOnWay\\\/fondamentaux-photographie-triangle-exposition-cours-complet\\\/#article\",\"isPartOf\":{\"@id\":\"https:\\\/\\\/danielonway.fr\\\/DanielOnWay\\\/fondamentaux-photographie-triangle-exposition-cours-complet\\\/\"},\"author\":{\"name\":\"Daniel BRUCHET\",\"@id\":\"https:\\\/\\\/danielonway.fr\\\/DanielOnWay\\\/#\\\/schema\\\/person\\\/4dab8f3634b87c1f28ae709f14913856\"},\"headline\":\"Cours Complet en Vid\u00e9o : Les fondamentaux de la photographie : Le triangle d&rsquo;exposition\",\"datePublished\":\"2018-02-18T09:00:39+00:00\",\"dateModified\":\"2020-02-12T08:47:23+00:00\",\"mainEntityOfPage\":{\"@id\":\"https:\\\/\\\/danielonway.fr\\\/DanielOnWay\\\/fondamentaux-photographie-triangle-exposition-cours-complet\\\/\"},\"wordCount\":4439,\"publisher\":{\"@id\":\"https:\\\/\\\/danielonway.fr\\\/DanielOnWay\\\/#\\\/schema\\\/person\\\/4dab8f3634b87c1f28ae709f14913856\"},\"image\":{\"@id\":\"https:\\\/\\\/danielonway.fr\\\/DanielOnWay\\\/fondamentaux-photographie-triangle-exposition-cours-complet\\\/#primaryimage\"},\"thumbnailUrl\":\"https:\\\/\\\/danielonway.fr\\\/DanielOnWay\\\/wp-content\\\/uploads\\\/2018\\\/02\\\/Base_Boite_Cours.png\",\"keywords\":[\"diaphragme\",\"dur\u00e9e d'exposition\",\"fondamentaux de la photographie\",\"formation\",\"livre\",\"ouverture\",\"photographie\",\"sensibilit\u00e9 ISO\",\"triangle d'exposition\",\"vitesse d'obturation\"],\"articleSection\":[\"Fondamentaux de la Photographie\",\"Tutoriel\"],\"inLanguage\":\"fr-FR\"},{\"@type\":\"WebPage\",\"@id\":\"https:\\\/\\\/danielonway.fr\\\/DanielOnWay\\\/fondamentaux-photographie-triangle-exposition-cours-complet\\\/\",\"url\":\"https:\\\/\\\/danielonway.fr\\\/DanielOnWay\\\/fondamentaux-photographie-triangle-exposition-cours-complet\\\/\",\"name\":\"Cours Complet en Vid\u00e9o : Les fondamentaux de la photographie : Le triangle d'exposition\",\"isPartOf\":{\"@id\":\"https:\\\/\\\/danielonway.fr\\\/DanielOnWay\\\/#website\"},\"primaryImageOfPage\":{\"@id\":\"https:\\\/\\\/danielonway.fr\\\/DanielOnWay\\\/fondamentaux-photographie-triangle-exposition-cours-complet\\\/#primaryimage\"},\"image\":{\"@id\":\"https:\\\/\\\/danielonway.fr\\\/DanielOnWay\\\/fondamentaux-photographie-triangle-exposition-cours-complet\\\/#primaryimage\"},\"thumbnailUrl\":\"https:\\\/\\\/danielonway.fr\\\/DanielOnWay\\\/wp-content\\\/uploads\\\/2018\\\/02\\\/Base_Boite_Cours.png\",\"datePublished\":\"2018-02-18T09:00:39+00:00\",\"dateModified\":\"2020-02-12T08:47:23+00:00\",\"description\":\"Tutoriel sur les fondamentaux de la photographie dans lequel sont abord\u00e9es les notions de triangle d'exposition : vitesse, diaphragme, Iso.\",\"breadcrumb\":{\"@id\":\"https:\\\/\\\/danielonway.fr\\\/DanielOnWay\\\/fondamentaux-photographie-triangle-exposition-cours-complet\\\/#breadcrumb\"},\"inLanguage\":\"fr-FR\",\"potentialAction\":[{\"@type\":\"ReadAction\",\"target\":[\"https:\\\/\\\/danielonway.fr\\\/DanielOnWay\\\/fondamentaux-photographie-triangle-exposition-cours-complet\\\/\"]}]},{\"@type\":\"ImageObject\",\"inLanguage\":\"fr-FR\",\"@id\":\"https:\\\/\\\/danielonway.fr\\\/DanielOnWay\\\/fondamentaux-photographie-triangle-exposition-cours-complet\\\/#primaryimage\",\"url\":\"https:\\\/\\\/danielonway.fr\\\/DanielOnWay\\\/wp-content\\\/uploads\\\/2018\\\/02\\\/Base_Boite_Cours.png\",\"contentUrl\":\"https:\\\/\\\/danielonway.fr\\\/DanielOnWay\\\/wp-content\\\/uploads\\\/2018\\\/02\\\/Base_Boite_Cours.png\",\"width\":494,\"height\":621,\"caption\":\"Cours Complet 1\"},{\"@type\":\"BreadcrumbList\",\"@id\":\"https:\\\/\\\/danielonway.fr\\\/DanielOnWay\\\/fondamentaux-photographie-triangle-exposition-cours-complet\\\/#breadcrumb\",\"itemListElement\":[{\"@type\":\"ListItem\",\"position\":1,\"name\":\"Accueil\",\"item\":\"https:\\\/\\\/danielonway.fr\\\/DanielOnWay\\\/\"},{\"@type\":\"ListItem\",\"position\":2,\"name\":\"Fondamentaux de la Photographie\",\"item\":\"https:\\\/\\\/danielonway.fr\\\/DanielOnWay\\\/cat\u00e9gorie\\\/fondamentaux_photographie\\\/\"},{\"@type\":\"ListItem\",\"position\":3,\"name\":\"Cours Complet en Vid\u00e9o : Les fondamentaux de la photographie : Le triangle d&rsquo;exposition\"}]},{\"@type\":\"WebSite\",\"@id\":\"https:\\\/\\\/danielonway.fr\\\/DanielOnWay\\\/#website\",\"url\":\"https:\\\/\\\/danielonway.fr\\\/DanielOnWay\\\/\",\"name\":\"DanielOnWay - Photographie - Vid\u00e9o - Drone\",\"description\":\"Photographie, Vid\u00e9o, Drone\",\"publisher\":{\"@id\":\"https:\\\/\\\/danielonway.fr\\\/DanielOnWay\\\/#\\\/schema\\\/person\\\/4dab8f3634b87c1f28ae709f14913856\"},\"potentialAction\":[{\"@type\":\"SearchAction\",\"target\":{\"@type\":\"EntryPoint\",\"urlTemplate\":\"https:\\\/\\\/danielonway.fr\\\/DanielOnWay\\\/?s={search_term_string}\"},\"query-input\":{\"@type\":\"PropertyValueSpecification\",\"valueRequired\":true,\"valueName\":\"search_term_string\"}}],\"inLanguage\":\"fr-FR\"},{\"@type\":[\"Person\",\"Organization\"],\"@id\":\"https:\\\/\\\/danielonway.fr\\\/DanielOnWay\\\/#\\\/schema\\\/person\\\/4dab8f3634b87c1f28ae709f14913856\",\"name\":\"Daniel BRUCHET\",\"image\":{\"@type\":\"ImageObject\",\"inLanguage\":\"fr-FR\",\"@id\":\"https:\\\/\\\/secure.gravatar.com\\\/avatar\\\/b0a60aec63b56e01b36ba7272efcfe1d156a9050fefa7813e995efe51b9a02b3?s=96&d=mm&r=g\",\"url\":\"https:\\\/\\\/secure.gravatar.com\\\/avatar\\\/b0a60aec63b56e01b36ba7272efcfe1d156a9050fefa7813e995efe51b9a02b3?s=96&d=mm&r=g\",\"contentUrl\":\"https:\\\/\\\/secure.gravatar.com\\\/avatar\\\/b0a60aec63b56e01b36ba7272efcfe1d156a9050fefa7813e995efe51b9a02b3?s=96&d=mm&r=g\",\"caption\":\"Daniel BRUCHET\"},\"logo\":{\"@id\":\"https:\\\/\\\/secure.gravatar.com\\\/avatar\\\/b0a60aec63b56e01b36ba7272efcfe1d156a9050fefa7813e995efe51b9a02b3?s=96&d=mm&r=g\"},\"description\":\"Administrateur Systeme - Principal r\u00e9dacteur\",\"sameAs\":[\"http:\\\/\\\/www.danielonway.fr\",\"https:\\\/\\\/www.facebook.com\\\/danielonway\",\"https:\\\/\\\/www.instagram.com\\\/danielonway.fr\\\/\",\"https:\\\/\\\/x.com\\\/danielonway\"],\"url\":\"https:\\\/\\\/danielonway.fr\\\/DanielOnWay\\\/author\\\/danielb\\\/\"}]}<\/script>\n<!-- \/ Yoast SEO plugin. -->","yoast_head_json":{"title":"Cours Complet en Vid\u00e9o : Les fondamentaux de la photographie : Le triangle d'exposition","description":"Tutoriel sur les fondamentaux de la photographie dans lequel sont abord\u00e9es les notions de triangle d'exposition : vitesse, diaphragme, Iso.","robots":{"index":"index","follow":"follow","max-snippet":"max-snippet:-1","max-image-preview":"max-image-preview:large","max-video-preview":"max-video-preview:-1"},"canonical":"https:\/\/danielonway.fr\/DanielOnWay\/fondamentaux-photographie-triangle-exposition-cours-complet\/","og_locale":"fr_FR","og_type":"article","og_title":"Cours Complet en Vid\u00e9o : Les fondamentaux de la photographie : Le triangle d'exposition","og_description":"Tutoriel sur les fondamentaux de la photographie dans lequel sont abord\u00e9es les notions de triangle d'exposition : vitesse, diaphragme, Iso.","og_url":"https:\/\/danielonway.fr\/DanielOnWay\/fondamentaux-photographie-triangle-exposition-cours-complet\/","og_site_name":"DanielOnWay - Photographie - Vid\u00e9o - Drone","article_publisher":"https:\/\/www.facebook.com\/danielonway","article_author":"https:\/\/www.facebook.com\/danielonway","article_published_time":"2018-02-18T09:00:39+00:00","article_modified_time":"2020-02-12T08:47:23+00:00","og_image":[{"width":840,"height":625,"url":"https:\/\/danielonway.fr\/DanielOnWay\/wp-content\/uploads\/2017\/05\/1024px-Lenses_with_different_apetures.png","type":"image\/png"}],"author":"Daniel BRUCHET","twitter_card":"summary_large_image","twitter_image":"http:\/\/danielonway.fr\/DanielOnWay\/wp-content\/uploads\/2017\/05\/PASM.png","twitter_creator":"@danielonway","twitter_site":"@danielonway","twitter_misc":{"\u00c9crit par":"Daniel BRUCHET","Dur\u00e9e de lecture estim\u00e9e":"22 minutes"},"schema":{"@context":"https:\/\/schema.org","@graph":[{"@type":"Article","@id":"https:\/\/danielonway.fr\/DanielOnWay\/fondamentaux-photographie-triangle-exposition-cours-complet\/#article","isPartOf":{"@id":"https:\/\/danielonway.fr\/DanielOnWay\/fondamentaux-photographie-triangle-exposition-cours-complet\/"},"author":{"name":"Daniel BRUCHET","@id":"https:\/\/danielonway.fr\/DanielOnWay\/#\/schema\/person\/4dab8f3634b87c1f28ae709f14913856"},"headline":"Cours Complet en Vid\u00e9o : Les fondamentaux de la photographie : Le triangle d&rsquo;exposition","datePublished":"2018-02-18T09:00:39+00:00","dateModified":"2020-02-12T08:47:23+00:00","mainEntityOfPage":{"@id":"https:\/\/danielonway.fr\/DanielOnWay\/fondamentaux-photographie-triangle-exposition-cours-complet\/"},"wordCount":4439,"publisher":{"@id":"https:\/\/danielonway.fr\/DanielOnWay\/#\/schema\/person\/4dab8f3634b87c1f28ae709f14913856"},"image":{"@id":"https:\/\/danielonway.fr\/DanielOnWay\/fondamentaux-photographie-triangle-exposition-cours-complet\/#primaryimage"},"thumbnailUrl":"https:\/\/danielonway.fr\/DanielOnWay\/wp-content\/uploads\/2018\/02\/Base_Boite_Cours.png","keywords":["diaphragme","dur\u00e9e d'exposition","fondamentaux de la photographie","formation","livre","ouverture","photographie","sensibilit\u00e9 ISO","triangle d'exposition","vitesse d'obturation"],"articleSection":["Fondamentaux de la Photographie","Tutoriel"],"inLanguage":"fr-FR"},{"@type":"WebPage","@id":"https:\/\/danielonway.fr\/DanielOnWay\/fondamentaux-photographie-triangle-exposition-cours-complet\/","url":"https:\/\/danielonway.fr\/DanielOnWay\/fondamentaux-photographie-triangle-exposition-cours-complet\/","name":"Cours Complet en Vid\u00e9o : Les fondamentaux de la photographie : Le triangle d'exposition","isPartOf":{"@id":"https:\/\/danielonway.fr\/DanielOnWay\/#website"},"primaryImageOfPage":{"@id":"https:\/\/danielonway.fr\/DanielOnWay\/fondamentaux-photographie-triangle-exposition-cours-complet\/#primaryimage"},"image":{"@id":"https:\/\/danielonway.fr\/DanielOnWay\/fondamentaux-photographie-triangle-exposition-cours-complet\/#primaryimage"},"thumbnailUrl":"https:\/\/danielonway.fr\/DanielOnWay\/wp-content\/uploads\/2018\/02\/Base_Boite_Cours.png","datePublished":"2018-02-18T09:00:39+00:00","dateModified":"2020-02-12T08:47:23+00:00","description":"Tutoriel sur les fondamentaux de la photographie dans lequel sont abord\u00e9es les notions de triangle d'exposition : vitesse, diaphragme, Iso.","breadcrumb":{"@id":"https:\/\/danielonway.fr\/DanielOnWay\/fondamentaux-photographie-triangle-exposition-cours-complet\/#breadcrumb"},"inLanguage":"fr-FR","potentialAction":[{"@type":"ReadAction","target":["https:\/\/danielonway.fr\/DanielOnWay\/fondamentaux-photographie-triangle-exposition-cours-complet\/"]}]},{"@type":"ImageObject","inLanguage":"fr-FR","@id":"https:\/\/danielonway.fr\/DanielOnWay\/fondamentaux-photographie-triangle-exposition-cours-complet\/#primaryimage","url":"https:\/\/danielonway.fr\/DanielOnWay\/wp-content\/uploads\/2018\/02\/Base_Boite_Cours.png","contentUrl":"https:\/\/danielonway.fr\/DanielOnWay\/wp-content\/uploads\/2018\/02\/Base_Boite_Cours.png","width":494,"height":621,"caption":"Cours Complet 1"},{"@type":"BreadcrumbList","@id":"https:\/\/danielonway.fr\/DanielOnWay\/fondamentaux-photographie-triangle-exposition-cours-complet\/#breadcrumb","itemListElement":[{"@type":"ListItem","position":1,"name":"Accueil","item":"https:\/\/danielonway.fr\/DanielOnWay\/"},{"@type":"ListItem","position":2,"name":"Fondamentaux de la Photographie","item":"https:\/\/danielonway.fr\/DanielOnWay\/cat\u00e9gorie\/fondamentaux_photographie\/"},{"@type":"ListItem","position":3,"name":"Cours Complet en Vid\u00e9o : Les fondamentaux de la photographie : Le triangle d&rsquo;exposition"}]},{"@type":"WebSite","@id":"https:\/\/danielonway.fr\/DanielOnWay\/#website","url":"https:\/\/danielonway.fr\/DanielOnWay\/","name":"DanielOnWay - Photographie - Vid\u00e9o - Drone","description":"Photographie, Vid\u00e9o, Drone","publisher":{"@id":"https:\/\/danielonway.fr\/DanielOnWay\/#\/schema\/person\/4dab8f3634b87c1f28ae709f14913856"},"potentialAction":[{"@type":"SearchAction","target":{"@type":"EntryPoint","urlTemplate":"https:\/\/danielonway.fr\/DanielOnWay\/?s={search_term_string}"},"query-input":{"@type":"PropertyValueSpecification","valueRequired":true,"valueName":"search_term_string"}}],"inLanguage":"fr-FR"},{"@type":["Person","Organization"],"@id":"https:\/\/danielonway.fr\/DanielOnWay\/#\/schema\/person\/4dab8f3634b87c1f28ae709f14913856","name":"Daniel BRUCHET","image":{"@type":"ImageObject","inLanguage":"fr-FR","@id":"https:\/\/secure.gravatar.com\/avatar\/b0a60aec63b56e01b36ba7272efcfe1d156a9050fefa7813e995efe51b9a02b3?s=96&d=mm&r=g","url":"https:\/\/secure.gravatar.com\/avatar\/b0a60aec63b56e01b36ba7272efcfe1d156a9050fefa7813e995efe51b9a02b3?s=96&d=mm&r=g","contentUrl":"https:\/\/secure.gravatar.com\/avatar\/b0a60aec63b56e01b36ba7272efcfe1d156a9050fefa7813e995efe51b9a02b3?s=96&d=mm&r=g","caption":"Daniel BRUCHET"},"logo":{"@id":"https:\/\/secure.gravatar.com\/avatar\/b0a60aec63b56e01b36ba7272efcfe1d156a9050fefa7813e995efe51b9a02b3?s=96&d=mm&r=g"},"description":"Administrateur Systeme - Principal r\u00e9dacteur","sameAs":["http:\/\/www.danielonway.fr","https:\/\/www.facebook.com\/danielonway","https:\/\/www.instagram.com\/danielonway.fr\/","https:\/\/x.com\/danielonway"],"url":"https:\/\/danielonway.fr\/DanielOnWay\/author\/danielb\/"}]}},"_links":{"self":[{"href":"https:\/\/danielonway.fr\/DanielOnWay\/wp-json\/wp\/v2\/posts\/12641","targetHints":{"allow":["GET"]}}],"collection":[{"href":"https:\/\/danielonway.fr\/DanielOnWay\/wp-json\/wp\/v2\/posts"}],"about":[{"href":"https:\/\/danielonway.fr\/DanielOnWay\/wp-json\/wp\/v2\/types\/post"}],"author":[{"embeddable":true,"href":"https:\/\/danielonway.fr\/DanielOnWay\/wp-json\/wp\/v2\/users\/9"}],"replies":[{"embeddable":true,"href":"https:\/\/danielonway.fr\/DanielOnWay\/wp-json\/wp\/v2\/comments?post=12641"}],"version-history":[{"count":1,"href":"https:\/\/danielonway.fr\/DanielOnWay\/wp-json\/wp\/v2\/posts\/12641\/revisions"}],"predecessor-version":[{"id":14019,"href":"https:\/\/danielonway.fr\/DanielOnWay\/wp-json\/wp\/v2\/posts\/12641\/revisions\/14019"}],"wp:featuredmedia":[{"embeddable":true,"href":"https:\/\/danielonway.fr\/DanielOnWay\/wp-json\/wp\/v2\/media\/12649"}],"wp:attachment":[{"href":"https:\/\/danielonway.fr\/DanielOnWay\/wp-json\/wp\/v2\/media?parent=12641"}],"wp:term":[{"taxonomy":"category","embeddable":true,"href":"https:\/\/danielonway.fr\/DanielOnWay\/wp-json\/wp\/v2\/categories?post=12641"},{"taxonomy":"post_tag","embeddable":true,"href":"https:\/\/danielonway.fr\/DanielOnWay\/wp-json\/wp\/v2\/tags?post=12641"}],"curies":[{"name":"wp","href":"https:\/\/api.w.org\/{rel}","templated":true}]}}