{"id":12737,"date":"2018-02-23T15:00:09","date_gmt":"2018-02-23T14:00:09","guid":{"rendered":"http:\/\/danielonway.fr\/DanielOnWay\/?p=12737"},"modified":"2018-08-29T18:26:57","modified_gmt":"2018-08-29T16:26:57","slug":"robert-franck-arte-amerique","status":"publish","type":"post","link":"https:\/\/danielonway.fr\/DanielOnWay\/robert-franck-arte-amerique\/","title":{"rendered":"Documentaire Arte : Robert Frank &#8211; L&rsquo;Am\u00e9rique dans le viseur"},"content":{"rendered":"<p>[vc_row equal_height=\u00a0\u00bbyes\u00a0\u00bb][vc_column][vc_custom_heading text=\u00a0\u00bbRobert Franck &#8211; Photographe\u00a0\u00bb font_container=\u00a0\u00bbtag:h2|font_size:24|text_align:left\u00a0\u00bb use_theme_fonts=\u00a0\u00bbyes\u00a0\u00bb css=\u00a0\u00bb.vc_custom_1519371615189{margin-bottom: 15px !important;padding-top: 25px !important;padding-right: 25px !important;padding-left: 25px !important;}\u00a0\u00bb][vc_column_text css=\u00a0\u00bb.vc_custom_1519373448621{padding-right: 15px !important;padding-bottom: 25px !important;padding-left: 15px !important;}\u00a0\u00bb]Figure marquante de la photographie de la seconde moiti\u00e9 du XXe si\u00e8cle, Robert Frank\u00a0a fait de l&rsquo;image le mat\u00e9riau premier de sa cr\u00e9ativit\u00e9. Compagnon de route du mouvement beatnik, auteur de l&rsquo;ouvrage culte \u00ab\u00a0Les Am\u00e9ricains\u00a0\u00bb, il se livre avec g\u00e9n\u00e9rosit\u00e9 et humour dans ce\u00a0portrait passionnant.<\/p>\n<p>\u00a9 Arte textes, photos et player vid\u00e9o<\/p>\n<p>Disponible du 19 au 26 \/02 \/2018[\/vc_column_text][\/vc_column][\/vc_row][vc_row][vc_column][vc_column_text]<!--more-->[\/vc_column_text][vc_text_separator title=\u00a0\u00bbRetrouvez la Vid\u00e9o en fin d&rsquo;article\u00a0\u00bb i_icon_fontawesome=\u00a0\u00bbfa fa-info-circle\u00a0\u00bb i_color=\u00a0\u00bbblack\u00a0\u00bb i_background_style=\u00a0\u00bbrounded\u00a0\u00bb i_background_color=\u00a0\u00bbcustom\u00a0\u00bb i_size=\u00a0\u00bbsm\u00a0\u00bb color=\u00a0\u00bbchino\u00a0\u00bb border_width=\u00a0\u00bb3&Prime; add_icon=\u00a0\u00bbtrue\u00a0\u00bb i_custom_background_color=\u00a0\u00bb#dce8b1&Prime;][vc_column_text]<\/p>\n<h2>R\u00e9alisation : Laura Israel &#8211; Etats-Unis &#8211; 2013<\/h2>\n<p>Encourag\u00e9 par son a\u00een\u00e9 Walker Evans, l&rsquo;Am\u00e9ricano-Suisse Robert Frank laissera sa trace dans l&rsquo;histoire de la photographie. Pour lui, tout commence avec Les Am\u00e9ricains, son premier livre. Publi\u00e9 \u00e0 la fin des ann\u00e9es 1950, l&rsquo;ouvrage r\u00e9unit 83\u00a0clich\u00e9s, savamment choisis parmi les plus de 20\u00a0000 qu&rsquo;il a collect\u00e9s au fil des trente \u00e9tapes d&rsquo;un long p\u00e9riple \u00e0 travers les \u00c9tats-Unis. \u00ab\u00a0Les visages sont plus int\u00e9ressants que les paysages, alors je me suis concentr\u00e9 pour me rapprocher des gens\u00a0\u00bb, pr\u00e9cise le photographe, lorsqu&rsquo;il raconte la gen\u00e8se de son deuxi\u00e8me road trip, effectu\u00e9 apr\u00e8s plusieurs mois pass\u00e9s au P\u00e9rou. Saisis dans la banalit\u00e9 du quotidien, ses portraits d&rsquo;hommes et de femmes, travailleurs modestes des villes et des campagnes, ont donn\u00e9 chair aux grands oubli\u00e9s du r\u00eave am\u00e9ricain de l&rsquo;apr\u00e8s-guerre. \u00ab\u00a0\u00c0 l&rsquo;\u00e9poque, rappelle-t-il, la plupart des critiques ont \u00e9t\u00e9 assez m\u00e9chants. Ils ont dit : &lsquo;Ce type doit ha\u00efr l&rsquo;Am\u00e9rique pour photographier des gens comme \u00e7a.&rsquo; [&#8230;] J&rsquo;\u00e9tais un chasseur. Un chasseur d&rsquo;images ; ce voyage m&rsquo;a appris \u00e0 l&rsquo;aimer\u00a0\u00bb (l&rsquo;Am\u00e9rique, NDLR).<\/p>\n<h2><strong>La passion de l&rsquo;image<\/strong><\/h2>\n<p>N\u00e9 \u00e0 Zurich en 1924, Robert Frank s&rsquo;est passionn\u00e9 tr\u00e8s jeune pour la photo, que son p\u00e8re pratique en amateur. \u00c9migr\u00e9 aux \u00c9tats-Unis apr\u00e8s la Seconde Guerre mondiale, il pige un temps pour Harper&rsquo;s Bazaar avant de prendre son ind\u00e9pendance. Compagnon de route du mouvement beatnik, ami d&rsquo;Allen Ginsberg et de Jack Kerouac, Robert Frank a fait de l&rsquo;image le mat\u00e9riau premier de sa cr\u00e9ativit\u00e9. Comme photographe, mais aussi comme cin\u00e9aste, puisqu&rsquo;il a r\u00e9alis\u00e9 entre 1959 et 2009 plus d&rsquo;une vingtaine de films, courts m\u00e9trages et documentaires exp\u00e9rimentaux. M\u00ealant de nombreuses archives d&rsquo;interviews et d&rsquo;extraits de films, le beau documentaire que lui consacre Laura Israel balaIe soixante-dix ans d&rsquo;une carri\u00e8re bien remplie. Il s&rsquo;appuie surtout sur de riches rencontres avec l&rsquo;artiste. Interrog\u00e9 chez lui, \u00e0 New York et dans son repaire canadien de Mabou, en Nouvelle-\u00c9cosse, le fac\u00e9tieux nonag\u00e9naire puise dans ses albums et ses caisses d&rsquo;archives pour commenter, avec humour et gourmandise, une \u0153uvre\u00a0riche\u00a0et inclassable.<\/p>\n<p>(\u00a9 Arte textes, photos et player vid\u00e9o)[\/vc_column_text][\/vc_column][\/vc_row][vc_row][vc_column][bsf-info-box icon=\u00a0\u00bbDefaults-film\u00a0\u00bb icon_size=\u00a0\u00bb32&Prime; icon_color=\u00a0\u00bb#000000&Prime; icon_style=\u00a0\u00bbcircle\u00a0\u00bb icon_color_bg=\u00a0\u00bb#dce8b1&Prime; title=\u00a0\u00bbL&rsquo;article en Vid\u00e9o\u00a0\u00bb pos=\u00a0\u00bbleft\u00a0\u00bb heading_tag=\u00a0\u00bbh2&Prime;][\/bsf-info-box][vc_column_text]<iframe style=\"transition-duration: 0; transition-property: no; margin: 0 auto; position: relative; display: block; background-color: #000000;\" src=\"https:\/\/www.arte.tv\/player\/v3\/index.php?json_url=https%3A%2F%2Fapi.arte.tv%2Fapi%2Fplayer%2Fv1%2Fconfig%2Ffr%2F050350-000-A%3Fautostart%3D1%26lifeCycle%3D1&amp;lang=fr_FR&amp;embed=1&amp;mute=0\" width=\"720\" height=\"406\" frameborder=\"0\" scrolling=\"no\" allowfullscreen=\"allowfullscreen\"><\/iframe>[\/vc_column_text][\/vc_column][\/vc_row]<\/p>\n","protected":false},"excerpt":{"rendered":"<p>Figure marquante de la photographie de la seconde moiti\u00e9 du XXe si\u00e8cle, Robert Frank a fait de l&rsquo;image le mat\u00e9riau premier de sa cr\u00e9ativit\u00e9. Compagnon de route du mouvement beatnik, auteur de l&rsquo;ouvrage culte \u00ab\u00a0Les Am\u00e9ricains\u00a0\u00bb, il se livre avec g\u00e9n\u00e9rosit\u00e9 et humour dans ce portrait passionnant.<\/p>\n","protected":false},"author":9,"featured_media":12742,"comment_status":"closed","ping_status":"closed","sticky":false,"template":"","format":"standard","meta":{"footnotes":""},"categories":[69,2396],"tags":[704,2150],"class_list":["post-12737","post","type-post","status-publish","format-standard","has-post-thumbnail","hentry","category-actualite","category-documentaire-arte","tag-photographe","tag-photography"],"yoast_head":"<!-- This site is optimized with the Yoast SEO plugin v27.3 - https:\/\/yoast.com\/product\/yoast-seo-wordpress\/ -->\n<title>Documentaire Arte : Robert Frank - L&#039;Am\u00e9rique dans le viseur<\/title>\n<meta name=\"description\" content=\"Figure marquante de la photographie de la seconde moiti\u00e9 du XXe si\u00e8cle, Robert Frank a fait de l&#039;image le mat\u00e9riau premier de sa cr\u00e9ativit\u00e9. Compagnon de route du mouvement beatnik, auteur de l&#039;ouvrage culte &quot;Les Am\u00e9ricains&quot;, il se livre avec g\u00e9n\u00e9rosit\u00e9 et humour dans ce portrait passionnant.\" \/>\n<meta name=\"robots\" content=\"index, follow, max-snippet:-1, max-image-preview:large, max-video-preview:-1\" \/>\n<link rel=\"canonical\" href=\"https:\/\/danielonway.fr\/DanielOnWay\/robert-franck-arte-amerique\/\" \/>\n<meta property=\"og:locale\" content=\"fr_FR\" \/>\n<meta property=\"og:type\" content=\"article\" \/>\n<meta property=\"og:title\" content=\"Documentaire Arte : Robert Frank - L&#039;Am\u00e9rique dans le viseur\" \/>\n<meta property=\"og:description\" content=\"Figure marquante de la photographie de la seconde moiti\u00e9 du XXe si\u00e8cle, Robert Frank a fait de l&#039;image le mat\u00e9riau premier de sa cr\u00e9ativit\u00e9. Compagnon de route du mouvement beatnik, auteur de l&#039;ouvrage culte &quot;Les Am\u00e9ricains&quot;, il se livre avec g\u00e9n\u00e9rosit\u00e9 et humour dans ce portrait passionnant.\" \/>\n<meta property=\"og:url\" content=\"https:\/\/danielonway.fr\/DanielOnWay\/robert-franck-arte-amerique\/\" \/>\n<meta property=\"og:site_name\" content=\"DanielOnWay - Photographie - Vid\u00e9o - Drone\" \/>\n<meta property=\"article:publisher\" content=\"https:\/\/www.facebook.com\/danielonway\" \/>\n<meta property=\"article:author\" content=\"https:\/\/www.facebook.com\/danielonway\" \/>\n<meta property=\"article:published_time\" content=\"2018-02-23T14:00:09+00:00\" \/>\n<meta property=\"article:modified_time\" content=\"2018-08-29T16:26:57+00:00\" \/>\n<meta property=\"og:image\" content=\"https:\/\/danielonway.fr\/DanielOnWay\/wp-content\/uploads\/2018\/02\/RobertFranck.png\" \/>\n\t<meta property=\"og:image:width\" content=\"579\" \/>\n\t<meta property=\"og:image:height\" content=\"333\" \/>\n\t<meta property=\"og:image:type\" content=\"image\/png\" \/>\n<meta name=\"author\" content=\"Daniel BRUCHET\" \/>\n<meta name=\"twitter:card\" content=\"summary_large_image\" \/>\n<meta name=\"twitter:creator\" content=\"@danielonway\" \/>\n<meta name=\"twitter:site\" content=\"@danielonway\" \/>\n<meta name=\"twitter:label1\" content=\"\u00c9crit par\" \/>\n\t<meta name=\"twitter:data1\" content=\"Daniel BRUCHET\" \/>\n\t<meta name=\"twitter:label2\" content=\"Dur\u00e9e de lecture estim\u00e9e\" \/>\n\t<meta name=\"twitter:data2\" content=\"3 minutes\" \/>\n<script type=\"application\/ld+json\" class=\"yoast-schema-graph\">{\"@context\":\"https:\\\/\\\/schema.org\",\"@graph\":[{\"@type\":\"Article\",\"@id\":\"https:\\\/\\\/danielonway.fr\\\/DanielOnWay\\\/robert-franck-arte-amerique\\\/#article\",\"isPartOf\":{\"@id\":\"https:\\\/\\\/danielonway.fr\\\/DanielOnWay\\\/robert-franck-arte-amerique\\\/\"},\"author\":{\"name\":\"Daniel BRUCHET\",\"@id\":\"https:\\\/\\\/danielonway.fr\\\/DanielOnWay\\\/#\\\/schema\\\/person\\\/4dab8f3634b87c1f28ae709f14913856\"},\"headline\":\"Documentaire Arte : Robert Frank &#8211; L&rsquo;Am\u00e9rique dans le viseur\",\"datePublished\":\"2018-02-23T14:00:09+00:00\",\"dateModified\":\"2018-08-29T16:26:57+00:00\",\"mainEntityOfPage\":{\"@id\":\"https:\\\/\\\/danielonway.fr\\\/DanielOnWay\\\/robert-franck-arte-amerique\\\/\"},\"wordCount\":642,\"publisher\":{\"@id\":\"https:\\\/\\\/danielonway.fr\\\/DanielOnWay\\\/#\\\/schema\\\/person\\\/4dab8f3634b87c1f28ae709f14913856\"},\"image\":{\"@id\":\"https:\\\/\\\/danielonway.fr\\\/DanielOnWay\\\/robert-franck-arte-amerique\\\/#primaryimage\"},\"thumbnailUrl\":\"https:\\\/\\\/danielonway.fr\\\/DanielOnWay\\\/wp-content\\\/uploads\\\/2018\\\/02\\\/RobertFranck.png\",\"keywords\":[\"photographe\",\"photography\"],\"articleSection\":[\"Actualit\u00e9\",\"Documentaire Arte\"],\"inLanguage\":\"fr-FR\"},{\"@type\":\"WebPage\",\"@id\":\"https:\\\/\\\/danielonway.fr\\\/DanielOnWay\\\/robert-franck-arte-amerique\\\/\",\"url\":\"https:\\\/\\\/danielonway.fr\\\/DanielOnWay\\\/robert-franck-arte-amerique\\\/\",\"name\":\"Documentaire Arte : Robert Frank - L'Am\u00e9rique dans le viseur\",\"isPartOf\":{\"@id\":\"https:\\\/\\\/danielonway.fr\\\/DanielOnWay\\\/#website\"},\"primaryImageOfPage\":{\"@id\":\"https:\\\/\\\/danielonway.fr\\\/DanielOnWay\\\/robert-franck-arte-amerique\\\/#primaryimage\"},\"image\":{\"@id\":\"https:\\\/\\\/danielonway.fr\\\/DanielOnWay\\\/robert-franck-arte-amerique\\\/#primaryimage\"},\"thumbnailUrl\":\"https:\\\/\\\/danielonway.fr\\\/DanielOnWay\\\/wp-content\\\/uploads\\\/2018\\\/02\\\/RobertFranck.png\",\"datePublished\":\"2018-02-23T14:00:09+00:00\",\"dateModified\":\"2018-08-29T16:26:57+00:00\",\"description\":\"Figure marquante de la photographie de la seconde moiti\u00e9 du XXe si\u00e8cle, Robert Frank a fait de l'image le mat\u00e9riau premier de sa cr\u00e9ativit\u00e9. Compagnon de route du mouvement beatnik, auteur de l'ouvrage culte \\\"Les Am\u00e9ricains\\\", il se livre avec g\u00e9n\u00e9rosit\u00e9 et humour dans ce portrait passionnant.\",\"breadcrumb\":{\"@id\":\"https:\\\/\\\/danielonway.fr\\\/DanielOnWay\\\/robert-franck-arte-amerique\\\/#breadcrumb\"},\"inLanguage\":\"fr-FR\",\"potentialAction\":[{\"@type\":\"ReadAction\",\"target\":[\"https:\\\/\\\/danielonway.fr\\\/DanielOnWay\\\/robert-franck-arte-amerique\\\/\"]}]},{\"@type\":\"ImageObject\",\"inLanguage\":\"fr-FR\",\"@id\":\"https:\\\/\\\/danielonway.fr\\\/DanielOnWay\\\/robert-franck-arte-amerique\\\/#primaryimage\",\"url\":\"https:\\\/\\\/danielonway.fr\\\/DanielOnWay\\\/wp-content\\\/uploads\\\/2018\\\/02\\\/RobertFranck.png\",\"contentUrl\":\"https:\\\/\\\/danielonway.fr\\\/DanielOnWay\\\/wp-content\\\/uploads\\\/2018\\\/02\\\/RobertFranck.png\",\"width\":579,\"height\":333,\"caption\":\"Robert Franck\"},{\"@type\":\"BreadcrumbList\",\"@id\":\"https:\\\/\\\/danielonway.fr\\\/DanielOnWay\\\/robert-franck-arte-amerique\\\/#breadcrumb\",\"itemListElement\":[{\"@type\":\"ListItem\",\"position\":1,\"name\":\"Accueil\",\"item\":\"https:\\\/\\\/danielonway.fr\\\/DanielOnWay\\\/\"},{\"@type\":\"ListItem\",\"position\":2,\"name\":\"Documentaire Arte\",\"item\":\"https:\\\/\\\/danielonway.fr\\\/DanielOnWay\\\/cat\u00e9gorie\\\/documentaire-arte\\\/\"},{\"@type\":\"ListItem\",\"position\":3,\"name\":\"Documentaire Arte : Robert Frank &#8211; L&rsquo;Am\u00e9rique dans le viseur\"}]},{\"@type\":\"WebSite\",\"@id\":\"https:\\\/\\\/danielonway.fr\\\/DanielOnWay\\\/#website\",\"url\":\"https:\\\/\\\/danielonway.fr\\\/DanielOnWay\\\/\",\"name\":\"DanielOnWay - Photographie - Vid\u00e9o - Drone\",\"description\":\"Photographie, Vid\u00e9o, Drone\",\"publisher\":{\"@id\":\"https:\\\/\\\/danielonway.fr\\\/DanielOnWay\\\/#\\\/schema\\\/person\\\/4dab8f3634b87c1f28ae709f14913856\"},\"potentialAction\":[{\"@type\":\"SearchAction\",\"target\":{\"@type\":\"EntryPoint\",\"urlTemplate\":\"https:\\\/\\\/danielonway.fr\\\/DanielOnWay\\\/?s={search_term_string}\"},\"query-input\":{\"@type\":\"PropertyValueSpecification\",\"valueRequired\":true,\"valueName\":\"search_term_string\"}}],\"inLanguage\":\"fr-FR\"},{\"@type\":[\"Person\",\"Organization\"],\"@id\":\"https:\\\/\\\/danielonway.fr\\\/DanielOnWay\\\/#\\\/schema\\\/person\\\/4dab8f3634b87c1f28ae709f14913856\",\"name\":\"Daniel BRUCHET\",\"image\":{\"@type\":\"ImageObject\",\"inLanguage\":\"fr-FR\",\"@id\":\"https:\\\/\\\/secure.gravatar.com\\\/avatar\\\/b0a60aec63b56e01b36ba7272efcfe1d156a9050fefa7813e995efe51b9a02b3?s=96&d=mm&r=g\",\"url\":\"https:\\\/\\\/secure.gravatar.com\\\/avatar\\\/b0a60aec63b56e01b36ba7272efcfe1d156a9050fefa7813e995efe51b9a02b3?s=96&d=mm&r=g\",\"contentUrl\":\"https:\\\/\\\/secure.gravatar.com\\\/avatar\\\/b0a60aec63b56e01b36ba7272efcfe1d156a9050fefa7813e995efe51b9a02b3?s=96&d=mm&r=g\",\"caption\":\"Daniel BRUCHET\"},\"logo\":{\"@id\":\"https:\\\/\\\/secure.gravatar.com\\\/avatar\\\/b0a60aec63b56e01b36ba7272efcfe1d156a9050fefa7813e995efe51b9a02b3?s=96&d=mm&r=g\"},\"description\":\"Administrateur Systeme - Principal r\u00e9dacteur\",\"sameAs\":[\"http:\\\/\\\/www.danielonway.fr\",\"https:\\\/\\\/www.facebook.com\\\/danielonway\",\"https:\\\/\\\/www.instagram.com\\\/danielonway.fr\\\/\",\"https:\\\/\\\/x.com\\\/danielonway\"],\"url\":\"https:\\\/\\\/danielonway.fr\\\/DanielOnWay\\\/author\\\/danielb\\\/\"}]}<\/script>\n<!-- \/ Yoast SEO plugin. -->","yoast_head_json":{"title":"Documentaire Arte : Robert Frank - L'Am\u00e9rique dans le viseur","description":"Figure marquante de la photographie de la seconde moiti\u00e9 du XXe si\u00e8cle, Robert Frank a fait de l'image le mat\u00e9riau premier de sa cr\u00e9ativit\u00e9. Compagnon de route du mouvement beatnik, auteur de l'ouvrage culte \"Les Am\u00e9ricains\", il se livre avec g\u00e9n\u00e9rosit\u00e9 et humour dans ce portrait passionnant.","robots":{"index":"index","follow":"follow","max-snippet":"max-snippet:-1","max-image-preview":"max-image-preview:large","max-video-preview":"max-video-preview:-1"},"canonical":"https:\/\/danielonway.fr\/DanielOnWay\/robert-franck-arte-amerique\/","og_locale":"fr_FR","og_type":"article","og_title":"Documentaire Arte : Robert Frank - L'Am\u00e9rique dans le viseur","og_description":"Figure marquante de la photographie de la seconde moiti\u00e9 du XXe si\u00e8cle, Robert Frank a fait de l'image le mat\u00e9riau premier de sa cr\u00e9ativit\u00e9. Compagnon de route du mouvement beatnik, auteur de l'ouvrage culte \"Les Am\u00e9ricains\", il se livre avec g\u00e9n\u00e9rosit\u00e9 et humour dans ce portrait passionnant.","og_url":"https:\/\/danielonway.fr\/DanielOnWay\/robert-franck-arte-amerique\/","og_site_name":"DanielOnWay - Photographie - Vid\u00e9o - Drone","article_publisher":"https:\/\/www.facebook.com\/danielonway","article_author":"https:\/\/www.facebook.com\/danielonway","article_published_time":"2018-02-23T14:00:09+00:00","article_modified_time":"2018-08-29T16:26:57+00:00","og_image":[{"width":579,"height":333,"url":"https:\/\/danielonway.fr\/DanielOnWay\/wp-content\/uploads\/2018\/02\/RobertFranck.png","type":"image\/png"}],"author":"Daniel BRUCHET","twitter_card":"summary_large_image","twitter_creator":"@danielonway","twitter_site":"@danielonway","twitter_misc":{"\u00c9crit par":"Daniel BRUCHET","Dur\u00e9e de lecture estim\u00e9e":"3 minutes"},"schema":{"@context":"https:\/\/schema.org","@graph":[{"@type":"Article","@id":"https:\/\/danielonway.fr\/DanielOnWay\/robert-franck-arte-amerique\/#article","isPartOf":{"@id":"https:\/\/danielonway.fr\/DanielOnWay\/robert-franck-arte-amerique\/"},"author":{"name":"Daniel BRUCHET","@id":"https:\/\/danielonway.fr\/DanielOnWay\/#\/schema\/person\/4dab8f3634b87c1f28ae709f14913856"},"headline":"Documentaire Arte : Robert Frank &#8211; L&rsquo;Am\u00e9rique dans le viseur","datePublished":"2018-02-23T14:00:09+00:00","dateModified":"2018-08-29T16:26:57+00:00","mainEntityOfPage":{"@id":"https:\/\/danielonway.fr\/DanielOnWay\/robert-franck-arte-amerique\/"},"wordCount":642,"publisher":{"@id":"https:\/\/danielonway.fr\/DanielOnWay\/#\/schema\/person\/4dab8f3634b87c1f28ae709f14913856"},"image":{"@id":"https:\/\/danielonway.fr\/DanielOnWay\/robert-franck-arte-amerique\/#primaryimage"},"thumbnailUrl":"https:\/\/danielonway.fr\/DanielOnWay\/wp-content\/uploads\/2018\/02\/RobertFranck.png","keywords":["photographe","photography"],"articleSection":["Actualit\u00e9","Documentaire Arte"],"inLanguage":"fr-FR"},{"@type":"WebPage","@id":"https:\/\/danielonway.fr\/DanielOnWay\/robert-franck-arte-amerique\/","url":"https:\/\/danielonway.fr\/DanielOnWay\/robert-franck-arte-amerique\/","name":"Documentaire Arte : Robert Frank - L'Am\u00e9rique dans le viseur","isPartOf":{"@id":"https:\/\/danielonway.fr\/DanielOnWay\/#website"},"primaryImageOfPage":{"@id":"https:\/\/danielonway.fr\/DanielOnWay\/robert-franck-arte-amerique\/#primaryimage"},"image":{"@id":"https:\/\/danielonway.fr\/DanielOnWay\/robert-franck-arte-amerique\/#primaryimage"},"thumbnailUrl":"https:\/\/danielonway.fr\/DanielOnWay\/wp-content\/uploads\/2018\/02\/RobertFranck.png","datePublished":"2018-02-23T14:00:09+00:00","dateModified":"2018-08-29T16:26:57+00:00","description":"Figure marquante de la photographie de la seconde moiti\u00e9 du XXe si\u00e8cle, Robert Frank a fait de l'image le mat\u00e9riau premier de sa cr\u00e9ativit\u00e9. Compagnon de route du mouvement beatnik, auteur de l'ouvrage culte \"Les Am\u00e9ricains\", il se livre avec g\u00e9n\u00e9rosit\u00e9 et humour dans ce portrait passionnant.","breadcrumb":{"@id":"https:\/\/danielonway.fr\/DanielOnWay\/robert-franck-arte-amerique\/#breadcrumb"},"inLanguage":"fr-FR","potentialAction":[{"@type":"ReadAction","target":["https:\/\/danielonway.fr\/DanielOnWay\/robert-franck-arte-amerique\/"]}]},{"@type":"ImageObject","inLanguage":"fr-FR","@id":"https:\/\/danielonway.fr\/DanielOnWay\/robert-franck-arte-amerique\/#primaryimage","url":"https:\/\/danielonway.fr\/DanielOnWay\/wp-content\/uploads\/2018\/02\/RobertFranck.png","contentUrl":"https:\/\/danielonway.fr\/DanielOnWay\/wp-content\/uploads\/2018\/02\/RobertFranck.png","width":579,"height":333,"caption":"Robert Franck"},{"@type":"BreadcrumbList","@id":"https:\/\/danielonway.fr\/DanielOnWay\/robert-franck-arte-amerique\/#breadcrumb","itemListElement":[{"@type":"ListItem","position":1,"name":"Accueil","item":"https:\/\/danielonway.fr\/DanielOnWay\/"},{"@type":"ListItem","position":2,"name":"Documentaire Arte","item":"https:\/\/danielonway.fr\/DanielOnWay\/cat\u00e9gorie\/documentaire-arte\/"},{"@type":"ListItem","position":3,"name":"Documentaire Arte : Robert Frank &#8211; L&rsquo;Am\u00e9rique dans le viseur"}]},{"@type":"WebSite","@id":"https:\/\/danielonway.fr\/DanielOnWay\/#website","url":"https:\/\/danielonway.fr\/DanielOnWay\/","name":"DanielOnWay - Photographie - Vid\u00e9o - Drone","description":"Photographie, Vid\u00e9o, Drone","publisher":{"@id":"https:\/\/danielonway.fr\/DanielOnWay\/#\/schema\/person\/4dab8f3634b87c1f28ae709f14913856"},"potentialAction":[{"@type":"SearchAction","target":{"@type":"EntryPoint","urlTemplate":"https:\/\/danielonway.fr\/DanielOnWay\/?s={search_term_string}"},"query-input":{"@type":"PropertyValueSpecification","valueRequired":true,"valueName":"search_term_string"}}],"inLanguage":"fr-FR"},{"@type":["Person","Organization"],"@id":"https:\/\/danielonway.fr\/DanielOnWay\/#\/schema\/person\/4dab8f3634b87c1f28ae709f14913856","name":"Daniel BRUCHET","image":{"@type":"ImageObject","inLanguage":"fr-FR","@id":"https:\/\/secure.gravatar.com\/avatar\/b0a60aec63b56e01b36ba7272efcfe1d156a9050fefa7813e995efe51b9a02b3?s=96&d=mm&r=g","url":"https:\/\/secure.gravatar.com\/avatar\/b0a60aec63b56e01b36ba7272efcfe1d156a9050fefa7813e995efe51b9a02b3?s=96&d=mm&r=g","contentUrl":"https:\/\/secure.gravatar.com\/avatar\/b0a60aec63b56e01b36ba7272efcfe1d156a9050fefa7813e995efe51b9a02b3?s=96&d=mm&r=g","caption":"Daniel BRUCHET"},"logo":{"@id":"https:\/\/secure.gravatar.com\/avatar\/b0a60aec63b56e01b36ba7272efcfe1d156a9050fefa7813e995efe51b9a02b3?s=96&d=mm&r=g"},"description":"Administrateur Systeme - Principal r\u00e9dacteur","sameAs":["http:\/\/www.danielonway.fr","https:\/\/www.facebook.com\/danielonway","https:\/\/www.instagram.com\/danielonway.fr\/","https:\/\/x.com\/danielonway"],"url":"https:\/\/danielonway.fr\/DanielOnWay\/author\/danielb\/"}]}},"_links":{"self":[{"href":"https:\/\/danielonway.fr\/DanielOnWay\/wp-json\/wp\/v2\/posts\/12737","targetHints":{"allow":["GET"]}}],"collection":[{"href":"https:\/\/danielonway.fr\/DanielOnWay\/wp-json\/wp\/v2\/posts"}],"about":[{"href":"https:\/\/danielonway.fr\/DanielOnWay\/wp-json\/wp\/v2\/types\/post"}],"author":[{"embeddable":true,"href":"https:\/\/danielonway.fr\/DanielOnWay\/wp-json\/wp\/v2\/users\/9"}],"replies":[{"embeddable":true,"href":"https:\/\/danielonway.fr\/DanielOnWay\/wp-json\/wp\/v2\/comments?post=12737"}],"version-history":[{"count":0,"href":"https:\/\/danielonway.fr\/DanielOnWay\/wp-json\/wp\/v2\/posts\/12737\/revisions"}],"wp:featuredmedia":[{"embeddable":true,"href":"https:\/\/danielonway.fr\/DanielOnWay\/wp-json\/wp\/v2\/media\/12742"}],"wp:attachment":[{"href":"https:\/\/danielonway.fr\/DanielOnWay\/wp-json\/wp\/v2\/media?parent=12737"}],"wp:term":[{"taxonomy":"category","embeddable":true,"href":"https:\/\/danielonway.fr\/DanielOnWay\/wp-json\/wp\/v2\/categories?post=12737"},{"taxonomy":"post_tag","embeddable":true,"href":"https:\/\/danielonway.fr\/DanielOnWay\/wp-json\/wp\/v2\/tags?post=12737"}],"curies":[{"name":"wp","href":"https:\/\/api.w.org\/{rel}","templated":true}]}}