{"id":13140,"date":"2018-11-02T09:30:51","date_gmt":"2018-11-02T08:30:51","guid":{"rendered":"http:\/\/danielonway.fr\/DanielOnWay\/?p=13140"},"modified":"2023-12-21T10:27:49","modified_gmt":"2023-12-21T09:27:49","slug":"avis-artiste-photographe","status":"publish","type":"post","link":"https:\/\/danielonway.fr\/DanielOnWay\/avis-artiste-photographe\/","title":{"rendered":"Artiste Photographe 2\u00e9d. de Fabi\u00e8ne Gay Jacob Vial"},"content":{"rendered":"<p>[vc_row][vc_column][vc_custom_heading text=\u00a0\u00bbLa Chronique : Actualit\u00e9 Livre\u00a0\u00bb use_theme_fonts=\u00a0\u00bbyes\u00a0\u00bb css=\u00a0\u00bb.vc_custom_1542449344794{margin-bottom: 15px !important;padding-top: 25px !important;padding-right: 25px !important;padding-left: 25px !important;}\u00a0\u00bb][vc_column_text]<\/p>\n<h3>Collection Photographe Pro &#8211; Editions Eyrolles<\/h3>\n<p>\u00ab\u00a0Se former, construire son portfolio et vivre de ses oeuvres.\u00a0\u00bb<\/p>\n<blockquote><p>Quand on est un photographe qui ne se destine ni \u00e0 la photo sociale, ni au <i>corporate<\/i>, ni \u00e0 la publicit\u00e9 et que l&rsquo;on souhaite simplement voir reconna\u00eetre \u00ab\u00a0sa\u00a0\u00bb photographie, diffuser ses images (\u00e9dition, exposition, vente de tirages), et en vivre, le parcours est d\u00e9licat.<\/p>\n<p>Cet ouvrage aborde la question des choix relatifs \u00e0 l&rsquo;enseignement initial de la photographie, et propose aux photographes des directions pour \u00e9voluer dans le cadre d&rsquo;une activit\u00e9 purement artistique.<\/p>\n<p>L&rsquo;auteur interroge, en outre, directeurs d&rsquo;\u00e9coles de photographie, d&rsquo;agences, de galeries, collectionneurs, commissaires-priseurs et photographes afin de dresser un panorama complet de ce qui s&rsquo;offre \u00e0 celui qui souhaite vivre de son art.<\/p><\/blockquote>\n<p><img decoding=\"async\" class=\"size-medium wp-image-13144 alignleft\" src=\"http:\/\/danielonway.fr\/DanielOnWay\/wp-content\/uploads\/2018\/11\/ArtistePhotographe-200x300.jpg\" alt=\"Artiste Photographe\" width=\"200\" height=\"300\" srcset=\"https:\/\/danielonway.fr\/DanielOnWay\/wp-content\/uploads\/2018\/11\/ArtistePhotographe-200x300.jpg 200w, https:\/\/danielonway.fr\/DanielOnWay\/wp-content\/uploads\/2018\/11\/ArtistePhotographe.jpg 287w\" sizes=\"(max-width: 200px) 100vw, 200px\" \/>Dans cette rubrique \u00ab\u00a0Mon avis sur &#8230;\u00a0\u00bb vous savez que lorsque je donne un avis sur un ouvrage c&rsquo;est d&rsquo;abord que j&rsquo;en ai appr\u00e9ci\u00e9 le contenu. \u00a0Comptent aussi l&rsquo;\u00e9diteur et l&rsquo;auteur. Pour cet ouvrage, la qualit\u00e9 d&rsquo;\u00e9criture, la grande sagesse du propos, la justesse des analyses et les r\u00e8gles de bon-sens qui pr\u00e9valent \u00e0 l&rsquo;atteinte de l&rsquo;objectif de devenir un jour \u00ab\u00a0Artiste Photographe\u00a0\u00bb, m&rsquo;ont litt\u00e9ralement s\u00e9duit.<\/p>\n<p>Suivez moi pour conna\u00eetre mon avis sur &#8230; Artiste photographe.<\/p>\n<p>Cet ouvrage de la collection Photographe Pro paru aux \u00e9ditions Eyrolles, est compos\u00e9 de cinq chapitres comme autant de s\u00e9sames qui ouvrent les portes du monde tr\u00e8s ferm\u00e9 des Artistes Photographes Professionnels. Cependant avant d&rsquo;envisager d&rsquo;atteindre le Graal, il va falloir en comprendre les rouages et se poser les bonnes questions. Cela commence d\u00e8s l&rsquo;avant-propos, l&rsquo;auteur plante le d\u00e9cor et met en garde : \u00ab\u00a0Tant que l&rsquo;on est dans le r\u00eave, on ne peut avoir de prise sur le r\u00e9el\u00a0\u00bb. Quelques lignes plus loin, je cite \u00ab\u00a0Vouloir \u00eatre artiste et ne pas envisager de gagner sa vie par la reconnaissance de son talent et la vente de ses oeuvres est un contresens. Le laisser penser est une mascarade et le croire une erreur.\u00a0\u00bb<\/p>\n<p>Voil\u00e0, le d\u00e9cor est plant\u00e9. Aujourd&rsquo;hui il y a de par le monde plusieurs millions de photographes. Parmi eux, seulement une poign\u00e9e r\u00e9alise des clich\u00e9s int\u00e9ressants et ont tendance \u00e0 se d\u00e9finir comme photographe. Au sein de ce groupe, seuls quelques uns ont une production de tr\u00e8s belle qualit\u00e9. Est-ce pour autant que tous ces photographes sont des artistes ? A l&rsquo;\u00e9vidence, non.<\/p>\n<p>Au fil de la lecture, l&rsquo;auteur guide le lecteur vers une introspection \u00e0 la faveur de questions parfois basiques \u00e0 l&rsquo;instar de : \u00ab\u00a0Quel est votre projet de vie ?\u00a0\u00bb, \u00ab\u00a0Quel est votre projet avec la photographie ?\u00a0\u00bb, \u00ab\u00a0Quelles sont vos motivations ?\u00a0\u00bb, \u00ab\u00a0Que voulez-vous ?\u00a0\u00bb,\u00a0\u00bbQui conna\u00eet votre existence en tant que photographe ?\u00a0\u00bb, \u00a0\u00bb Qui peut parler de vous ?\u00a0\u00bb et bien d&rsquo;autres que je vous laisse le soin de d\u00e9couvrir. Certaines phrases ram\u00e8nent le lecteur \u00e0 la dure r\u00e9alit\u00e9 du march\u00e9 de l&rsquo;Art : \u00ab\u00a0Pour vendre il faut \u00eatre connu, pour \u00eatre connu, il faut \u00eatre diffus\u00e9 pour \u00eatre diffus\u00e9, il faut une valeur. Vous trouvez cela trivial mais c\u2019est la cruelle r\u00e9alit\u00e9 de la diffusion.\u00a0\u00bb<\/p>\n<p>Le constat est souvent quelque peu brutal, mais l&rsquo;analyse de l&rsquo;auteur est si pr\u00e9cise et si juste que ses conseils judicieux r\u00e9sonnent comme des pr\u00e9ceptes : \u00ab\u00a0Vous pr\u00e9server, c\u2019est pr\u00e9server votre cr\u00e9ation.\u00a0\u00bb ou encore \u00ab\u00a0L\u2019art c\u2019est l\u2019\u00e9quilibre d\u2019une pens\u00e9e aboutie et d\u2019un instinct intact.\u00a0\u00bb<\/p>\n<h2>Se former \u00e0 la photographie<\/h2>\n<p>Ce chapitre pr\u00e9sente le point de d\u00e9part de la formation permettant au lecteur de d\u00e9terminer la finalit\u00e9 de sa cr\u00e9ation. Quelle \u00e9cole sera susceptible de lui convenir et quels sont les autres m\u00e9tiers autour de la cr\u00e9ation ? Comment choisir une \u00e9cole, comment d\u00e9terminer l&rsquo;ad\u00e9quation des profils enseignants\/intervenants\/\u00e9tudiants, comment se renseigner et quelles sont les questions \u00e0 se poser pour bien choisir son \u00e9tablissement, tous ces th\u00e8mes sont d\u00e9velopp\u00e9s et fournissent ainsi un cadre d&rsquo;analyse tr\u00e8s pr\u00e9cis.<\/p>\n<h2>Workshop et master class<\/h2>\n<p>Ce deuxi\u00e8me chapitre pr\u00e9sente la formation que l&rsquo;on peut attendre des stages, des workshops et des master class. L&rsquo;auteur indique comment se pr\u00e9parer \u00e0 ce type de formations et comment s\u00e9lectionner ce qui sera le plus profitable. Conna\u00eetre ses motivations, adopter la bonne posture, l&rsquo;importance de la culture et la possibilit\u00e9 de travailler son \u00e9criture photographique sont quelque uns des th\u00e8mes abord\u00e9s dans ce chapitre.<\/p>\n<h2>Prix, bourses, r\u00e9sidences et aides publiques<\/h2>\n<p>Comment participer \u00e0 un prix, une bourse, une r\u00e9sidence ?, comment s&rsquo;y pr\u00e9parer, comment constituer son dossier ? Tous ces points sont abord\u00e9s et trait\u00e9s avec pragmatisme. Le chapitre se termine par une liste de prix et de bourses qui donne un aper\u00e7u des distinctions les plus repr\u00e9sentatives et les plus utiles au parcours d&rsquo;un photographe.<\/p>\n<h2>Diffuser sa photographie<\/h2>\n<p>Ce quatri\u00e8me chapitre est une v\u00e9ritable bible pour qui souhaite \u00eatre diffus\u00e9. Les concepts de visibilit\u00e9, de choix professionnels, d&rsquo;organisation de sa visibilit\u00e9 par l&rsquo;entremise des galeries et des centres d&rsquo;art, des collectionneurs, des \u00e9diteurs, des festivals et de la presse, bien entendu sont abord\u00e9s sans tabous. Cette analyse est v\u00e9ritablement le s\u00e9same le plus important de l&rsquo;ouvrage. Le chapitre se termine par l&rsquo;analyse des atouts et les inconv\u00e9nients des sponsors ou des partenaires pour assurer votre visibilit\u00e9.<\/p>\n<h2>Parler de sa photographie<\/h2>\n<p>Le cinqui\u00e8me et dernier chapitre est un s\u00e9same tout aussi important que celui qui ouvre les portes de la diffusion. Il s&rsquo;agit de savoir parler de sa photographie. Comment assurer son propos de photographe, comment le mettre en mots, comment pr\u00e9senter sa photographie, sont les atouts qui feront que vous vous d\u00e9marquerez des autres artistes photographes. Ce chapitre se termine avec une somme de conseils sur le portfolio : l&rsquo;auteur nous dit : \u00ab\u00a0Un portfolio est un contenu avant d&rsquo;\u00eatre une forme. Ce qui est important c&rsquo;est que vous sachiez montrer vos photographies, que vous sachiez en parler et que vous soyez en mesure de dire quelle est votre ligne directrice.\u00a0\u00bb\u00a0Je vous laisse d\u00e9couvrir comment utiliser le pouvoir de vos images mentales et ce que sont \u00ab\u00a0la valise documentaire\u00a0\u00bb et \u00ab\u00a0l&rsquo;arbre narratif\u00a0\u00bb.<\/p>\n<h2>Mon avis sur &#8230;<\/h2>\n<p>Il y a des ouvrages comme celui-ci qui vous font prendre conscience qu&rsquo;il existe encore aujourd&rsquo;hui un v\u00e9ritable \u00ab\u00a0Etat de l&rsquo;Art\u00a0\u00bb de l&rsquo;Artiste Photographe Professionnel. La somme de travail n\u00e9cessaire pour d\u00e9crocher le Graal est \u00e9norme. L&rsquo;auteur nous invite \u00e0 un voyage initiatique, sans concession, avec un franc-parler pr\u00e9cieux qui replace dans son contexte la vraie valeur d&rsquo;un artiste, et ouvre ainsi les yeux des doux r\u00eaveurs de gloire sans efforts.<\/p>\n<p>J&rsquo;ai eu v\u00e9ritablement un coup de coeur pour cet ouvrage tr\u00e8s bien \u00e9crit, dans lequel, outre les tr\u00e8s pr\u00e9cieux conseils de Fabi\u00e8ne Gay Jacob Vial, on trouvera des extraits d&rsquo;entretiens de Sylvie Hugues et Pierre-Yves Mah\u00e9, de Isabelle Saussol et Eric Bouvet, des t\u00e9moignages de deux \u00e9l\u00e8ves de Bloo, \u00e9cole de photographie et d&rsquo;images. On trouvera \u00e9galement un entretien avec Chantal Nedjib. Vous lirez avec grand int\u00e9r\u00eat les \u00e9tapes de travail de Julie Fuchs et de St\u00e9phane Jacquemin, photographes accompagn\u00e9s par Martine Mont\u00e9grandi, sans oublier le \u00ab\u00a0Int\u00e9ressez-moi\u00a0\u00bb de Andrew Stanton.<\/p>\n<p><a href=\"https:\/\/www.eyrolles.com\" target=\"_blank\" rel=\"noopener\">Editions Eyrolles<\/a><\/p>\n<h3>A Propos de l&rsquo;auteur :<\/h3>\n<p><strong>Fabi\u00e8ne Gay Jacob Vial<\/strong> est sp\u00e9cialis\u00e9e dans le conseil, la formation et le coaching. Depuis 2001, elle accompagne des professionnels de la photographie dans le d\u00e9veloppement de leurs projets ainsi que des professionnels de la communication dans la cr\u00e9ation d&rsquo;entreprises dans le domaine de la photographie.[\/vc_column_text][\/vc_column][\/vc_row][vc_row icon_animation=\u00a0\u00bb\u00a0\u00bb title=\u00a0\u00bbCoup de Coeur Web\u00a0\u00bb read_more=\u00a0\u00bbnone\u00a0\u00bb link=\u00a0\u00bb\u00a0\u00bb read_text=\u00a0\u00bbRead More\u00a0\u00bb hover_effect=\u00a0\u00bbstyle_1&Prime; pos=\u00a0\u00bbleft\u00a0\u00bb box_min_height=\u00a0\u00bb\u00a0\u00bb box_border_style=\u00a0\u00bb\u00a0\u00bb box_border_width=\u00a0\u00bb\u00a0\u00bb box_border_color=\u00a0\u00bb\u00a0\u00bb box_bg_color=\u00a0\u00bb\u00a0\u00bb title_text_typography=\u00a0\u00bb\u00a0\u00bb heading_tag=\u00a0\u00bbh2&Prime; title_font=\u00a0\u00bb\u00a0\u00bb title_font_style=\u00a0\u00bb\u00a0\u00bb desc_text_typography=\u00a0\u00bb\u00a0\u00bb desc_font=\u00a0\u00bb\u00a0\u00bb desc_font_style=\u00a0\u00bb\u00a0\u00bb title_font_size=\u00a0\u00bb\u00a0\u00bb title_font_line_height=\u00a0\u00bb\u00a0\u00bb title_font_color=\u00a0\u00bb\u00a0\u00bb desc_font_size=\u00a0\u00bb\u00a0\u00bb desc_font_line_height=\u00a0\u00bb\u00a0\u00bb desc_font_color=\u00a0\u00bb\u00a0\u00bb css_info_box=\u00a0\u00bb\u00a0\u00bb][vc_column][bsf-info-box icon=\u00a0\u00bbDefaults-book\u00a0\u00bb icon_size=\u00a0\u00bb32&Prime; icon_style=\u00a0\u00bbcircle\u00a0\u00bb icon_color_bg=\u00a0\u00bb#dce8b1&Prime; title=\u00a0\u00bbTous les ouvrages que je conseille &#8230;\u00a0\u00bb heading_tag=\u00a0\u00bbh2&Prime;]La liste compl\u00e8te des ouvrages que je recommande sont dans le menu <strong>Ressources \/ Bibliographie.<\/strong><\/p>\n<p><em>Cet ouvrage est un exemplaire Presse. Je ne suis pas r\u00e9mun\u00e9r\u00e9 pour cet article\u00a0et mon avis ne refl\u00e8te que mon opinion sur l&rsquo;ouvrage.<\/em><\/p>\n<p><strong>Il n&rsquo;y a donc ni publicit\u00e9 cach\u00e9e ni placement produit.<\/strong>[\/bsf-info-box][\/vc_column][\/vc_row]<\/p>\n","protected":false},"excerpt":{"rendered":"<p>L&rsquo;auteur nous invite \u00e0 un voyage initiatique, sans concession, avec un franc-parler pr\u00e9cieux qui replace dans son contexte la vraie valeur d&rsquo;un artiste, et ouvre ainsi les yeux des doux r\u00eaveurs de gloire sans efforts.<\/p>\n","protected":false},"author":9,"featured_media":13144,"comment_status":"closed","ping_status":"closed","sticky":false,"template":"","format":"standard","meta":{"footnotes":""},"categories":[69,657],"tags":[2844,2845,116],"class_list":["post-13140","post","type-post","status-publish","format-standard","has-post-thumbnail","hentry","category-actualite","category-livre","tag-artiste","tag-artiste-photographe","tag-livre"],"yoast_head":"<!-- This site is optimized with the Yoast SEO plugin v27.3 - https:\/\/yoast.com\/product\/yoast-seo-wordpress\/ -->\n<title>Mon avis sur... Artiste Photographe de Fabi\u00e8ne Gay Jacob Vial 2e \u00e9dition<\/title>\n<meta name=\"description\" content=\"L&#039;auteur nous invite \u00e0 un voyage initiatique, sans concession, avec un franc-parler pr\u00e9cieux qui replace dans son contexte la vraie valeur d&#039;un artiste, ...\" \/>\n<meta name=\"robots\" content=\"index, follow, max-snippet:-1, max-image-preview:large, max-video-preview:-1\" \/>\n<link rel=\"canonical\" href=\"https:\/\/danielonway.fr\/DanielOnWay\/avis-artiste-photographe\/\" \/>\n<meta property=\"og:locale\" content=\"fr_FR\" \/>\n<meta property=\"og:type\" content=\"article\" \/>\n<meta property=\"og:title\" content=\"Mon avis sur... Artiste Photographe de Fabi\u00e8ne Gay Jacob Vial 2e \u00e9dition\" \/>\n<meta property=\"og:description\" content=\"L&#039;auteur nous invite \u00e0 un voyage initiatique, sans concession, avec un franc-parler pr\u00e9cieux qui replace dans son contexte la vraie valeur d&#039;un artiste, ...\" \/>\n<meta property=\"og:url\" content=\"https:\/\/danielonway.fr\/DanielOnWay\/avis-artiste-photographe\/\" \/>\n<meta property=\"og:site_name\" content=\"DanielOnWay - Photographie - Vid\u00e9o - Drone\" \/>\n<meta property=\"article:publisher\" content=\"https:\/\/www.facebook.com\/danielonway\" \/>\n<meta property=\"article:author\" content=\"https:\/\/www.facebook.com\/danielonway\" \/>\n<meta property=\"article:published_time\" content=\"2018-11-02T08:30:51+00:00\" \/>\n<meta property=\"article:modified_time\" content=\"2023-12-21T09:27:49+00:00\" \/>\n<meta property=\"og:image\" content=\"https:\/\/danielonway.fr\/DanielOnWay\/wp-content\/uploads\/2018\/11\/ArtistePhotographe.jpg\" \/>\n\t<meta property=\"og:image:width\" content=\"287\" \/>\n\t<meta property=\"og:image:height\" content=\"430\" \/>\n\t<meta property=\"og:image:type\" content=\"image\/jpeg\" \/>\n<meta name=\"author\" content=\"Daniel BRUCHET\" \/>\n<meta name=\"twitter:card\" content=\"summary_large_image\" \/>\n<meta name=\"twitter:creator\" content=\"@danielonway\" \/>\n<meta name=\"twitter:site\" content=\"@danielonway\" \/>\n<meta name=\"twitter:label1\" content=\"\u00c9crit par\" \/>\n\t<meta name=\"twitter:data1\" content=\"Daniel BRUCHET\" \/>\n\t<meta name=\"twitter:label2\" content=\"Dur\u00e9e de lecture estim\u00e9e\" \/>\n\t<meta name=\"twitter:data2\" content=\"7 minutes\" \/>\n<script type=\"application\/ld+json\" class=\"yoast-schema-graph\">{\"@context\":\"https:\\\/\\\/schema.org\",\"@graph\":[{\"@type\":\"Article\",\"@id\":\"https:\\\/\\\/danielonway.fr\\\/DanielOnWay\\\/avis-artiste-photographe\\\/#article\",\"isPartOf\":{\"@id\":\"https:\\\/\\\/danielonway.fr\\\/DanielOnWay\\\/avis-artiste-photographe\\\/\"},\"author\":{\"name\":\"Daniel BRUCHET\",\"@id\":\"https:\\\/\\\/danielonway.fr\\\/DanielOnWay\\\/#\\\/schema\\\/person\\\/4dab8f3634b87c1f28ae709f14913856\"},\"headline\":\"Artiste Photographe 2\u00e9d. de Fabi\u00e8ne Gay Jacob Vial\",\"datePublished\":\"2018-11-02T08:30:51+00:00\",\"dateModified\":\"2023-12-21T09:27:49+00:00\",\"mainEntityOfPage\":{\"@id\":\"https:\\\/\\\/danielonway.fr\\\/DanielOnWay\\\/avis-artiste-photographe\\\/\"},\"wordCount\":1535,\"publisher\":{\"@id\":\"https:\\\/\\\/danielonway.fr\\\/DanielOnWay\\\/#\\\/schema\\\/person\\\/4dab8f3634b87c1f28ae709f14913856\"},\"image\":{\"@id\":\"https:\\\/\\\/danielonway.fr\\\/DanielOnWay\\\/avis-artiste-photographe\\\/#primaryimage\"},\"thumbnailUrl\":\"https:\\\/\\\/danielonway.fr\\\/DanielOnWay\\\/wp-content\\\/uploads\\\/2018\\\/11\\\/ArtistePhotographe.jpg\",\"keywords\":[\"artiste\",\"artiste photographe\",\"livre\"],\"articleSection\":[\"Actualit\u00e9\",\"Livre\"],\"inLanguage\":\"fr-FR\"},{\"@type\":\"WebPage\",\"@id\":\"https:\\\/\\\/danielonway.fr\\\/DanielOnWay\\\/avis-artiste-photographe\\\/\",\"url\":\"https:\\\/\\\/danielonway.fr\\\/DanielOnWay\\\/avis-artiste-photographe\\\/\",\"name\":\"Mon avis sur... Artiste Photographe de Fabi\u00e8ne Gay Jacob Vial 2e \u00e9dition\",\"isPartOf\":{\"@id\":\"https:\\\/\\\/danielonway.fr\\\/DanielOnWay\\\/#website\"},\"primaryImageOfPage\":{\"@id\":\"https:\\\/\\\/danielonway.fr\\\/DanielOnWay\\\/avis-artiste-photographe\\\/#primaryimage\"},\"image\":{\"@id\":\"https:\\\/\\\/danielonway.fr\\\/DanielOnWay\\\/avis-artiste-photographe\\\/#primaryimage\"},\"thumbnailUrl\":\"https:\\\/\\\/danielonway.fr\\\/DanielOnWay\\\/wp-content\\\/uploads\\\/2018\\\/11\\\/ArtistePhotographe.jpg\",\"datePublished\":\"2018-11-02T08:30:51+00:00\",\"dateModified\":\"2023-12-21T09:27:49+00:00\",\"description\":\"L'auteur nous invite \u00e0 un voyage initiatique, sans concession, avec un franc-parler pr\u00e9cieux qui replace dans son contexte la vraie valeur d'un artiste, ...\",\"breadcrumb\":{\"@id\":\"https:\\\/\\\/danielonway.fr\\\/DanielOnWay\\\/avis-artiste-photographe\\\/#breadcrumb\"},\"inLanguage\":\"fr-FR\",\"potentialAction\":[{\"@type\":\"ReadAction\",\"target\":[\"https:\\\/\\\/danielonway.fr\\\/DanielOnWay\\\/avis-artiste-photographe\\\/\"]}]},{\"@type\":\"ImageObject\",\"inLanguage\":\"fr-FR\",\"@id\":\"https:\\\/\\\/danielonway.fr\\\/DanielOnWay\\\/avis-artiste-photographe\\\/#primaryimage\",\"url\":\"https:\\\/\\\/danielonway.fr\\\/DanielOnWay\\\/wp-content\\\/uploads\\\/2018\\\/11\\\/ArtistePhotographe.jpg\",\"contentUrl\":\"https:\\\/\\\/danielonway.fr\\\/DanielOnWay\\\/wp-content\\\/uploads\\\/2018\\\/11\\\/ArtistePhotographe.jpg\",\"width\":287,\"height\":430,\"caption\":\"Artiste Photographe\"},{\"@type\":\"BreadcrumbList\",\"@id\":\"https:\\\/\\\/danielonway.fr\\\/DanielOnWay\\\/avis-artiste-photographe\\\/#breadcrumb\",\"itemListElement\":[{\"@type\":\"ListItem\",\"position\":1,\"name\":\"Accueil\",\"item\":\"https:\\\/\\\/danielonway.fr\\\/DanielOnWay\\\/\"},{\"@type\":\"ListItem\",\"position\":2,\"name\":\"Actualit\u00e9\",\"item\":\"https:\\\/\\\/danielonway.fr\\\/DanielOnWay\\\/cat\u00e9gorie\\\/actualite\\\/\"},{\"@type\":\"ListItem\",\"position\":3,\"name\":\"Artiste Photographe 2\u00e9d. de Fabi\u00e8ne Gay Jacob Vial\"}]},{\"@type\":\"WebSite\",\"@id\":\"https:\\\/\\\/danielonway.fr\\\/DanielOnWay\\\/#website\",\"url\":\"https:\\\/\\\/danielonway.fr\\\/DanielOnWay\\\/\",\"name\":\"DanielOnWay - Photographie - Vid\u00e9o - Drone\",\"description\":\"Photographie, Vid\u00e9o, Drone\",\"publisher\":{\"@id\":\"https:\\\/\\\/danielonway.fr\\\/DanielOnWay\\\/#\\\/schema\\\/person\\\/4dab8f3634b87c1f28ae709f14913856\"},\"potentialAction\":[{\"@type\":\"SearchAction\",\"target\":{\"@type\":\"EntryPoint\",\"urlTemplate\":\"https:\\\/\\\/danielonway.fr\\\/DanielOnWay\\\/?s={search_term_string}\"},\"query-input\":{\"@type\":\"PropertyValueSpecification\",\"valueRequired\":true,\"valueName\":\"search_term_string\"}}],\"inLanguage\":\"fr-FR\"},{\"@type\":[\"Person\",\"Organization\"],\"@id\":\"https:\\\/\\\/danielonway.fr\\\/DanielOnWay\\\/#\\\/schema\\\/person\\\/4dab8f3634b87c1f28ae709f14913856\",\"name\":\"Daniel BRUCHET\",\"image\":{\"@type\":\"ImageObject\",\"inLanguage\":\"fr-FR\",\"@id\":\"https:\\\/\\\/secure.gravatar.com\\\/avatar\\\/b0a60aec63b56e01b36ba7272efcfe1d156a9050fefa7813e995efe51b9a02b3?s=96&d=mm&r=g\",\"url\":\"https:\\\/\\\/secure.gravatar.com\\\/avatar\\\/b0a60aec63b56e01b36ba7272efcfe1d156a9050fefa7813e995efe51b9a02b3?s=96&d=mm&r=g\",\"contentUrl\":\"https:\\\/\\\/secure.gravatar.com\\\/avatar\\\/b0a60aec63b56e01b36ba7272efcfe1d156a9050fefa7813e995efe51b9a02b3?s=96&d=mm&r=g\",\"caption\":\"Daniel BRUCHET\"},\"logo\":{\"@id\":\"https:\\\/\\\/secure.gravatar.com\\\/avatar\\\/b0a60aec63b56e01b36ba7272efcfe1d156a9050fefa7813e995efe51b9a02b3?s=96&d=mm&r=g\"},\"description\":\"Administrateur Systeme - Principal r\u00e9dacteur\",\"sameAs\":[\"http:\\\/\\\/www.danielonway.fr\",\"https:\\\/\\\/www.facebook.com\\\/danielonway\",\"https:\\\/\\\/www.instagram.com\\\/danielonway.fr\\\/\",\"https:\\\/\\\/x.com\\\/danielonway\"],\"url\":\"https:\\\/\\\/danielonway.fr\\\/DanielOnWay\\\/author\\\/danielb\\\/\"}]}<\/script>\n<!-- \/ Yoast SEO plugin. -->","yoast_head_json":{"title":"Mon avis sur... Artiste Photographe de Fabi\u00e8ne Gay Jacob Vial 2e \u00e9dition","description":"L'auteur nous invite \u00e0 un voyage initiatique, sans concession, avec un franc-parler pr\u00e9cieux qui replace dans son contexte la vraie valeur d'un artiste, ...","robots":{"index":"index","follow":"follow","max-snippet":"max-snippet:-1","max-image-preview":"max-image-preview:large","max-video-preview":"max-video-preview:-1"},"canonical":"https:\/\/danielonway.fr\/DanielOnWay\/avis-artiste-photographe\/","og_locale":"fr_FR","og_type":"article","og_title":"Mon avis sur... Artiste Photographe de Fabi\u00e8ne Gay Jacob Vial 2e \u00e9dition","og_description":"L'auteur nous invite \u00e0 un voyage initiatique, sans concession, avec un franc-parler pr\u00e9cieux qui replace dans son contexte la vraie valeur d'un artiste, ...","og_url":"https:\/\/danielonway.fr\/DanielOnWay\/avis-artiste-photographe\/","og_site_name":"DanielOnWay - Photographie - Vid\u00e9o - Drone","article_publisher":"https:\/\/www.facebook.com\/danielonway","article_author":"https:\/\/www.facebook.com\/danielonway","article_published_time":"2018-11-02T08:30:51+00:00","article_modified_time":"2023-12-21T09:27:49+00:00","og_image":[{"width":287,"height":430,"url":"https:\/\/danielonway.fr\/DanielOnWay\/wp-content\/uploads\/2018\/11\/ArtistePhotographe.jpg","type":"image\/jpeg"}],"author":"Daniel BRUCHET","twitter_card":"summary_large_image","twitter_creator":"@danielonway","twitter_site":"@danielonway","twitter_misc":{"\u00c9crit par":"Daniel BRUCHET","Dur\u00e9e de lecture estim\u00e9e":"7 minutes"},"schema":{"@context":"https:\/\/schema.org","@graph":[{"@type":"Article","@id":"https:\/\/danielonway.fr\/DanielOnWay\/avis-artiste-photographe\/#article","isPartOf":{"@id":"https:\/\/danielonway.fr\/DanielOnWay\/avis-artiste-photographe\/"},"author":{"name":"Daniel BRUCHET","@id":"https:\/\/danielonway.fr\/DanielOnWay\/#\/schema\/person\/4dab8f3634b87c1f28ae709f14913856"},"headline":"Artiste Photographe 2\u00e9d. de Fabi\u00e8ne Gay Jacob Vial","datePublished":"2018-11-02T08:30:51+00:00","dateModified":"2023-12-21T09:27:49+00:00","mainEntityOfPage":{"@id":"https:\/\/danielonway.fr\/DanielOnWay\/avis-artiste-photographe\/"},"wordCount":1535,"publisher":{"@id":"https:\/\/danielonway.fr\/DanielOnWay\/#\/schema\/person\/4dab8f3634b87c1f28ae709f14913856"},"image":{"@id":"https:\/\/danielonway.fr\/DanielOnWay\/avis-artiste-photographe\/#primaryimage"},"thumbnailUrl":"https:\/\/danielonway.fr\/DanielOnWay\/wp-content\/uploads\/2018\/11\/ArtistePhotographe.jpg","keywords":["artiste","artiste photographe","livre"],"articleSection":["Actualit\u00e9","Livre"],"inLanguage":"fr-FR"},{"@type":"WebPage","@id":"https:\/\/danielonway.fr\/DanielOnWay\/avis-artiste-photographe\/","url":"https:\/\/danielonway.fr\/DanielOnWay\/avis-artiste-photographe\/","name":"Mon avis sur... Artiste Photographe de Fabi\u00e8ne Gay Jacob Vial 2e \u00e9dition","isPartOf":{"@id":"https:\/\/danielonway.fr\/DanielOnWay\/#website"},"primaryImageOfPage":{"@id":"https:\/\/danielonway.fr\/DanielOnWay\/avis-artiste-photographe\/#primaryimage"},"image":{"@id":"https:\/\/danielonway.fr\/DanielOnWay\/avis-artiste-photographe\/#primaryimage"},"thumbnailUrl":"https:\/\/danielonway.fr\/DanielOnWay\/wp-content\/uploads\/2018\/11\/ArtistePhotographe.jpg","datePublished":"2018-11-02T08:30:51+00:00","dateModified":"2023-12-21T09:27:49+00:00","description":"L'auteur nous invite \u00e0 un voyage initiatique, sans concession, avec un franc-parler pr\u00e9cieux qui replace dans son contexte la vraie valeur d'un artiste, ...","breadcrumb":{"@id":"https:\/\/danielonway.fr\/DanielOnWay\/avis-artiste-photographe\/#breadcrumb"},"inLanguage":"fr-FR","potentialAction":[{"@type":"ReadAction","target":["https:\/\/danielonway.fr\/DanielOnWay\/avis-artiste-photographe\/"]}]},{"@type":"ImageObject","inLanguage":"fr-FR","@id":"https:\/\/danielonway.fr\/DanielOnWay\/avis-artiste-photographe\/#primaryimage","url":"https:\/\/danielonway.fr\/DanielOnWay\/wp-content\/uploads\/2018\/11\/ArtistePhotographe.jpg","contentUrl":"https:\/\/danielonway.fr\/DanielOnWay\/wp-content\/uploads\/2018\/11\/ArtistePhotographe.jpg","width":287,"height":430,"caption":"Artiste Photographe"},{"@type":"BreadcrumbList","@id":"https:\/\/danielonway.fr\/DanielOnWay\/avis-artiste-photographe\/#breadcrumb","itemListElement":[{"@type":"ListItem","position":1,"name":"Accueil","item":"https:\/\/danielonway.fr\/DanielOnWay\/"},{"@type":"ListItem","position":2,"name":"Actualit\u00e9","item":"https:\/\/danielonway.fr\/DanielOnWay\/cat\u00e9gorie\/actualite\/"},{"@type":"ListItem","position":3,"name":"Artiste Photographe 2\u00e9d. de Fabi\u00e8ne Gay Jacob Vial"}]},{"@type":"WebSite","@id":"https:\/\/danielonway.fr\/DanielOnWay\/#website","url":"https:\/\/danielonway.fr\/DanielOnWay\/","name":"DanielOnWay - Photographie - Vid\u00e9o - Drone","description":"Photographie, Vid\u00e9o, Drone","publisher":{"@id":"https:\/\/danielonway.fr\/DanielOnWay\/#\/schema\/person\/4dab8f3634b87c1f28ae709f14913856"},"potentialAction":[{"@type":"SearchAction","target":{"@type":"EntryPoint","urlTemplate":"https:\/\/danielonway.fr\/DanielOnWay\/?s={search_term_string}"},"query-input":{"@type":"PropertyValueSpecification","valueRequired":true,"valueName":"search_term_string"}}],"inLanguage":"fr-FR"},{"@type":["Person","Organization"],"@id":"https:\/\/danielonway.fr\/DanielOnWay\/#\/schema\/person\/4dab8f3634b87c1f28ae709f14913856","name":"Daniel BRUCHET","image":{"@type":"ImageObject","inLanguage":"fr-FR","@id":"https:\/\/secure.gravatar.com\/avatar\/b0a60aec63b56e01b36ba7272efcfe1d156a9050fefa7813e995efe51b9a02b3?s=96&d=mm&r=g","url":"https:\/\/secure.gravatar.com\/avatar\/b0a60aec63b56e01b36ba7272efcfe1d156a9050fefa7813e995efe51b9a02b3?s=96&d=mm&r=g","contentUrl":"https:\/\/secure.gravatar.com\/avatar\/b0a60aec63b56e01b36ba7272efcfe1d156a9050fefa7813e995efe51b9a02b3?s=96&d=mm&r=g","caption":"Daniel BRUCHET"},"logo":{"@id":"https:\/\/secure.gravatar.com\/avatar\/b0a60aec63b56e01b36ba7272efcfe1d156a9050fefa7813e995efe51b9a02b3?s=96&d=mm&r=g"},"description":"Administrateur Systeme - Principal r\u00e9dacteur","sameAs":["http:\/\/www.danielonway.fr","https:\/\/www.facebook.com\/danielonway","https:\/\/www.instagram.com\/danielonway.fr\/","https:\/\/x.com\/danielonway"],"url":"https:\/\/danielonway.fr\/DanielOnWay\/author\/danielb\/"}]}},"_links":{"self":[{"href":"https:\/\/danielonway.fr\/DanielOnWay\/wp-json\/wp\/v2\/posts\/13140","targetHints":{"allow":["GET"]}}],"collection":[{"href":"https:\/\/danielonway.fr\/DanielOnWay\/wp-json\/wp\/v2\/posts"}],"about":[{"href":"https:\/\/danielonway.fr\/DanielOnWay\/wp-json\/wp\/v2\/types\/post"}],"author":[{"embeddable":true,"href":"https:\/\/danielonway.fr\/DanielOnWay\/wp-json\/wp\/v2\/users\/9"}],"replies":[{"embeddable":true,"href":"https:\/\/danielonway.fr\/DanielOnWay\/wp-json\/wp\/v2\/comments?post=13140"}],"version-history":[{"count":10,"href":"https:\/\/danielonway.fr\/DanielOnWay\/wp-json\/wp\/v2\/posts\/13140\/revisions"}],"predecessor-version":[{"id":15900,"href":"https:\/\/danielonway.fr\/DanielOnWay\/wp-json\/wp\/v2\/posts\/13140\/revisions\/15900"}],"wp:featuredmedia":[{"embeddable":true,"href":"https:\/\/danielonway.fr\/DanielOnWay\/wp-json\/wp\/v2\/media\/13144"}],"wp:attachment":[{"href":"https:\/\/danielonway.fr\/DanielOnWay\/wp-json\/wp\/v2\/media?parent=13140"}],"wp:term":[{"taxonomy":"category","embeddable":true,"href":"https:\/\/danielonway.fr\/DanielOnWay\/wp-json\/wp\/v2\/categories?post=13140"},{"taxonomy":"post_tag","embeddable":true,"href":"https:\/\/danielonway.fr\/DanielOnWay\/wp-json\/wp\/v2\/tags?post=13140"}],"curies":[{"name":"wp","href":"https:\/\/api.w.org\/{rel}","templated":true}]}}