{"id":13168,"date":"2018-10-30T09:00:28","date_gmt":"2018-10-30T08:00:28","guid":{"rendered":"http:\/\/danielonway.fr\/DanielOnWay\/?p=13168"},"modified":"2025-08-30T09:06:53","modified_gmt":"2025-08-30T07:06:53","slug":"podcast-france-culture-saga-nadar-photographie","status":"publish","type":"post","link":"https:\/\/danielonway.fr\/DanielOnWay\/podcast-france-culture-saga-nadar-photographie\/","title":{"rendered":"La Saga Nadar &#8211; Exposition \u00e0 la BNF"},"content":{"rendered":"<p>[vc_row][vc_column][vc_column_text]<\/p>\n<p>L&rsquo;ART EST LA MATI\u00c8RE par Jean de Loisy *\u00a0Le dimanche de 14h \u00e0 15h\u00a0\u00bb<\/p>\n<p>Les Nadar : une l\u00e9gende photographique : exposition, Paris, Biblioth\u00e8que nationale de France, du 16 octobre 2018 au 3 f\u00e9vrier 2019<\/p>\n<p>Une s\u00e9lection des podcasts de France Culture en lien avec la photographie.<\/p>\n<p>Vous pouvez \u00e9couter le podcast de France Culture directement \u00e0 partir du lecteur ci-dessous.<\/p>\n<p><iframe src=\"https:\/\/www.franceculture.fr\/player\/export-reecouter?content=e13dbe07-e4f8-4b1c-9c04-69d746faa7f7\" width=\"481\" height=\"137\" frameborder=\"0\" scrolling=\"no\"><\/iframe><\/p>\n<p>Il est dessinateur, caricaturiste, \u00e9crivain, espion, \u00a0photographe, commer\u00e7ant.\u00a0Il se passionne pour l\u2019art, les animaux, les ballons. Il aime Victor Hugo, Champfleury, Jules Vernes, \u00c9douard Manet, Charles Baudelaire. Il est c\u00e9l\u00e8bre et il invente lui-m\u00eame, son nom fameux maintenant NADAR.<\/p>\n<p>Aujourd\u2019hui une exposition rend justice au g\u00e9nie des Trois Nadar, intitul\u00e9e Les Nadar, une l\u00e9gende photographique, \u00e0 la BNF du 16 octobre 2018 au 3 f\u00e9vrier 2019.<\/p>\n<hr \/>\n<p>Intervenants :<\/p>\n<div class=\"guests-list-guest-name\">Sylvie Aubenas<\/div>\n<div class=\"guests-list-guest-role\">Directrice du d\u00e9partement des Estampes et de la photographie, BNF<\/div>\n<div class=\"guests-list-guest-name\"><a href=\"https:\/\/www.franceculture.fr\/personne-paul-louis-roubert-0\">Paul Louis Roubert<\/a><\/div>\n<div class=\"guests-list-guest-role\">Docteur en histoire de l\u2019art. Membre de la soci\u00e9t\u00e9 fran\u00e7aise de photographie. Collaborateur au Comit\u00e9 de r\u00e9daction de la revue Etudes photographiques.<\/div>\n<div><\/div>\n<div>\n<hr \/>\n<\/div>\n<div><\/div>\n<div class=\"staff-block-staff-role\">Production<\/div>\n<div class=\"staff-block-staff-authors\"><a href=\"https:\/\/www.franceculture.fr\/personne-jean-de-loisy.html\">Jean de Loisy<\/a><\/div>\n<div class=\"staff-block-staff-role\">R\u00e9alisation<\/div>\n<div class=\"staff-block-staff-authors\"><a href=\"https:\/\/www.franceculture.fr\/personne-franck-lilin.html\">Franck Lilin<\/a><\/div>\n<div class=\"staff-block-staff-role\">Avec la collaboration de<\/div>\n<div class=\"staff-block-staff-authors\"><a href=\"https:\/\/www.franceculture.fr\/personne-seham-boutata.html\">Seham Boutata<\/a><\/div>\n<div><\/div>\n<hr \/>\n<p><em><a href=\"https:\/\/www.franceculture.fr\" target=\"_blank\" rel=\"noopener\">France Culture<\/a>, le site de la cha\u00eene des savoirs et de la cr\u00e9ation : <\/em><\/p>\n<p><em>actualit\u00e9, id\u00e9es, histoire, philosophie, sciences, litt\u00e9rature, art et culture.<\/em><\/p>\n<hr \/>\n<p>[\/vc_column_text][\/vc_column][\/vc_row]<\/p>\n","protected":false},"excerpt":{"rendered":"<p>Il est dessinateur, caricaturiste, \u00e9crivain, espion, \u00a0photographe, commer\u00e7ant.\u00a0Il se passionne pour l\u2019art, les animaux, les ballons. Il aime Victor Hugo, Champfleury, Jules Vernes, \u00c9douard Manet, Charles Baudelaire. Il est c\u00e9l\u00e8bre et il invente lui-m\u00eame, son nom fameux maintenant NADAR.<\/p>\n","protected":false},"author":9,"featured_media":12431,"comment_status":"closed","ping_status":"closed","sticky":false,"template":"","format":"standard","meta":{"footnotes":""},"categories":[1956],"tags":[1958,2879,1957],"class_list":["post-13168","post","type-post","status-publish","format-standard","has-post-thumbnail","hentry","category-podcastfranceculture","tag-france-culture","tag-nadar","tag-podcast"],"yoast_head":"<!-- This site is optimized with the Yoast SEO plugin v27.3 - https:\/\/yoast.com\/product\/yoast-seo-wordpress\/ -->\n<title>Podcast France Culture - La Saga Nadar - Exposition \u00e0 la BNF<\/title>\n<meta name=\"description\" content=\"Les Nadar : une l\u00e9gende photographique : exposition, Paris, Biblioth\u00e8que nationale de France, du 16 octobre 2018 au 3 f\u00e9vrier 2019 ...\" \/>\n<meta name=\"robots\" content=\"index, follow, max-snippet:-1, max-image-preview:large, max-video-preview:-1\" \/>\n<link rel=\"canonical\" href=\"https:\/\/danielonway.fr\/DanielOnWay\/podcast-france-culture-saga-nadar-photographie\/\" \/>\n<meta property=\"og:locale\" content=\"fr_FR\" \/>\n<meta property=\"og:type\" content=\"article\" \/>\n<meta property=\"og:title\" content=\"Podcast France Culture - La Saga Nadar - Exposition \u00e0 la BNF\" \/>\n<meta property=\"og:description\" content=\"Les Nadar : une l\u00e9gende photographique : exposition, Paris, Biblioth\u00e8que nationale de France, du 16 octobre 2018 au 3 f\u00e9vrier 2019 ...\" \/>\n<meta property=\"og:url\" content=\"https:\/\/danielonway.fr\/DanielOnWay\/podcast-france-culture-saga-nadar-photographie\/\" \/>\n<meta property=\"og:site_name\" content=\"DanielOnWay - Photographie - Vid\u00e9o - Drone\" \/>\n<meta property=\"article:publisher\" content=\"https:\/\/www.facebook.com\/danielonway\" \/>\n<meta property=\"article:author\" content=\"https:\/\/www.facebook.com\/danielonway\" \/>\n<meta property=\"article:published_time\" content=\"2018-10-30T08:00:28+00:00\" \/>\n<meta property=\"article:modified_time\" content=\"2025-08-30T07:06:53+00:00\" \/>\n<meta property=\"og:image\" content=\"https:\/\/danielonway.fr\/DanielOnWay\/wp-content\/uploads\/2018\/01\/franceCulture_logo2.png\" \/>\n\t<meta property=\"og:image:width\" content=\"215\" \/>\n\t<meta property=\"og:image:height\" content=\"200\" \/>\n\t<meta property=\"og:image:type\" content=\"image\/png\" \/>\n<meta name=\"author\" content=\"Daniel BRUCHET\" \/>\n<meta name=\"twitter:card\" content=\"summary_large_image\" \/>\n<meta name=\"twitter:creator\" content=\"@danielonway\" \/>\n<meta name=\"twitter:site\" content=\"@danielonway\" \/>\n<meta name=\"twitter:label1\" content=\"\u00c9crit par\" \/>\n\t<meta name=\"twitter:data1\" content=\"Daniel BRUCHET\" \/>\n\t<meta name=\"twitter:label2\" content=\"Dur\u00e9e de lecture estim\u00e9e\" \/>\n\t<meta name=\"twitter:data2\" content=\"1 minute\" \/>\n<script type=\"application\/ld+json\" class=\"yoast-schema-graph\">{\"@context\":\"https:\\\/\\\/schema.org\",\"@graph\":[{\"@type\":\"Article\",\"@id\":\"https:\\\/\\\/danielonway.fr\\\/DanielOnWay\\\/podcast-france-culture-saga-nadar-photographie\\\/#article\",\"isPartOf\":{\"@id\":\"https:\\\/\\\/danielonway.fr\\\/DanielOnWay\\\/podcast-france-culture-saga-nadar-photographie\\\/\"},\"author\":{\"name\":\"Daniel BRUCHET\",\"@id\":\"https:\\\/\\\/danielonway.fr\\\/DanielOnWay\\\/#\\\/schema\\\/person\\\/4dab8f3634b87c1f28ae709f14913856\"},\"headline\":\"La Saga Nadar &#8211; Exposition \u00e0 la BNF\",\"datePublished\":\"2018-10-30T08:00:28+00:00\",\"dateModified\":\"2025-08-30T07:06:53+00:00\",\"mainEntityOfPage\":{\"@id\":\"https:\\\/\\\/danielonway.fr\\\/DanielOnWay\\\/podcast-france-culture-saga-nadar-photographie\\\/\"},\"wordCount\":235,\"publisher\":{\"@id\":\"https:\\\/\\\/danielonway.fr\\\/DanielOnWay\\\/#\\\/schema\\\/person\\\/4dab8f3634b87c1f28ae709f14913856\"},\"image\":{\"@id\":\"https:\\\/\\\/danielonway.fr\\\/DanielOnWay\\\/podcast-france-culture-saga-nadar-photographie\\\/#primaryimage\"},\"thumbnailUrl\":\"https:\\\/\\\/danielonway.fr\\\/DanielOnWay\\\/wp-content\\\/uploads\\\/2018\\\/01\\\/franceCulture_logo2.png\",\"keywords\":[\"France Culture\",\"Nadar\",\"Podcast\"],\"articleSection\":[\"Podcast France Culture\"],\"inLanguage\":\"fr-FR\"},{\"@type\":\"WebPage\",\"@id\":\"https:\\\/\\\/danielonway.fr\\\/DanielOnWay\\\/podcast-france-culture-saga-nadar-photographie\\\/\",\"url\":\"https:\\\/\\\/danielonway.fr\\\/DanielOnWay\\\/podcast-france-culture-saga-nadar-photographie\\\/\",\"name\":\"Podcast France Culture - La Saga Nadar - Exposition \u00e0 la BNF\",\"isPartOf\":{\"@id\":\"https:\\\/\\\/danielonway.fr\\\/DanielOnWay\\\/#website\"},\"primaryImageOfPage\":{\"@id\":\"https:\\\/\\\/danielonway.fr\\\/DanielOnWay\\\/podcast-france-culture-saga-nadar-photographie\\\/#primaryimage\"},\"image\":{\"@id\":\"https:\\\/\\\/danielonway.fr\\\/DanielOnWay\\\/podcast-france-culture-saga-nadar-photographie\\\/#primaryimage\"},\"thumbnailUrl\":\"https:\\\/\\\/danielonway.fr\\\/DanielOnWay\\\/wp-content\\\/uploads\\\/2018\\\/01\\\/franceCulture_logo2.png\",\"datePublished\":\"2018-10-30T08:00:28+00:00\",\"dateModified\":\"2025-08-30T07:06:53+00:00\",\"description\":\"Les Nadar : une l\u00e9gende photographique : exposition, Paris, Biblioth\u00e8que nationale de France, du 16 octobre 2018 au 3 f\u00e9vrier 2019 ...\",\"breadcrumb\":{\"@id\":\"https:\\\/\\\/danielonway.fr\\\/DanielOnWay\\\/podcast-france-culture-saga-nadar-photographie\\\/#breadcrumb\"},\"inLanguage\":\"fr-FR\",\"potentialAction\":[{\"@type\":\"ReadAction\",\"target\":[\"https:\\\/\\\/danielonway.fr\\\/DanielOnWay\\\/podcast-france-culture-saga-nadar-photographie\\\/\"]}]},{\"@type\":\"ImageObject\",\"inLanguage\":\"fr-FR\",\"@id\":\"https:\\\/\\\/danielonway.fr\\\/DanielOnWay\\\/podcast-france-culture-saga-nadar-photographie\\\/#primaryimage\",\"url\":\"https:\\\/\\\/danielonway.fr\\\/DanielOnWay\\\/wp-content\\\/uploads\\\/2018\\\/01\\\/franceCulture_logo2.png\",\"contentUrl\":\"https:\\\/\\\/danielonway.fr\\\/DanielOnWay\\\/wp-content\\\/uploads\\\/2018\\\/01\\\/franceCulture_logo2.png\",\"width\":215,\"height\":200,\"caption\":\"Logo France Culture\"},{\"@type\":\"BreadcrumbList\",\"@id\":\"https:\\\/\\\/danielonway.fr\\\/DanielOnWay\\\/podcast-france-culture-saga-nadar-photographie\\\/#breadcrumb\",\"itemListElement\":[{\"@type\":\"ListItem\",\"position\":1,\"name\":\"Accueil\",\"item\":\"https:\\\/\\\/danielonway.fr\\\/DanielOnWay\\\/\"},{\"@type\":\"ListItem\",\"position\":2,\"name\":\"Podcast France Culture\",\"item\":\"https:\\\/\\\/danielonway.fr\\\/DanielOnWay\\\/cat\u00e9gorie\\\/podcastfranceculture\\\/\"},{\"@type\":\"ListItem\",\"position\":3,\"name\":\"La Saga Nadar &#8211; Exposition \u00e0 la BNF\"}]},{\"@type\":\"WebSite\",\"@id\":\"https:\\\/\\\/danielonway.fr\\\/DanielOnWay\\\/#website\",\"url\":\"https:\\\/\\\/danielonway.fr\\\/DanielOnWay\\\/\",\"name\":\"DanielOnWay - Photographie - Vid\u00e9o - Drone\",\"description\":\"Photographie, Vid\u00e9o, Drone\",\"publisher\":{\"@id\":\"https:\\\/\\\/danielonway.fr\\\/DanielOnWay\\\/#\\\/schema\\\/person\\\/4dab8f3634b87c1f28ae709f14913856\"},\"potentialAction\":[{\"@type\":\"SearchAction\",\"target\":{\"@type\":\"EntryPoint\",\"urlTemplate\":\"https:\\\/\\\/danielonway.fr\\\/DanielOnWay\\\/?s={search_term_string}\"},\"query-input\":{\"@type\":\"PropertyValueSpecification\",\"valueRequired\":true,\"valueName\":\"search_term_string\"}}],\"inLanguage\":\"fr-FR\"},{\"@type\":[\"Person\",\"Organization\"],\"@id\":\"https:\\\/\\\/danielonway.fr\\\/DanielOnWay\\\/#\\\/schema\\\/person\\\/4dab8f3634b87c1f28ae709f14913856\",\"name\":\"Daniel BRUCHET\",\"image\":{\"@type\":\"ImageObject\",\"inLanguage\":\"fr-FR\",\"@id\":\"https:\\\/\\\/secure.gravatar.com\\\/avatar\\\/b0a60aec63b56e01b36ba7272efcfe1d156a9050fefa7813e995efe51b9a02b3?s=96&d=mm&r=g\",\"url\":\"https:\\\/\\\/secure.gravatar.com\\\/avatar\\\/b0a60aec63b56e01b36ba7272efcfe1d156a9050fefa7813e995efe51b9a02b3?s=96&d=mm&r=g\",\"contentUrl\":\"https:\\\/\\\/secure.gravatar.com\\\/avatar\\\/b0a60aec63b56e01b36ba7272efcfe1d156a9050fefa7813e995efe51b9a02b3?s=96&d=mm&r=g\",\"caption\":\"Daniel BRUCHET\"},\"logo\":{\"@id\":\"https:\\\/\\\/secure.gravatar.com\\\/avatar\\\/b0a60aec63b56e01b36ba7272efcfe1d156a9050fefa7813e995efe51b9a02b3?s=96&d=mm&r=g\"},\"description\":\"Administrateur Systeme - Principal r\u00e9dacteur\",\"sameAs\":[\"http:\\\/\\\/www.danielonway.fr\",\"https:\\\/\\\/www.facebook.com\\\/danielonway\",\"https:\\\/\\\/www.instagram.com\\\/danielonway.fr\\\/\",\"https:\\\/\\\/x.com\\\/danielonway\"],\"url\":\"https:\\\/\\\/danielonway.fr\\\/DanielOnWay\\\/author\\\/danielb\\\/\"}]}<\/script>\n<!-- \/ Yoast SEO plugin. -->","yoast_head_json":{"title":"Podcast France Culture - La Saga Nadar - Exposition \u00e0 la BNF","description":"Les Nadar : une l\u00e9gende photographique : exposition, Paris, Biblioth\u00e8que nationale de France, du 16 octobre 2018 au 3 f\u00e9vrier 2019 ...","robots":{"index":"index","follow":"follow","max-snippet":"max-snippet:-1","max-image-preview":"max-image-preview:large","max-video-preview":"max-video-preview:-1"},"canonical":"https:\/\/danielonway.fr\/DanielOnWay\/podcast-france-culture-saga-nadar-photographie\/","og_locale":"fr_FR","og_type":"article","og_title":"Podcast France Culture - La Saga Nadar - Exposition \u00e0 la BNF","og_description":"Les Nadar : une l\u00e9gende photographique : exposition, Paris, Biblioth\u00e8que nationale de France, du 16 octobre 2018 au 3 f\u00e9vrier 2019 ...","og_url":"https:\/\/danielonway.fr\/DanielOnWay\/podcast-france-culture-saga-nadar-photographie\/","og_site_name":"DanielOnWay - Photographie - Vid\u00e9o - Drone","article_publisher":"https:\/\/www.facebook.com\/danielonway","article_author":"https:\/\/www.facebook.com\/danielonway","article_published_time":"2018-10-30T08:00:28+00:00","article_modified_time":"2025-08-30T07:06:53+00:00","og_image":[{"width":215,"height":200,"url":"https:\/\/danielonway.fr\/DanielOnWay\/wp-content\/uploads\/2018\/01\/franceCulture_logo2.png","type":"image\/png"}],"author":"Daniel BRUCHET","twitter_card":"summary_large_image","twitter_creator":"@danielonway","twitter_site":"@danielonway","twitter_misc":{"\u00c9crit par":"Daniel BRUCHET","Dur\u00e9e de lecture estim\u00e9e":"1 minute"},"schema":{"@context":"https:\/\/schema.org","@graph":[{"@type":"Article","@id":"https:\/\/danielonway.fr\/DanielOnWay\/podcast-france-culture-saga-nadar-photographie\/#article","isPartOf":{"@id":"https:\/\/danielonway.fr\/DanielOnWay\/podcast-france-culture-saga-nadar-photographie\/"},"author":{"name":"Daniel BRUCHET","@id":"https:\/\/danielonway.fr\/DanielOnWay\/#\/schema\/person\/4dab8f3634b87c1f28ae709f14913856"},"headline":"La Saga Nadar &#8211; Exposition \u00e0 la BNF","datePublished":"2018-10-30T08:00:28+00:00","dateModified":"2025-08-30T07:06:53+00:00","mainEntityOfPage":{"@id":"https:\/\/danielonway.fr\/DanielOnWay\/podcast-france-culture-saga-nadar-photographie\/"},"wordCount":235,"publisher":{"@id":"https:\/\/danielonway.fr\/DanielOnWay\/#\/schema\/person\/4dab8f3634b87c1f28ae709f14913856"},"image":{"@id":"https:\/\/danielonway.fr\/DanielOnWay\/podcast-france-culture-saga-nadar-photographie\/#primaryimage"},"thumbnailUrl":"https:\/\/danielonway.fr\/DanielOnWay\/wp-content\/uploads\/2018\/01\/franceCulture_logo2.png","keywords":["France Culture","Nadar","Podcast"],"articleSection":["Podcast France Culture"],"inLanguage":"fr-FR"},{"@type":"WebPage","@id":"https:\/\/danielonway.fr\/DanielOnWay\/podcast-france-culture-saga-nadar-photographie\/","url":"https:\/\/danielonway.fr\/DanielOnWay\/podcast-france-culture-saga-nadar-photographie\/","name":"Podcast France Culture - La Saga Nadar - Exposition \u00e0 la BNF","isPartOf":{"@id":"https:\/\/danielonway.fr\/DanielOnWay\/#website"},"primaryImageOfPage":{"@id":"https:\/\/danielonway.fr\/DanielOnWay\/podcast-france-culture-saga-nadar-photographie\/#primaryimage"},"image":{"@id":"https:\/\/danielonway.fr\/DanielOnWay\/podcast-france-culture-saga-nadar-photographie\/#primaryimage"},"thumbnailUrl":"https:\/\/danielonway.fr\/DanielOnWay\/wp-content\/uploads\/2018\/01\/franceCulture_logo2.png","datePublished":"2018-10-30T08:00:28+00:00","dateModified":"2025-08-30T07:06:53+00:00","description":"Les Nadar : une l\u00e9gende photographique : exposition, Paris, Biblioth\u00e8que nationale de France, du 16 octobre 2018 au 3 f\u00e9vrier 2019 ...","breadcrumb":{"@id":"https:\/\/danielonway.fr\/DanielOnWay\/podcast-france-culture-saga-nadar-photographie\/#breadcrumb"},"inLanguage":"fr-FR","potentialAction":[{"@type":"ReadAction","target":["https:\/\/danielonway.fr\/DanielOnWay\/podcast-france-culture-saga-nadar-photographie\/"]}]},{"@type":"ImageObject","inLanguage":"fr-FR","@id":"https:\/\/danielonway.fr\/DanielOnWay\/podcast-france-culture-saga-nadar-photographie\/#primaryimage","url":"https:\/\/danielonway.fr\/DanielOnWay\/wp-content\/uploads\/2018\/01\/franceCulture_logo2.png","contentUrl":"https:\/\/danielonway.fr\/DanielOnWay\/wp-content\/uploads\/2018\/01\/franceCulture_logo2.png","width":215,"height":200,"caption":"Logo France Culture"},{"@type":"BreadcrumbList","@id":"https:\/\/danielonway.fr\/DanielOnWay\/podcast-france-culture-saga-nadar-photographie\/#breadcrumb","itemListElement":[{"@type":"ListItem","position":1,"name":"Accueil","item":"https:\/\/danielonway.fr\/DanielOnWay\/"},{"@type":"ListItem","position":2,"name":"Podcast France Culture","item":"https:\/\/danielonway.fr\/DanielOnWay\/cat\u00e9gorie\/podcastfranceculture\/"},{"@type":"ListItem","position":3,"name":"La Saga Nadar &#8211; Exposition \u00e0 la BNF"}]},{"@type":"WebSite","@id":"https:\/\/danielonway.fr\/DanielOnWay\/#website","url":"https:\/\/danielonway.fr\/DanielOnWay\/","name":"DanielOnWay - Photographie - Vid\u00e9o - Drone","description":"Photographie, Vid\u00e9o, Drone","publisher":{"@id":"https:\/\/danielonway.fr\/DanielOnWay\/#\/schema\/person\/4dab8f3634b87c1f28ae709f14913856"},"potentialAction":[{"@type":"SearchAction","target":{"@type":"EntryPoint","urlTemplate":"https:\/\/danielonway.fr\/DanielOnWay\/?s={search_term_string}"},"query-input":{"@type":"PropertyValueSpecification","valueRequired":true,"valueName":"search_term_string"}}],"inLanguage":"fr-FR"},{"@type":["Person","Organization"],"@id":"https:\/\/danielonway.fr\/DanielOnWay\/#\/schema\/person\/4dab8f3634b87c1f28ae709f14913856","name":"Daniel BRUCHET","image":{"@type":"ImageObject","inLanguage":"fr-FR","@id":"https:\/\/secure.gravatar.com\/avatar\/b0a60aec63b56e01b36ba7272efcfe1d156a9050fefa7813e995efe51b9a02b3?s=96&d=mm&r=g","url":"https:\/\/secure.gravatar.com\/avatar\/b0a60aec63b56e01b36ba7272efcfe1d156a9050fefa7813e995efe51b9a02b3?s=96&d=mm&r=g","contentUrl":"https:\/\/secure.gravatar.com\/avatar\/b0a60aec63b56e01b36ba7272efcfe1d156a9050fefa7813e995efe51b9a02b3?s=96&d=mm&r=g","caption":"Daniel BRUCHET"},"logo":{"@id":"https:\/\/secure.gravatar.com\/avatar\/b0a60aec63b56e01b36ba7272efcfe1d156a9050fefa7813e995efe51b9a02b3?s=96&d=mm&r=g"},"description":"Administrateur Systeme - Principal r\u00e9dacteur","sameAs":["http:\/\/www.danielonway.fr","https:\/\/www.facebook.com\/danielonway","https:\/\/www.instagram.com\/danielonway.fr\/","https:\/\/x.com\/danielonway"],"url":"https:\/\/danielonway.fr\/DanielOnWay\/author\/danielb\/"}]}},"_links":{"self":[{"href":"https:\/\/danielonway.fr\/DanielOnWay\/wp-json\/wp\/v2\/posts\/13168","targetHints":{"allow":["GET"]}}],"collection":[{"href":"https:\/\/danielonway.fr\/DanielOnWay\/wp-json\/wp\/v2\/posts"}],"about":[{"href":"https:\/\/danielonway.fr\/DanielOnWay\/wp-json\/wp\/v2\/types\/post"}],"author":[{"embeddable":true,"href":"https:\/\/danielonway.fr\/DanielOnWay\/wp-json\/wp\/v2\/users\/9"}],"replies":[{"embeddable":true,"href":"https:\/\/danielonway.fr\/DanielOnWay\/wp-json\/wp\/v2\/comments?post=13168"}],"version-history":[{"count":4,"href":"https:\/\/danielonway.fr\/DanielOnWay\/wp-json\/wp\/v2\/posts\/13168\/revisions"}],"predecessor-version":[{"id":16292,"href":"https:\/\/danielonway.fr\/DanielOnWay\/wp-json\/wp\/v2\/posts\/13168\/revisions\/16292"}],"wp:featuredmedia":[{"embeddable":true,"href":"https:\/\/danielonway.fr\/DanielOnWay\/wp-json\/wp\/v2\/media\/12431"}],"wp:attachment":[{"href":"https:\/\/danielonway.fr\/DanielOnWay\/wp-json\/wp\/v2\/media?parent=13168"}],"wp:term":[{"taxonomy":"category","embeddable":true,"href":"https:\/\/danielonway.fr\/DanielOnWay\/wp-json\/wp\/v2\/categories?post=13168"},{"taxonomy":"post_tag","embeddable":true,"href":"https:\/\/danielonway.fr\/DanielOnWay\/wp-json\/wp\/v2\/tags?post=13168"}],"curies":[{"name":"wp","href":"https:\/\/api.w.org\/{rel}","templated":true}]}}