{"id":13445,"date":"2018-11-16T16:15:02","date_gmt":"2018-11-16T15:15:02","guid":{"rendered":"http:\/\/danielonway.fr\/DanielOnWay\/?p=13445"},"modified":"2018-11-19T08:14:59","modified_gmt":"2018-11-19T07:14:59","slug":"salon-photo-2018","status":"publish","type":"post","link":"https:\/\/danielonway.fr\/DanielOnWay\/salon-photo-2018\/","title":{"rendered":"Mes coups de coeur au Salon de la Photo 2018"},"content":{"rendered":"<p>[vc_row][vc_column][bsf-info-box icon=\u00a0\u00bbDefaults-film\u00a0\u00bb icon_size=\u00a0\u00bb32&Prime; icon_color=\u00a0\u00bb#000000&Prime; icon_style=\u00a0\u00bbcircle\u00a0\u00bb icon_color_bg=\u00a0\u00bb#dce8b1&Prime; title=\u00a0\u00bbL&rsquo;article en Vid\u00e9o\u00a0\u00bb heading_tag=\u00a0\u00bbh2&Prime; pos=\u00a0\u00bbleft\u00a0\u00bb]<iframe src=\"https:\/\/www.youtube.com\/embed\/Mv8HHmmFAdE\" width=\"560\" height=\"315\" frameborder=\"0\" allowfullscreen=\"allowfullscreen\"><\/iframe>[\/bsf-info-box][vc_column_text]Cette semaine je vous invite \u00e0 voir des images tourn\u00e9es au Salon de la Photo 2018 qui a eu lieu du 8 au 12 Novembre, Porte de Versailles \u00e0 Paris. Nous aurons l\u2019opportunit\u00e9 d\u2019en parler dans les vid\u00e9os d\u2019explication des tournages que je vous pr\u00e9pare.<\/p>\n<p>Comme vous le verrez dans la vid\u00e9o, j&rsquo;ai eu l&rsquo;opportunit\u00e9 et la chance de rencontrer des youtubers sp\u00e9cialis\u00e9s dans la photo et\/ou la vid\u00e9o. J&rsquo;ai beaucoup appr\u00e9ci\u00e9 nos brefs \u00e9changes et je salue \u00e0 la fois leur disponibilit\u00e9, leur enthousiasme et leur bonne humeur communicative.<\/p>\n<p>J&rsquo;ai eu le bonheur de rencontrer \u00e9galement des conf\u00e9renciers de talent &#8211; Christophe Audebert, Gilles Th\u00e9ophile et Me Jo\u00eblle Verbrugge &#8211; pour ne citer que ceux pour lesquels j&rsquo;ai pu assister \u00e0 la conf\u00e9rence. J&rsquo;ai pris beaucoup de plaisir lors des ateliers de photographie culinaire en compagnie des tr\u00e8s talentueux Laurent et David Rodriguez, officiant sous le regard bienveillant de Jean-Pierre PJ St\u00e9phan &#8211; Pr\u00e9sident Fondateur du FIPC ( Festival International de la Photographie Culinaire).<\/p>\n<p>J&rsquo;ai pass\u00e9 de tr\u00e8s bons moments lors des ateliers portraits sur le stand Profoto en compagnie d&rsquo;un ancien photographe des Studios Harcourt.<\/p>\n<p>Je me suis rendu sur les stands de Sony et DJI &#8211; \u00e9videmment -, mais aussi ceux de Canon et de Nikon. J&rsquo;ai rencontr\u00e9 et pris des contacts avec d&rsquo;autres marques dont j&rsquo;aurai s\u00fbrement l&rsquo;occasion de vous parler si les contacts d\u00e9bouchent sur du concret. Je n&rsquo;oublie pas les stands des \u00e9ditions Eyrolles, dont je vous parle tr\u00e8s souvent et enfin le stand de Comp\u00e9tence Photo.<\/p>\n<p>Dans l&rsquo;ordre d&rsquo;apparition dans la vid\u00e9o, vous reconnaitrez sans aucun doute : R\u00e9gis Moscardini du site Auxois Nature, Jean Christophe Dichant de Nikon Passion, Julien Fabro \u00e0 retrouver sur sa chaine youtube, Jerome Keinborg de Nowtech et Albert de SosCine, Olivier Schmitt, Steven, Grain, que vous retrouvez sur leurs chaines youtube et leurs r\u00e9seaux sociaux, S\u00e9bastien Roignant du site F1.4, Christophe Audebert dont j&rsquo;ai parl\u00e9 des ouvrages sur ce site, Gilles Th\u00e9ophile sp\u00e9cialiste Lightroom, Me Joelle Verbrugge sp\u00e9cialiste du droit en photographie, Laurent et David Rodriguez, Jean Pierre PJ St\u00e9phan.<\/p>\n<p>Merci \u00e0 tous ceux que j&rsquo;ai pris du plaisir \u00e0 rencontrer. En ce qui me concerne, j&rsquo;ai pass\u00e9 de tr\u00e8s bons moments et je ne regrette pas un seul instant d&rsquo;y \u00eatre all\u00e9.<\/p>\n<p>A l&rsquo;ann\u00e9e prochaine pour un nouveau Salon de la Photo ![\/vc_column_text][\/vc_column][\/vc_row][vc_row][vc_column][vc_column_text]Voil\u00e0 c\u2019est tout pour aujourd\u2019hui. A bient\u00f4t pour de prochaines vid\u00e9os,<\/p>\n<p><b>Et en attendant faites des photos !<\/b>[\/vc_column_text][\/vc_column][\/vc_row]<\/p>\n","protected":false},"excerpt":{"rendered":"<p>Cette semaine je vous invite \u00e0 voir des images tourn\u00e9es au Salon de la Photo 2018 qui a eu lieu du 8 au 12 Novembre, Porte de Versailles \u00e0 Paris &#8230;<\/p>\n","protected":false},"author":9,"featured_media":13447,"comment_status":"closed","ping_status":"closed","sticky":false,"template":"","format":"standard","meta":{"footnotes":""},"categories":[69],"tags":[2998,661],"class_list":["post-13445","post","type-post","status-publish","format-standard","has-post-thumbnail","hentry","category-actualite","tag-salon-de-la-photo","tag-video"],"yoast_head":"<!-- This site is optimized with the Yoast SEO plugin v27.3 - https:\/\/yoast.com\/product\/yoast-seo-wordpress\/ -->\n<title>Mes coups de coeur au Salon de la Photo 2018 \u00e0 Paris<\/title>\n<meta name=\"description\" content=\"Cette semaine je vous invite \u00e0 voir des images tourn\u00e9es au Salon de la Photo 2018 qui a eu lieu du 8 au 12 Novembre, Porte de Versailles \u00e0 Paris ...\" \/>\n<meta name=\"robots\" content=\"index, follow, max-snippet:-1, max-image-preview:large, max-video-preview:-1\" \/>\n<link rel=\"canonical\" href=\"https:\/\/danielonway.fr\/DanielOnWay\/salon-photo-2018\/\" \/>\n<meta property=\"og:locale\" content=\"fr_FR\" \/>\n<meta property=\"og:type\" content=\"article\" \/>\n<meta property=\"og:title\" content=\"R\u00e9trospective du Salon de la Photo - Paris\" \/>\n<meta property=\"og:description\" content=\"Je vous invite \u00e0 voir des images tourn\u00e9es au Salon de la Photo 2018 qui a eu lieu du 8 au 12 Novembre, Porte de Versailles \u00e0 Paris ...\" \/>\n<meta property=\"og:url\" content=\"https:\/\/danielonway.fr\/DanielOnWay\/salon-photo-2018\/\" \/>\n<meta property=\"og:site_name\" content=\"DanielOnWay - Photographie - Vid\u00e9o - Drone\" \/>\n<meta property=\"article:publisher\" content=\"https:\/\/www.facebook.com\/danielonway\" \/>\n<meta property=\"article:author\" content=\"https:\/\/www.facebook.com\/danielonway\" \/>\n<meta property=\"article:published_time\" content=\"2018-11-16T15:15:02+00:00\" \/>\n<meta property=\"article:modified_time\" content=\"2018-11-19T07:14:59+00:00\" \/>\n<meta property=\"og:image\" content=\"https:\/\/danielonway.fr\/DanielOnWay\/wp-content\/uploads\/2018\/10\/SalonPhoto2018.jpeg\" \/>\n\t<meta property=\"og:image:width\" content=\"600\" \/>\n\t<meta property=\"og:image:height\" content=\"849\" \/>\n\t<meta property=\"og:image:type\" content=\"image\/jpeg\" \/>\n<meta name=\"author\" content=\"Daniel BRUCHET\" \/>\n<meta name=\"twitter:card\" content=\"summary_large_image\" \/>\n<meta name=\"twitter:title\" content=\"R\u00e9trospective du Salon de la Photo\" \/>\n<meta name=\"twitter:description\" content=\"Je vous invite \u00e0 voir des images tourn\u00e9es au Salon de la Photo 2018 qui a eu lieu du 8 au 12 Novembre, Porte de Versailles \u00e0 Paris ...\" \/>\n<meta name=\"twitter:image\" content=\"https:\/\/danielonway.fr\/DanielOnWay\/wp-content\/uploads\/2018\/10\/SalonPhoto2018.jpeg\" \/>\n<meta name=\"twitter:creator\" content=\"@danielonway\" \/>\n<meta name=\"twitter:site\" content=\"@danielonway\" \/>\n<meta name=\"twitter:label1\" content=\"\u00c9crit par\" \/>\n\t<meta name=\"twitter:data1\" content=\"Daniel BRUCHET\" \/>\n\t<meta name=\"twitter:label2\" content=\"Dur\u00e9e de lecture estim\u00e9e\" \/>\n\t<meta name=\"twitter:data2\" content=\"2 minutes\" \/>\n<script type=\"application\/ld+json\" class=\"yoast-schema-graph\">{\"@context\":\"https:\\\/\\\/schema.org\",\"@graph\":[{\"@type\":\"Article\",\"@id\":\"https:\\\/\\\/danielonway.fr\\\/DanielOnWay\\\/salon-photo-2018\\\/#article\",\"isPartOf\":{\"@id\":\"https:\\\/\\\/danielonway.fr\\\/DanielOnWay\\\/salon-photo-2018\\\/\"},\"author\":{\"name\":\"Daniel BRUCHET\",\"@id\":\"https:\\\/\\\/danielonway.fr\\\/DanielOnWay\\\/#\\\/schema\\\/person\\\/4dab8f3634b87c1f28ae709f14913856\"},\"headline\":\"Mes coups de coeur au Salon de la Photo 2018\",\"datePublished\":\"2018-11-16T15:15:02+00:00\",\"dateModified\":\"2018-11-19T07:14:59+00:00\",\"mainEntityOfPage\":{\"@id\":\"https:\\\/\\\/danielonway.fr\\\/DanielOnWay\\\/salon-photo-2018\\\/\"},\"wordCount\":513,\"publisher\":{\"@id\":\"https:\\\/\\\/danielonway.fr\\\/DanielOnWay\\\/#\\\/schema\\\/person\\\/4dab8f3634b87c1f28ae709f14913856\"},\"image\":{\"@id\":\"https:\\\/\\\/danielonway.fr\\\/DanielOnWay\\\/salon-photo-2018\\\/#primaryimage\"},\"thumbnailUrl\":\"https:\\\/\\\/danielonway.fr\\\/DanielOnWay\\\/wp-content\\\/uploads\\\/2018\\\/11\\\/Version-d\u201afinitive-OK.jpg\",\"keywords\":[\"Salon de la photo\",\"Vid\u00e9o\"],\"articleSection\":[\"Actualit\u00e9\"],\"inLanguage\":\"fr-FR\"},{\"@type\":\"WebPage\",\"@id\":\"https:\\\/\\\/danielonway.fr\\\/DanielOnWay\\\/salon-photo-2018\\\/\",\"url\":\"https:\\\/\\\/danielonway.fr\\\/DanielOnWay\\\/salon-photo-2018\\\/\",\"name\":\"Mes coups de coeur au Salon de la Photo 2018 \u00e0 Paris\",\"isPartOf\":{\"@id\":\"https:\\\/\\\/danielonway.fr\\\/DanielOnWay\\\/#website\"},\"primaryImageOfPage\":{\"@id\":\"https:\\\/\\\/danielonway.fr\\\/DanielOnWay\\\/salon-photo-2018\\\/#primaryimage\"},\"image\":{\"@id\":\"https:\\\/\\\/danielonway.fr\\\/DanielOnWay\\\/salon-photo-2018\\\/#primaryimage\"},\"thumbnailUrl\":\"https:\\\/\\\/danielonway.fr\\\/DanielOnWay\\\/wp-content\\\/uploads\\\/2018\\\/11\\\/Version-d\u201afinitive-OK.jpg\",\"datePublished\":\"2018-11-16T15:15:02+00:00\",\"dateModified\":\"2018-11-19T07:14:59+00:00\",\"description\":\"Cette semaine je vous invite \u00e0 voir des images tourn\u00e9es au Salon de la Photo 2018 qui a eu lieu du 8 au 12 Novembre, Porte de Versailles \u00e0 Paris ...\",\"breadcrumb\":{\"@id\":\"https:\\\/\\\/danielonway.fr\\\/DanielOnWay\\\/salon-photo-2018\\\/#breadcrumb\"},\"inLanguage\":\"fr-FR\",\"potentialAction\":[{\"@type\":\"ReadAction\",\"target\":[\"https:\\\/\\\/danielonway.fr\\\/DanielOnWay\\\/salon-photo-2018\\\/\"]}]},{\"@type\":\"ImageObject\",\"inLanguage\":\"fr-FR\",\"@id\":\"https:\\\/\\\/danielonway.fr\\\/DanielOnWay\\\/salon-photo-2018\\\/#primaryimage\",\"url\":\"https:\\\/\\\/danielonway.fr\\\/DanielOnWay\\\/wp-content\\\/uploads\\\/2018\\\/11\\\/Version-d\u201afinitive-OK.jpg\",\"contentUrl\":\"https:\\\/\\\/danielonway.fr\\\/DanielOnWay\\\/wp-content\\\/uploads\\\/2018\\\/11\\\/Version-d\u201afinitive-OK.jpg\",\"width\":3630,\"height\":5128},{\"@type\":\"BreadcrumbList\",\"@id\":\"https:\\\/\\\/danielonway.fr\\\/DanielOnWay\\\/salon-photo-2018\\\/#breadcrumb\",\"itemListElement\":[{\"@type\":\"ListItem\",\"position\":1,\"name\":\"Accueil\",\"item\":\"https:\\\/\\\/danielonway.fr\\\/DanielOnWay\\\/\"},{\"@type\":\"ListItem\",\"position\":2,\"name\":\"Actualit\u00e9\",\"item\":\"https:\\\/\\\/danielonway.fr\\\/DanielOnWay\\\/cat\u00e9gorie\\\/actualite\\\/\"},{\"@type\":\"ListItem\",\"position\":3,\"name\":\"Mes coups de coeur au Salon de la Photo 2018\"}]},{\"@type\":\"WebSite\",\"@id\":\"https:\\\/\\\/danielonway.fr\\\/DanielOnWay\\\/#website\",\"url\":\"https:\\\/\\\/danielonway.fr\\\/DanielOnWay\\\/\",\"name\":\"DanielOnWay - Photographie - Vid\u00e9o - Drone\",\"description\":\"Photographie, Vid\u00e9o, Drone\",\"publisher\":{\"@id\":\"https:\\\/\\\/danielonway.fr\\\/DanielOnWay\\\/#\\\/schema\\\/person\\\/4dab8f3634b87c1f28ae709f14913856\"},\"potentialAction\":[{\"@type\":\"SearchAction\",\"target\":{\"@type\":\"EntryPoint\",\"urlTemplate\":\"https:\\\/\\\/danielonway.fr\\\/DanielOnWay\\\/?s={search_term_string}\"},\"query-input\":{\"@type\":\"PropertyValueSpecification\",\"valueRequired\":true,\"valueName\":\"search_term_string\"}}],\"inLanguage\":\"fr-FR\"},{\"@type\":[\"Person\",\"Organization\"],\"@id\":\"https:\\\/\\\/danielonway.fr\\\/DanielOnWay\\\/#\\\/schema\\\/person\\\/4dab8f3634b87c1f28ae709f14913856\",\"name\":\"Daniel BRUCHET\",\"image\":{\"@type\":\"ImageObject\",\"inLanguage\":\"fr-FR\",\"@id\":\"https:\\\/\\\/secure.gravatar.com\\\/avatar\\\/b0a60aec63b56e01b36ba7272efcfe1d156a9050fefa7813e995efe51b9a02b3?s=96&d=mm&r=g\",\"url\":\"https:\\\/\\\/secure.gravatar.com\\\/avatar\\\/b0a60aec63b56e01b36ba7272efcfe1d156a9050fefa7813e995efe51b9a02b3?s=96&d=mm&r=g\",\"contentUrl\":\"https:\\\/\\\/secure.gravatar.com\\\/avatar\\\/b0a60aec63b56e01b36ba7272efcfe1d156a9050fefa7813e995efe51b9a02b3?s=96&d=mm&r=g\",\"caption\":\"Daniel BRUCHET\"},\"logo\":{\"@id\":\"https:\\\/\\\/secure.gravatar.com\\\/avatar\\\/b0a60aec63b56e01b36ba7272efcfe1d156a9050fefa7813e995efe51b9a02b3?s=96&d=mm&r=g\"},\"description\":\"Administrateur Systeme - Principal r\u00e9dacteur\",\"sameAs\":[\"http:\\\/\\\/www.danielonway.fr\",\"https:\\\/\\\/www.facebook.com\\\/danielonway\",\"https:\\\/\\\/www.instagram.com\\\/danielonway.fr\\\/\",\"https:\\\/\\\/x.com\\\/danielonway\"],\"url\":\"https:\\\/\\\/danielonway.fr\\\/DanielOnWay\\\/author\\\/danielb\\\/\"}]}<\/script>\n<!-- \/ Yoast SEO plugin. -->","yoast_head_json":{"title":"Mes coups de coeur au Salon de la Photo 2018 \u00e0 Paris","description":"Cette semaine je vous invite \u00e0 voir des images tourn\u00e9es au Salon de la Photo 2018 qui a eu lieu du 8 au 12 Novembre, Porte de Versailles \u00e0 Paris ...","robots":{"index":"index","follow":"follow","max-snippet":"max-snippet:-1","max-image-preview":"max-image-preview:large","max-video-preview":"max-video-preview:-1"},"canonical":"https:\/\/danielonway.fr\/DanielOnWay\/salon-photo-2018\/","og_locale":"fr_FR","og_type":"article","og_title":"R\u00e9trospective du Salon de la Photo - Paris","og_description":"Je vous invite \u00e0 voir des images tourn\u00e9es au Salon de la Photo 2018 qui a eu lieu du 8 au 12 Novembre, Porte de Versailles \u00e0 Paris ...","og_url":"https:\/\/danielonway.fr\/DanielOnWay\/salon-photo-2018\/","og_site_name":"DanielOnWay - Photographie - Vid\u00e9o - Drone","article_publisher":"https:\/\/www.facebook.com\/danielonway","article_author":"https:\/\/www.facebook.com\/danielonway","article_published_time":"2018-11-16T15:15:02+00:00","article_modified_time":"2018-11-19T07:14:59+00:00","og_image":[{"width":600,"height":849,"url":"https:\/\/danielonway.fr\/DanielOnWay\/wp-content\/uploads\/2018\/10\/SalonPhoto2018.jpeg","type":"image\/jpeg"}],"author":"Daniel BRUCHET","twitter_card":"summary_large_image","twitter_title":"R\u00e9trospective du Salon de la Photo","twitter_description":"Je vous invite \u00e0 voir des images tourn\u00e9es au Salon de la Photo 2018 qui a eu lieu du 8 au 12 Novembre, Porte de Versailles \u00e0 Paris ...","twitter_image":"https:\/\/danielonway.fr\/DanielOnWay\/wp-content\/uploads\/2018\/10\/SalonPhoto2018.jpeg","twitter_creator":"@danielonway","twitter_site":"@danielonway","twitter_misc":{"\u00c9crit par":"Daniel BRUCHET","Dur\u00e9e de lecture estim\u00e9e":"2 minutes"},"schema":{"@context":"https:\/\/schema.org","@graph":[{"@type":"Article","@id":"https:\/\/danielonway.fr\/DanielOnWay\/salon-photo-2018\/#article","isPartOf":{"@id":"https:\/\/danielonway.fr\/DanielOnWay\/salon-photo-2018\/"},"author":{"name":"Daniel BRUCHET","@id":"https:\/\/danielonway.fr\/DanielOnWay\/#\/schema\/person\/4dab8f3634b87c1f28ae709f14913856"},"headline":"Mes coups de coeur au Salon de la Photo 2018","datePublished":"2018-11-16T15:15:02+00:00","dateModified":"2018-11-19T07:14:59+00:00","mainEntityOfPage":{"@id":"https:\/\/danielonway.fr\/DanielOnWay\/salon-photo-2018\/"},"wordCount":513,"publisher":{"@id":"https:\/\/danielonway.fr\/DanielOnWay\/#\/schema\/person\/4dab8f3634b87c1f28ae709f14913856"},"image":{"@id":"https:\/\/danielonway.fr\/DanielOnWay\/salon-photo-2018\/#primaryimage"},"thumbnailUrl":"https:\/\/danielonway.fr\/DanielOnWay\/wp-content\/uploads\/2018\/11\/Version-d\u201afinitive-OK.jpg","keywords":["Salon de la photo","Vid\u00e9o"],"articleSection":["Actualit\u00e9"],"inLanguage":"fr-FR"},{"@type":"WebPage","@id":"https:\/\/danielonway.fr\/DanielOnWay\/salon-photo-2018\/","url":"https:\/\/danielonway.fr\/DanielOnWay\/salon-photo-2018\/","name":"Mes coups de coeur au Salon de la Photo 2018 \u00e0 Paris","isPartOf":{"@id":"https:\/\/danielonway.fr\/DanielOnWay\/#website"},"primaryImageOfPage":{"@id":"https:\/\/danielonway.fr\/DanielOnWay\/salon-photo-2018\/#primaryimage"},"image":{"@id":"https:\/\/danielonway.fr\/DanielOnWay\/salon-photo-2018\/#primaryimage"},"thumbnailUrl":"https:\/\/danielonway.fr\/DanielOnWay\/wp-content\/uploads\/2018\/11\/Version-d\u201afinitive-OK.jpg","datePublished":"2018-11-16T15:15:02+00:00","dateModified":"2018-11-19T07:14:59+00:00","description":"Cette semaine je vous invite \u00e0 voir des images tourn\u00e9es au Salon de la Photo 2018 qui a eu lieu du 8 au 12 Novembre, Porte de Versailles \u00e0 Paris ...","breadcrumb":{"@id":"https:\/\/danielonway.fr\/DanielOnWay\/salon-photo-2018\/#breadcrumb"},"inLanguage":"fr-FR","potentialAction":[{"@type":"ReadAction","target":["https:\/\/danielonway.fr\/DanielOnWay\/salon-photo-2018\/"]}]},{"@type":"ImageObject","inLanguage":"fr-FR","@id":"https:\/\/danielonway.fr\/DanielOnWay\/salon-photo-2018\/#primaryimage","url":"https:\/\/danielonway.fr\/DanielOnWay\/wp-content\/uploads\/2018\/11\/Version-d\u201afinitive-OK.jpg","contentUrl":"https:\/\/danielonway.fr\/DanielOnWay\/wp-content\/uploads\/2018\/11\/Version-d\u201afinitive-OK.jpg","width":3630,"height":5128},{"@type":"BreadcrumbList","@id":"https:\/\/danielonway.fr\/DanielOnWay\/salon-photo-2018\/#breadcrumb","itemListElement":[{"@type":"ListItem","position":1,"name":"Accueil","item":"https:\/\/danielonway.fr\/DanielOnWay\/"},{"@type":"ListItem","position":2,"name":"Actualit\u00e9","item":"https:\/\/danielonway.fr\/DanielOnWay\/cat\u00e9gorie\/actualite\/"},{"@type":"ListItem","position":3,"name":"Mes coups de coeur au Salon de la Photo 2018"}]},{"@type":"WebSite","@id":"https:\/\/danielonway.fr\/DanielOnWay\/#website","url":"https:\/\/danielonway.fr\/DanielOnWay\/","name":"DanielOnWay - Photographie - Vid\u00e9o - Drone","description":"Photographie, Vid\u00e9o, Drone","publisher":{"@id":"https:\/\/danielonway.fr\/DanielOnWay\/#\/schema\/person\/4dab8f3634b87c1f28ae709f14913856"},"potentialAction":[{"@type":"SearchAction","target":{"@type":"EntryPoint","urlTemplate":"https:\/\/danielonway.fr\/DanielOnWay\/?s={search_term_string}"},"query-input":{"@type":"PropertyValueSpecification","valueRequired":true,"valueName":"search_term_string"}}],"inLanguage":"fr-FR"},{"@type":["Person","Organization"],"@id":"https:\/\/danielonway.fr\/DanielOnWay\/#\/schema\/person\/4dab8f3634b87c1f28ae709f14913856","name":"Daniel BRUCHET","image":{"@type":"ImageObject","inLanguage":"fr-FR","@id":"https:\/\/secure.gravatar.com\/avatar\/b0a60aec63b56e01b36ba7272efcfe1d156a9050fefa7813e995efe51b9a02b3?s=96&d=mm&r=g","url":"https:\/\/secure.gravatar.com\/avatar\/b0a60aec63b56e01b36ba7272efcfe1d156a9050fefa7813e995efe51b9a02b3?s=96&d=mm&r=g","contentUrl":"https:\/\/secure.gravatar.com\/avatar\/b0a60aec63b56e01b36ba7272efcfe1d156a9050fefa7813e995efe51b9a02b3?s=96&d=mm&r=g","caption":"Daniel BRUCHET"},"logo":{"@id":"https:\/\/secure.gravatar.com\/avatar\/b0a60aec63b56e01b36ba7272efcfe1d156a9050fefa7813e995efe51b9a02b3?s=96&d=mm&r=g"},"description":"Administrateur Systeme - Principal r\u00e9dacteur","sameAs":["http:\/\/www.danielonway.fr","https:\/\/www.facebook.com\/danielonway","https:\/\/www.instagram.com\/danielonway.fr\/","https:\/\/x.com\/danielonway"],"url":"https:\/\/danielonway.fr\/DanielOnWay\/author\/danielb\/"}]}},"_links":{"self":[{"href":"https:\/\/danielonway.fr\/DanielOnWay\/wp-json\/wp\/v2\/posts\/13445","targetHints":{"allow":["GET"]}}],"collection":[{"href":"https:\/\/danielonway.fr\/DanielOnWay\/wp-json\/wp\/v2\/posts"}],"about":[{"href":"https:\/\/danielonway.fr\/DanielOnWay\/wp-json\/wp\/v2\/types\/post"}],"author":[{"embeddable":true,"href":"https:\/\/danielonway.fr\/DanielOnWay\/wp-json\/wp\/v2\/users\/9"}],"replies":[{"embeddable":true,"href":"https:\/\/danielonway.fr\/DanielOnWay\/wp-json\/wp\/v2\/comments?post=13445"}],"version-history":[{"count":8,"href":"https:\/\/danielonway.fr\/DanielOnWay\/wp-json\/wp\/v2\/posts\/13445\/revisions"}],"predecessor-version":[{"id":13455,"href":"https:\/\/danielonway.fr\/DanielOnWay\/wp-json\/wp\/v2\/posts\/13445\/revisions\/13455"}],"wp:featuredmedia":[{"embeddable":true,"href":"https:\/\/danielonway.fr\/DanielOnWay\/wp-json\/wp\/v2\/media\/13447"}],"wp:attachment":[{"href":"https:\/\/danielonway.fr\/DanielOnWay\/wp-json\/wp\/v2\/media?parent=13445"}],"wp:term":[{"taxonomy":"category","embeddable":true,"href":"https:\/\/danielonway.fr\/DanielOnWay\/wp-json\/wp\/v2\/categories?post=13445"},{"taxonomy":"post_tag","embeddable":true,"href":"https:\/\/danielonway.fr\/DanielOnWay\/wp-json\/wp\/v2\/tags?post=13445"}],"curies":[{"name":"wp","href":"https:\/\/api.w.org\/{rel}","templated":true}]}}