{"id":13456,"date":"2018-11-20T09:00:01","date_gmt":"2018-11-20T08:00:01","guid":{"rendered":"http:\/\/danielonway.fr\/DanielOnWay\/?p=13456"},"modified":"2023-12-21T10:27:49","modified_gmt":"2023-12-21T09:27:49","slug":"studio-plan-eclairage","status":"publish","type":"post","link":"https:\/\/danielonway.fr\/DanielOnWay\/studio-plan-eclairage\/","title":{"rendered":"STUDIO &#8211; Plans d&rsquo;\u00e9clairage pour la photo de portrait"},"content":{"rendered":"<p>[vc_row][vc_column][vc_custom_heading text=\u00a0\u00bbActualit\u00e9 Livre\u00a0\u00bb font_container=\u00a0\u00bbtag:h2|font_size:24|text_align:left\u00a0\u00bb use_theme_fonts=\u00a0\u00bbyes\u00a0\u00bb css=\u00a0\u00bb.vc_custom_1542630467163{margin-bottom: 15px !important;padding-top: 25px !important;padding-right: 25px !important;padding-left: 25px !important;}\u00a0\u00bb][vc_column_text]<\/p>\n<div id=\"attachment_13486\" style=\"width: 342px\" class=\"wp-caption alignleft\"><img decoding=\"async\" aria-describedby=\"caption-attachment-13486\" class=\"wp-image-13486 \" title=\"STUDIO - Un livre de Andreas B\u00fcbl\" src=\"http:\/\/danielonway.fr\/DanielOnWay\/wp-content\/uploads\/2018\/11\/Eyrolles-STUDIO004-300x222.jpg\" alt=\"STUDIO - Un livre de Andreas B\u00fcbl\" width=\"332\" height=\"246\" srcset=\"https:\/\/danielonway.fr\/DanielOnWay\/wp-content\/uploads\/2018\/11\/Eyrolles-STUDIO004-200x148.jpg 200w, https:\/\/danielonway.fr\/DanielOnWay\/wp-content\/uploads\/2018\/11\/Eyrolles-STUDIO004-300x222.jpg 300w, https:\/\/danielonway.fr\/DanielOnWay\/wp-content\/uploads\/2018\/11\/Eyrolles-STUDIO004-400x296.jpg 400w, https:\/\/danielonway.fr\/DanielOnWay\/wp-content\/uploads\/2018\/11\/Eyrolles-STUDIO004-600x445.jpg 600w, https:\/\/danielonway.fr\/DanielOnWay\/wp-content\/uploads\/2018\/11\/Eyrolles-STUDIO004-768x569.jpg 768w, https:\/\/danielonway.fr\/DanielOnWay\/wp-content\/uploads\/2018\/11\/Eyrolles-STUDIO004-800x593.jpg 800w, https:\/\/danielonway.fr\/DanielOnWay\/wp-content\/uploads\/2018\/11\/Eyrolles-STUDIO004.jpg 1024w\" sizes=\"(max-width: 332px) 100vw, 332px\" \/><p id=\"caption-attachment-13486\" class=\"wp-caption-text\"><small>STUDIO &#8211; Un livre de Andreas B\u00fcbl publi\u00e9 par les \u00e9ditions Eyrolles<\/small><\/p><\/div>\n<p><strong>STUDIO &#8211; Plans d&rsquo;\u00e9clairage pour la photo de portrait\u00a0d&rsquo;Andreas B\u00fcbl,<\/strong>\u00a0publi\u00e9 d\u00e9but novembre 2018, aux \u00e9ditions Eyrolles est un v\u00e9ritable ouvrage de r\u00e9f\u00e9rence qui permet au photographe d&rsquo;avoir une base de r\u00e9f\u00e9rence des principaux plans d&rsquo;\u00e9clairage utilis\u00e9s en studio. Avec cet ouvrage le lecteur saura identifier imm\u00e9diatement l&rsquo;impact d&rsquo;un sch\u00e9ma d&rsquo;\u00e9clairage afin de sublimer ses photos de portrait.<\/p>\n<p>Il nous est tous arriv\u00e9 un jour, de prendre un proche en photo et de se rendre compte apr\u00e8s coup que la lumi\u00e8re qui \u00e9claire notre \u00ab\u00a0mod\u00e8le\u00a0\u00bb ne le magnifie pas du tout et du coup notre photo est &#8230; rat\u00e9e ! La solution se trouve au sein de ce magnifique guide.<\/p>\n<h2>Pr\u00e9sentation<\/h2>\n<p>L&rsquo;ouvrage de 312 pages au format 23 x 19 cm avec sa couverture rigide s&rsquo;apparente en fait \u00e0 un v\u00e9ritable ouvrage de r\u00e9f\u00e9rence. Il b\u00e9n\u00e9ficie d&rsquo;une grande qualit\u00e9 d&rsquo;impression.\u00a0L&rsquo;auteur ne se contente pas d&rsquo;une liste de sch\u00e9mas, il nous d\u00e9voile aussi les \u00ab\u00a0making of\u00a0\u00bb et les rendus de chacun des plans.<\/p>\n<p>Apr\u00e8s un avant-propos m\u00e9taphorique et humoristique sur le th\u00e8me des &#8230; g\u00e2teaux, que je vous laisse d\u00e9couvrir, et avant de p\u00e9n\u00e9trer au coeur de l&rsquo;ouvrage, un tutoriel nous explique comment bien l&rsquo;utiliser. Car il est important de comprendre que cet ouvrage est un outil de travail, une base de r\u00e9f\u00e9rence des plans d&rsquo;\u00e9clairage, ce qui induit que sa consultation va se faire en fonction du r\u00e9sultat final attendu par le photographe.<\/p>\n<h2>Les bases de la photo de studio<\/h2>\n<p>Le premier chapitre de l&rsquo;ouvrage est consacr\u00e9 \u00e0 l&rsquo;\u00e9tude des bases de la photo de studio. De mani\u00e8re tr\u00e8s concise l&rsquo;auteur fait le point sur la lumi\u00e8re en studio et ses d\u00e9clinaisons en termes de direction, de puissance, de type et de couleur. R\u00e9flecteurs, diffuseurs et autres fa\u00e7onneurs de lumi\u00e8re sont ensuite d\u00e9crits et des photos t\u00e9moins permettent au lecteur d&rsquo;en comprendre le r\u00f4le. Ce chapitre se conclu par les explications n\u00e9cessaires sur la mesure et les param\u00e8tres d&rsquo;exposition.<\/p>\n<h2>Comment utiliser cet ouvrage ?<\/h2>\n<p>Tout l&rsquo;int\u00e9r\u00eat d&rsquo;un tel ouvrage r\u00e9side dans la fa\u00e7on dont il doit \u00eatre utilis\u00e9. Sur la photo de droite vous decouvrez le concept de base de la description de chacun des plan d&rsquo;\u00e9clairage.<\/p>\n<p>Chaque plan d&rsquo;\u00e9clairage se pr\u00e9sente sur une double-page compos\u00e9e ainsi :<\/p>\n<div id=\"attachment_13495\" style=\"width: 455px\" class=\"wp-caption alignright\"><img decoding=\"async\" aria-describedby=\"caption-attachment-13495\" class=\"wp-image-13495 \" title=\"Comment utiliser STUDIO de Andreas B\u00fcbl ? Mode d'emploi !\" src=\"http:\/\/danielonway.fr\/DanielOnWay\/wp-content\/uploads\/2018\/11\/Eyrolles-STUDIO016-1-300x141.jpg\" alt=\"Comment utiliser STUDIO de Andreas B\u00fcbl ? Mode d'emploi !\" width=\"445\" height=\"209\" srcset=\"https:\/\/danielonway.fr\/DanielOnWay\/wp-content\/uploads\/2018\/11\/Eyrolles-STUDIO016-1-200x94.jpg 200w, https:\/\/danielonway.fr\/DanielOnWay\/wp-content\/uploads\/2018\/11\/Eyrolles-STUDIO016-1-300x141.jpg 300w, https:\/\/danielonway.fr\/DanielOnWay\/wp-content\/uploads\/2018\/11\/Eyrolles-STUDIO016-1-400x188.jpg 400w, https:\/\/danielonway.fr\/DanielOnWay\/wp-content\/uploads\/2018\/11\/Eyrolles-STUDIO016-1-600x281.jpg 600w, https:\/\/danielonway.fr\/DanielOnWay\/wp-content\/uploads\/2018\/11\/Eyrolles-STUDIO016-1-768x360.jpg 768w, https:\/\/danielonway.fr\/DanielOnWay\/wp-content\/uploads\/2018\/11\/Eyrolles-STUDIO016-1-800x375.jpg 800w, https:\/\/danielonway.fr\/DanielOnWay\/wp-content\/uploads\/2018\/11\/Eyrolles-STUDIO016-1.jpg 1024w\" sizes=\"(max-width: 445px) 100vw, 445px\" \/><p id=\"caption-attachment-13495\" class=\"wp-caption-text\"><small>Comment utiliser STUDIO de Andreas B\u00fcbl ? Mode d&#8217;emploi !<\/small><\/p><\/div>\n<ol>\n<li>L&rsquo;introduction d\u00e9crit la situation de prise de vue appropri\u00e9e et le rendu final escompt\u00e9.<\/li>\n<li>Les ic\u00f4nes indiquent le nombre de flashs et les fa\u00e7onneurs utilis\u00e9s.<\/li>\n<li>Le r\u00e9capitulatif pr\u00e9sente le plan d&rsquo;\u00e9clairage de mani\u00e8re br\u00e8ve et concise : \u00a0difficult\u00e9, style, \u00e9quipement &#8230;<\/li>\n<li>L&rsquo;image finale : c&rsquo;est l&rsquo;objectif attendu. On y trouve aussi les m\u00e9tadonn\u00e9es de cette image (focale, ouverture, temps de pose, Iso ..)<\/li>\n<li>Le sch\u00e9ma et les explications sur l&rsquo;effet de la lumi\u00e8re choisie sont traduits ici en noir et blanc pour plus de pr\u00e9cision sur l&rsquo;impact de la lumi\u00e8re<\/li>\n<li>La pr\u00e9paration du plan d&rsquo;\u00e9clairage \u00e9tape par \u00e9tape est d\u00e9crite dans cette partie.<\/li>\n<li>Les points auxquels il faudra pr\u00eater une attention toute particuli\u00e8re sont imprim\u00e9s en caract\u00e8res gras pour plus de visibilit\u00e9.<\/li>\n<li>L&rsquo;image du making of avec la position des flashs, des fa\u00e7onneurs et du mod\u00e8le constitue le coeur de la mise en place du sch\u00e9ma d&rsquo;\u00e9clairage<\/li>\n<li>Le sch\u00e9ma de pr\u00e9sentation des fa\u00e7onneurs et du r\u00e9glage de leur puissance permet d&rsquo;avoir des r\u00e9f\u00e9rences pour le transposer dans notre propre studio.<\/li>\n<li>Les encadr\u00e9s donnent des indications, des conseils, des variantes ou des informations importantes.<\/li>\n<\/ol>\n<p>Dans cette section on trouvera \u00e9galement la liste des logos permettant de rep\u00e9rer d&rsquo;un seul coup d&rsquo;oeil le type de lumi\u00e8re choisi ainsi que la d\u00e9finition des cadrages utilis\u00e9s. Le lecteur saura alors reconna\u00eetre sans difficult\u00e9 un plan moyen, un plan am\u00e9ricain, un plan poitrine et un gros plan.<\/p>\n<h2>Les grands th\u00e8mes de la photo en studio<\/h2>\n<p>Pour chacun des grands th\u00e8mes, l&rsquo;auteur nous pr\u00e9sente des dizaines de setup d&rsquo;\u00e9clairage. Au fil des pages le lecteur d\u00e9couvrira les sch\u00e9mas d&rsquo;\u00e9clairage pour :[\/vc_column_text][vc_row_inner][vc_column_inner width=\u00a0\u00bb1\/2&Prime;][vc_column_text]<\/p>\n<ul>\n<li>Les portraits classiques.<\/li>\n<li>Les portraits beaut\u00e9.<\/li>\n<li>La photographie glamour et de mode.<\/li>\n<li>Les portraits de caract\u00e8re.<\/li>\n<li>La photographie de boudoir et de nu.<\/li>\n<li>La photographie de couples et de groupes.<\/li>\n<li>La photographie d&rsquo;enfants et de famille<\/li>\n<li>La photographie des mod\u00e8les en mouvement et en action<\/li>\n<\/ul>\n<p>[\/vc_column_text][\/vc_column_inner][vc_column_inner width=\u00a0\u00bb1\/2&Prime;][asvc-alert type=\u00a0\u00bbwarning\u00a0\u00bb title=\u00a0\u00bbMon avis sur &#8230;\u00a0\u00bb icon=\u00a0\u00bbfa fa-handshake-o\u00a0\u00bb sticky=\u00a0\u00bbno\u00a0\u00bb]<\/p>\n<p style=\"text-align: center;\"><em>Ce livre constitue, pour moi, un outil de travail pr\u00e9cieux qui propose des sch\u00e9mas pertinents d&rsquo;\u00e9clairage en studio, au service de votre cr\u00e9ativit\u00e9.<\/em><\/p>\n<p>[\/asvc-alert][\/vc_column_inner][\/vc_row_inner][vc_column_text]<\/p>\n<h2>STUDIO et POSEZ !<\/h2>\n<div id=\"attachment_13485\" style=\"width: 210px\" class=\"wp-caption alignleft\"><img decoding=\"async\" aria-describedby=\"caption-attachment-13485\" class=\"wp-image-13485\" title=\"POSEZ de Mehmet Eygi Description des poses pour les mod\u00e8les\" src=\"http:\/\/danielonway.fr\/DanielOnWay\/wp-content\/uploads\/2018\/11\/Eyrolles-POSEZ025-300x159.jpg\" alt=\"POSEZ de Mehmet Eygi Description des poses pour les mod\u00e8les\" width=\"200\" height=\"106\" srcset=\"https:\/\/danielonway.fr\/DanielOnWay\/wp-content\/uploads\/2018\/11\/Eyrolles-POSEZ025-200x106.jpg 200w, https:\/\/danielonway.fr\/DanielOnWay\/wp-content\/uploads\/2018\/11\/Eyrolles-POSEZ025-300x159.jpg 300w, https:\/\/danielonway.fr\/DanielOnWay\/wp-content\/uploads\/2018\/11\/Eyrolles-POSEZ025-400x213.jpg 400w, https:\/\/danielonway.fr\/DanielOnWay\/wp-content\/uploads\/2018\/11\/Eyrolles-POSEZ025-600x319.jpg 600w, https:\/\/danielonway.fr\/DanielOnWay\/wp-content\/uploads\/2018\/11\/Eyrolles-POSEZ025-768x408.jpg 768w, https:\/\/danielonway.fr\/DanielOnWay\/wp-content\/uploads\/2018\/11\/Eyrolles-POSEZ025-800x425.jpg 800w, https:\/\/danielonway.fr\/DanielOnWay\/wp-content\/uploads\/2018\/11\/Eyrolles-POSEZ025.jpg 1024w\" sizes=\"(max-width: 200px) 100vw, 200px\" \/><p id=\"caption-attachment-13485\" class=\"wp-caption-text\"><small>POSEZ de Mehmet Eygi Description des poses pour les mod\u00e8les<\/small><\/p><\/div>\n<p>Si vous me suivez r\u00e9guli\u00e8rement, vous savez tout le bien que j&rsquo;ai pens\u00e9 du livre de Mehmet Eygi, POSEZ ! paru aux \u00e9ditions Eyrolles en d\u00e9but d&rsquo;ann\u00e9e 2018. Ce nouvel ouvrage STUDIO de Andreas B\u00fcbl constitue pour moi le second s\u00e9same qui va vous permettre de passer \u00e0 un niveau sup\u00e9rieur en photographie de studio.<\/p>\n<div id=\"attachment_13483\" style=\"width: 330px\" class=\"wp-caption alignright\"><img decoding=\"async\" aria-describedby=\"caption-attachment-13483\" class=\"wp-image-13483\" title=\"Les deux &quot;bibles&quot; du photographe de portraits en studio\" src=\"http:\/\/danielonway.fr\/DanielOnWay\/wp-content\/uploads\/2018\/11\/Eyrolles-POSEZ033-300x200.jpg\" alt=\"Les deux &quot;bibles&quot; du photographe de portraits en studio\" width=\"320\" height=\"213\" srcset=\"https:\/\/danielonway.fr\/DanielOnWay\/wp-content\/uploads\/2018\/11\/Eyrolles-POSEZ033-200x133.jpg 200w, https:\/\/danielonway.fr\/DanielOnWay\/wp-content\/uploads\/2018\/11\/Eyrolles-POSEZ033-300x200.jpg 300w, https:\/\/danielonway.fr\/DanielOnWay\/wp-content\/uploads\/2018\/11\/Eyrolles-POSEZ033-400x267.jpg 400w, https:\/\/danielonway.fr\/DanielOnWay\/wp-content\/uploads\/2018\/11\/Eyrolles-POSEZ033-600x400.jpg 600w, https:\/\/danielonway.fr\/DanielOnWay\/wp-content\/uploads\/2018\/11\/Eyrolles-POSEZ033-768x512.jpg 768w, https:\/\/danielonway.fr\/DanielOnWay\/wp-content\/uploads\/2018\/11\/Eyrolles-POSEZ033-800x534.jpg 800w, https:\/\/danielonway.fr\/DanielOnWay\/wp-content\/uploads\/2018\/11\/Eyrolles-POSEZ033.jpg 1024w\" sizes=\"(max-width: 320px) 100vw, 320px\" \/><p id=\"caption-attachment-13483\" class=\"wp-caption-text\"><small>Les deux \u00ab\u00a0bibles\u00a0\u00bb du photographe de portraits en studio. A gauche le livre de Andreas B\u00fcbl Studio et \u00e0 droite l&rsquo;ouvrage de Mehmet Eygi Posez !<\/small><\/p><\/div>\n<p>Con\u00e7us tous les deux comme des ouvrages de r\u00e9f\u00e9rences, ils se caract\u00e9risent par une m\u00eame d\u00e9marche de d\u00e9mocratisation de la photo de studio &#8211; qui \u00e9tait plut\u00f4t r\u00e9serv\u00e9e aux photographes professionnels &#8211; pour le plus grand plaisir des nouveaux amoureux de la discipline. Ils surfent ainsi sur la vague de la photographie de studio pour tous. D&rsquo;autant qu&rsquo;aujourd&rsquo;hui les \u00e9quipements de studio, qui il y a encore peu de temps \u00e9taient hors de prix, sont d\u00e9sormais relativement peu on\u00e9reux. C&rsquo;est pourquoi la pratique de la photo de studio devient de plus en plus populaire. Ces deux ouvrages sont des guides indispensables \u00e0 cette nouvelle pratique.<\/p>\n<p>Ces ouvrages sont tellement compl\u00e9mentaires dans leurs contenus et tellement similaires dans leur approche qu&rsquo;il est tr\u00e8s tentant de recommander les deux (No\u00ebl approche !)<\/p>\n<p><a href=\"http:\/\/danielonway.fr\/DanielOnWay\/posez-poses-photographe-modele\/\" target=\"_blank\" rel=\"noopener\">Vous pouvez retrouver mon article sur le livre POSEZ ! de Mehmet Eygi en cliquant sur ce lien.<\/a>[\/vc_column_text][vc_column_text]<\/p>\n<blockquote>\n<h2>Des recettes pour r\u00e9ussir vos prises de vue en studio\u00a0!<\/h2>\n<p>Photographier en studio exige une organisation et une pr\u00e9paration minutieuse, notamment en mati\u00e8re d&rsquo;\u00e9clairage. Cet ouvrage propose des solutions pratiques pour concr\u00e9tiser vos id\u00e9es cr\u00e9atives \u00e9tape par \u00e9tape\u00a0: sch\u00e9mas d\u00e9taill\u00e9s de plans d&rsquo;\u00e9clairage, making of, croquis\u00a0des effets de lumi\u00e8re, r\u00e9glages du bo\u00eetier et des flashs&#8230; Quels que soient vos th\u00e8mes de pr\u00e9dilection en photographie, vous y trouverez des recettes toutes pr\u00eates pour r\u00e9ussir vos shootings.<\/p><\/blockquote>\n<h2>A propos de l&rsquo;auteur<\/h2>\n<p>Photographe professionnel, Andr\u00e9as B\u00fcbl est sp\u00e9cialis\u00e9 dans la photo de portrait. Dans les workshops qu&rsquo;il dispense dans son studio photo viennois, il apporte une attention particuli\u00e8re \u00e0 la mise en lumi\u00e8re de ses mod\u00e8les.<\/p>\n<p><a href=\"https:\/\/www.eyrolles.com\" target=\"_blank\" rel=\"noopener\">Editions Eyrolles<\/a>[\/vc_column_text][\/vc_column][\/vc_row][vc_row icon_animation=\u00a0\u00bb\u00a0\u00bb title=\u00a0\u00bbTous les ouvrages que je conseille &#8230;\u00a0\u00bb read_more=\u00a0\u00bbnone\u00a0\u00bb link=\u00a0\u00bb\u00a0\u00bb read_text=\u00a0\u00bbRead More\u00a0\u00bb hover_effect=\u00a0\u00bbstyle_1&Prime; pos=\u00a0\u00bbdefault\u00a0\u00bb box_min_height=\u00a0\u00bb\u00a0\u00bb box_border_style=\u00a0\u00bb\u00a0\u00bb box_border_width=\u00a0\u00bb\u00a0\u00bb box_border_color=\u00a0\u00bb\u00a0\u00bb box_bg_color=\u00a0\u00bb\u00a0\u00bb title_text_typography=\u00a0\u00bb\u00a0\u00bb heading_tag=\u00a0\u00bbh3&Prime; title_font=\u00a0\u00bb\u00a0\u00bb title_font_style=\u00a0\u00bb\u00a0\u00bb desc_text_typography=\u00a0\u00bb\u00a0\u00bb desc_font=\u00a0\u00bb\u00a0\u00bb desc_font_style=\u00a0\u00bb\u00a0\u00bb title_font_size=\u00a0\u00bb\u00a0\u00bb title_font_line_height=\u00a0\u00bb\u00a0\u00bb title_font_color=\u00a0\u00bb\u00a0\u00bb desc_font_size=\u00a0\u00bb\u00a0\u00bb desc_font_line_height=\u00a0\u00bb\u00a0\u00bb desc_font_color=\u00a0\u00bb\u00a0\u00bb css_info_box=\u00a0\u00bb\u00a0\u00bb][vc_column][bsf-info-box icon=\u00a0\u00bbDefaults-book\u00a0\u00bb icon_size=\u00a0\u00bb32&Prime; title=\u00a0\u00bbTous les ouvrages que je conseille &#8230;\u00a0\u00bb heading_tag=\u00a0\u00bbh2&Prime;]La liste compl\u00e8te des ouvrages que je recommande sont dans le menu <strong>Ressources \/ Bibliographie.<\/strong><\/p>\n<p><em>Cet ouvrage est un exemplaire Presse. Je ne suis pas r\u00e9mun\u00e9r\u00e9 pour cet article\u00a0et mon avis ne refl\u00e8te que mon opinion sur l&rsquo;ouvrage.<\/em><\/p>\n<p><strong>Il n&rsquo;y a donc ni publicit\u00e9 cach\u00e9e ni placement produit.<\/strong>[\/bsf-info-box][\/vc_column][\/vc_row]<\/p>\n","protected":false},"excerpt":{"rendered":"<p>Il nous est tous arriv\u00e9 un jour, de prendre un proche en photo et de se rendre compte apr\u00e8s coup que la lumi\u00e8re qui \u00e9claire notre \u00ab\u00a0mod\u00e8le\u00a0\u00bb ne le magnifie pas du tout et du coup notre photo est &#8230; rat\u00e9e !<\/p>\n","protected":false},"author":9,"featured_media":13459,"comment_status":"closed","ping_status":"closed","sticky":false,"template":"","format":"standard","meta":{"footnotes":""},"categories":[69,3150,657],"tags":[1921,116,675,2503,1588,1922,1920,1586,1587],"class_list":["post-13456","post","type-post","status-publish","format-standard","has-post-thumbnail","hentry","category-actualite","category-chronique","category-livre","tag-equipement","tag-livre","tag-livre-photo","tag-modele","tag-photo-studio","tag-postproduction","tag-prise-de-vue","tag-studio","tag-studio-photo"],"yoast_head":"<!-- This site is optimized with the Yoast SEO plugin v27.3 - https:\/\/yoast.com\/product\/yoast-seo-wordpress\/ -->\n<title>STUDIO - Plans d&#039;\u00e9clairage pour la photo de portrait - Andreas B\u00dcBL<\/title>\n<meta name=\"description\" content=\"Photographier en studio exige une organisation et une pr\u00e9paration minutieuse, notamment en mati\u00e8re d&#039;\u00e9clairage. Cet ouvrage propose des solutions ...\" \/>\n<meta name=\"robots\" content=\"index, follow, max-snippet:-1, max-image-preview:large, max-video-preview:-1\" \/>\n<link rel=\"canonical\" href=\"https:\/\/danielonway.fr\/DanielOnWay\/studio-plan-eclairage\/\" \/>\n<meta property=\"og:locale\" content=\"fr_FR\" \/>\n<meta property=\"og:type\" content=\"article\" \/>\n<meta property=\"og:title\" content=\"STUDIO - Plans d&#039;\u00e9clairage pour la photo de portrait - Andreas B\u00dcBL\" \/>\n<meta property=\"og:description\" content=\"Photographier en studio exige une organisation et une pr\u00e9paration minutieuse, notamment en mati\u00e8re d&#039;\u00e9clairage. Cet ouvrage propose des solutions ...\" \/>\n<meta property=\"og:url\" content=\"https:\/\/danielonway.fr\/DanielOnWay\/studio-plan-eclairage\/\" \/>\n<meta property=\"og:site_name\" content=\"DanielOnWay - Photographie - Vid\u00e9o - Drone\" \/>\n<meta property=\"article:publisher\" content=\"https:\/\/www.facebook.com\/danielonway\" \/>\n<meta property=\"article:author\" content=\"https:\/\/www.facebook.com\/danielonway\" \/>\n<meta property=\"article:published_time\" content=\"2018-11-20T08:00:01+00:00\" \/>\n<meta property=\"article:modified_time\" content=\"2023-12-21T09:27:49+00:00\" \/>\n<meta property=\"og:image\" content=\"https:\/\/danielonway.fr\/DanielOnWay\/wp-content\/uploads\/2018\/11\/9782212676969_h430.jpg\" \/>\n\t<meta property=\"og:image:width\" content=\"520\" \/>\n\t<meta property=\"og:image:height\" content=\"430\" \/>\n\t<meta property=\"og:image:type\" content=\"image\/jpeg\" \/>\n<meta name=\"author\" content=\"Daniel BRUCHET\" \/>\n<meta name=\"twitter:card\" content=\"summary_large_image\" \/>\n<meta name=\"twitter:creator\" content=\"@danielonway\" \/>\n<meta name=\"twitter:site\" content=\"@danielonway\" \/>\n<meta name=\"twitter:label1\" content=\"\u00c9crit par\" \/>\n\t<meta name=\"twitter:data1\" content=\"Daniel BRUCHET\" \/>\n\t<meta name=\"twitter:label2\" content=\"Dur\u00e9e de lecture estim\u00e9e\" \/>\n\t<meta name=\"twitter:data2\" content=\"7 minutes\" \/>\n<script type=\"application\/ld+json\" class=\"yoast-schema-graph\">{\"@context\":\"https:\\\/\\\/schema.org\",\"@graph\":[{\"@type\":\"Article\",\"@id\":\"https:\\\/\\\/danielonway.fr\\\/DanielOnWay\\\/studio-plan-eclairage\\\/#article\",\"isPartOf\":{\"@id\":\"https:\\\/\\\/danielonway.fr\\\/DanielOnWay\\\/studio-plan-eclairage\\\/\"},\"author\":{\"name\":\"Daniel BRUCHET\",\"@id\":\"https:\\\/\\\/danielonway.fr\\\/DanielOnWay\\\/#\\\/schema\\\/person\\\/4dab8f3634b87c1f28ae709f14913856\"},\"headline\":\"STUDIO &#8211; Plans d&rsquo;\u00e9clairage pour la photo de portrait\",\"datePublished\":\"2018-11-20T08:00:01+00:00\",\"dateModified\":\"2023-12-21T09:27:49+00:00\",\"mainEntityOfPage\":{\"@id\":\"https:\\\/\\\/danielonway.fr\\\/DanielOnWay\\\/studio-plan-eclairage\\\/\"},\"wordCount\":1552,\"publisher\":{\"@id\":\"https:\\\/\\\/danielonway.fr\\\/DanielOnWay\\\/#\\\/schema\\\/person\\\/4dab8f3634b87c1f28ae709f14913856\"},\"image\":{\"@id\":\"https:\\\/\\\/danielonway.fr\\\/DanielOnWay\\\/studio-plan-eclairage\\\/#primaryimage\"},\"thumbnailUrl\":\"https:\\\/\\\/danielonway.fr\\\/DanielOnWay\\\/wp-content\\\/uploads\\\/2018\\\/11\\\/9782212676969_h430.jpg\",\"keywords\":[\"\u00e9quipement\",\"livre\",\"Livre photo\",\"mod\u00e8le\",\"photo Studio\",\"postproduction\",\"prise de vue\",\"Studio\",\"Studio Photo\"],\"articleSection\":[\"Actualit\u00e9\",\"Chronique\",\"Livre\"],\"inLanguage\":\"fr-FR\"},{\"@type\":\"WebPage\",\"@id\":\"https:\\\/\\\/danielonway.fr\\\/DanielOnWay\\\/studio-plan-eclairage\\\/\",\"url\":\"https:\\\/\\\/danielonway.fr\\\/DanielOnWay\\\/studio-plan-eclairage\\\/\",\"name\":\"STUDIO - Plans d'\u00e9clairage pour la photo de portrait - Andreas B\u00dcBL\",\"isPartOf\":{\"@id\":\"https:\\\/\\\/danielonway.fr\\\/DanielOnWay\\\/#website\"},\"primaryImageOfPage\":{\"@id\":\"https:\\\/\\\/danielonway.fr\\\/DanielOnWay\\\/studio-plan-eclairage\\\/#primaryimage\"},\"image\":{\"@id\":\"https:\\\/\\\/danielonway.fr\\\/DanielOnWay\\\/studio-plan-eclairage\\\/#primaryimage\"},\"thumbnailUrl\":\"https:\\\/\\\/danielonway.fr\\\/DanielOnWay\\\/wp-content\\\/uploads\\\/2018\\\/11\\\/9782212676969_h430.jpg\",\"datePublished\":\"2018-11-20T08:00:01+00:00\",\"dateModified\":\"2023-12-21T09:27:49+00:00\",\"description\":\"Photographier en studio exige une organisation et une pr\u00e9paration minutieuse, notamment en mati\u00e8re d'\u00e9clairage. Cet ouvrage propose des solutions ...\",\"breadcrumb\":{\"@id\":\"https:\\\/\\\/danielonway.fr\\\/DanielOnWay\\\/studio-plan-eclairage\\\/#breadcrumb\"},\"inLanguage\":\"fr-FR\",\"potentialAction\":[{\"@type\":\"ReadAction\",\"target\":[\"https:\\\/\\\/danielonway.fr\\\/DanielOnWay\\\/studio-plan-eclairage\\\/\"]}]},{\"@type\":\"ImageObject\",\"inLanguage\":\"fr-FR\",\"@id\":\"https:\\\/\\\/danielonway.fr\\\/DanielOnWay\\\/studio-plan-eclairage\\\/#primaryimage\",\"url\":\"https:\\\/\\\/danielonway.fr\\\/DanielOnWay\\\/wp-content\\\/uploads\\\/2018\\\/11\\\/9782212676969_h430.jpg\",\"contentUrl\":\"https:\\\/\\\/danielonway.fr\\\/DanielOnWay\\\/wp-content\\\/uploads\\\/2018\\\/11\\\/9782212676969_h430.jpg\",\"width\":520,\"height\":430,\"caption\":\"Mon avis sur... STUDIO - Plans d'\u00e9clairage pour la photo de portrait\"},{\"@type\":\"BreadcrumbList\",\"@id\":\"https:\\\/\\\/danielonway.fr\\\/DanielOnWay\\\/studio-plan-eclairage\\\/#breadcrumb\",\"itemListElement\":[{\"@type\":\"ListItem\",\"position\":1,\"name\":\"Accueil\",\"item\":\"https:\\\/\\\/danielonway.fr\\\/DanielOnWay\\\/\"},{\"@type\":\"ListItem\",\"position\":2,\"name\":\"Actualit\u00e9\",\"item\":\"https:\\\/\\\/danielonway.fr\\\/DanielOnWay\\\/cat\u00e9gorie\\\/actualite\\\/\"},{\"@type\":\"ListItem\",\"position\":3,\"name\":\"STUDIO &#8211; Plans d&rsquo;\u00e9clairage pour la photo de portrait\"}]},{\"@type\":\"WebSite\",\"@id\":\"https:\\\/\\\/danielonway.fr\\\/DanielOnWay\\\/#website\",\"url\":\"https:\\\/\\\/danielonway.fr\\\/DanielOnWay\\\/\",\"name\":\"DanielOnWay - Photographie - Vid\u00e9o - Drone\",\"description\":\"Photographie, Vid\u00e9o, Drone\",\"publisher\":{\"@id\":\"https:\\\/\\\/danielonway.fr\\\/DanielOnWay\\\/#\\\/schema\\\/person\\\/4dab8f3634b87c1f28ae709f14913856\"},\"potentialAction\":[{\"@type\":\"SearchAction\",\"target\":{\"@type\":\"EntryPoint\",\"urlTemplate\":\"https:\\\/\\\/danielonway.fr\\\/DanielOnWay\\\/?s={search_term_string}\"},\"query-input\":{\"@type\":\"PropertyValueSpecification\",\"valueRequired\":true,\"valueName\":\"search_term_string\"}}],\"inLanguage\":\"fr-FR\"},{\"@type\":[\"Person\",\"Organization\"],\"@id\":\"https:\\\/\\\/danielonway.fr\\\/DanielOnWay\\\/#\\\/schema\\\/person\\\/4dab8f3634b87c1f28ae709f14913856\",\"name\":\"Daniel BRUCHET\",\"image\":{\"@type\":\"ImageObject\",\"inLanguage\":\"fr-FR\",\"@id\":\"https:\\\/\\\/secure.gravatar.com\\\/avatar\\\/b0a60aec63b56e01b36ba7272efcfe1d156a9050fefa7813e995efe51b9a02b3?s=96&d=mm&r=g\",\"url\":\"https:\\\/\\\/secure.gravatar.com\\\/avatar\\\/b0a60aec63b56e01b36ba7272efcfe1d156a9050fefa7813e995efe51b9a02b3?s=96&d=mm&r=g\",\"contentUrl\":\"https:\\\/\\\/secure.gravatar.com\\\/avatar\\\/b0a60aec63b56e01b36ba7272efcfe1d156a9050fefa7813e995efe51b9a02b3?s=96&d=mm&r=g\",\"caption\":\"Daniel BRUCHET\"},\"logo\":{\"@id\":\"https:\\\/\\\/secure.gravatar.com\\\/avatar\\\/b0a60aec63b56e01b36ba7272efcfe1d156a9050fefa7813e995efe51b9a02b3?s=96&d=mm&r=g\"},\"description\":\"Administrateur Systeme - Principal r\u00e9dacteur\",\"sameAs\":[\"http:\\\/\\\/www.danielonway.fr\",\"https:\\\/\\\/www.facebook.com\\\/danielonway\",\"https:\\\/\\\/www.instagram.com\\\/danielonway.fr\\\/\",\"https:\\\/\\\/x.com\\\/danielonway\"],\"url\":\"https:\\\/\\\/danielonway.fr\\\/DanielOnWay\\\/author\\\/danielb\\\/\"}]}<\/script>\n<!-- \/ Yoast SEO plugin. -->","yoast_head_json":{"title":"STUDIO - Plans d'\u00e9clairage pour la photo de portrait - Andreas B\u00dcBL","description":"Photographier en studio exige une organisation et une pr\u00e9paration minutieuse, notamment en mati\u00e8re d'\u00e9clairage. Cet ouvrage propose des solutions ...","robots":{"index":"index","follow":"follow","max-snippet":"max-snippet:-1","max-image-preview":"max-image-preview:large","max-video-preview":"max-video-preview:-1"},"canonical":"https:\/\/danielonway.fr\/DanielOnWay\/studio-plan-eclairage\/","og_locale":"fr_FR","og_type":"article","og_title":"STUDIO - Plans d'\u00e9clairage pour la photo de portrait - Andreas B\u00dcBL","og_description":"Photographier en studio exige une organisation et une pr\u00e9paration minutieuse, notamment en mati\u00e8re d'\u00e9clairage. Cet ouvrage propose des solutions ...","og_url":"https:\/\/danielonway.fr\/DanielOnWay\/studio-plan-eclairage\/","og_site_name":"DanielOnWay - Photographie - Vid\u00e9o - Drone","article_publisher":"https:\/\/www.facebook.com\/danielonway","article_author":"https:\/\/www.facebook.com\/danielonway","article_published_time":"2018-11-20T08:00:01+00:00","article_modified_time":"2023-12-21T09:27:49+00:00","og_image":[{"width":520,"height":430,"url":"https:\/\/danielonway.fr\/DanielOnWay\/wp-content\/uploads\/2018\/11\/9782212676969_h430.jpg","type":"image\/jpeg"}],"author":"Daniel BRUCHET","twitter_card":"summary_large_image","twitter_creator":"@danielonway","twitter_site":"@danielonway","twitter_misc":{"\u00c9crit par":"Daniel BRUCHET","Dur\u00e9e de lecture estim\u00e9e":"7 minutes"},"schema":{"@context":"https:\/\/schema.org","@graph":[{"@type":"Article","@id":"https:\/\/danielonway.fr\/DanielOnWay\/studio-plan-eclairage\/#article","isPartOf":{"@id":"https:\/\/danielonway.fr\/DanielOnWay\/studio-plan-eclairage\/"},"author":{"name":"Daniel BRUCHET","@id":"https:\/\/danielonway.fr\/DanielOnWay\/#\/schema\/person\/4dab8f3634b87c1f28ae709f14913856"},"headline":"STUDIO &#8211; Plans d&rsquo;\u00e9clairage pour la photo de portrait","datePublished":"2018-11-20T08:00:01+00:00","dateModified":"2023-12-21T09:27:49+00:00","mainEntityOfPage":{"@id":"https:\/\/danielonway.fr\/DanielOnWay\/studio-plan-eclairage\/"},"wordCount":1552,"publisher":{"@id":"https:\/\/danielonway.fr\/DanielOnWay\/#\/schema\/person\/4dab8f3634b87c1f28ae709f14913856"},"image":{"@id":"https:\/\/danielonway.fr\/DanielOnWay\/studio-plan-eclairage\/#primaryimage"},"thumbnailUrl":"https:\/\/danielonway.fr\/DanielOnWay\/wp-content\/uploads\/2018\/11\/9782212676969_h430.jpg","keywords":["\u00e9quipement","livre","Livre photo","mod\u00e8le","photo Studio","postproduction","prise de vue","Studio","Studio Photo"],"articleSection":["Actualit\u00e9","Chronique","Livre"],"inLanguage":"fr-FR"},{"@type":"WebPage","@id":"https:\/\/danielonway.fr\/DanielOnWay\/studio-plan-eclairage\/","url":"https:\/\/danielonway.fr\/DanielOnWay\/studio-plan-eclairage\/","name":"STUDIO - Plans d'\u00e9clairage pour la photo de portrait - Andreas B\u00dcBL","isPartOf":{"@id":"https:\/\/danielonway.fr\/DanielOnWay\/#website"},"primaryImageOfPage":{"@id":"https:\/\/danielonway.fr\/DanielOnWay\/studio-plan-eclairage\/#primaryimage"},"image":{"@id":"https:\/\/danielonway.fr\/DanielOnWay\/studio-plan-eclairage\/#primaryimage"},"thumbnailUrl":"https:\/\/danielonway.fr\/DanielOnWay\/wp-content\/uploads\/2018\/11\/9782212676969_h430.jpg","datePublished":"2018-11-20T08:00:01+00:00","dateModified":"2023-12-21T09:27:49+00:00","description":"Photographier en studio exige une organisation et une pr\u00e9paration minutieuse, notamment en mati\u00e8re d'\u00e9clairage. Cet ouvrage propose des solutions ...","breadcrumb":{"@id":"https:\/\/danielonway.fr\/DanielOnWay\/studio-plan-eclairage\/#breadcrumb"},"inLanguage":"fr-FR","potentialAction":[{"@type":"ReadAction","target":["https:\/\/danielonway.fr\/DanielOnWay\/studio-plan-eclairage\/"]}]},{"@type":"ImageObject","inLanguage":"fr-FR","@id":"https:\/\/danielonway.fr\/DanielOnWay\/studio-plan-eclairage\/#primaryimage","url":"https:\/\/danielonway.fr\/DanielOnWay\/wp-content\/uploads\/2018\/11\/9782212676969_h430.jpg","contentUrl":"https:\/\/danielonway.fr\/DanielOnWay\/wp-content\/uploads\/2018\/11\/9782212676969_h430.jpg","width":520,"height":430,"caption":"Mon avis sur... STUDIO - Plans d'\u00e9clairage pour la photo de portrait"},{"@type":"BreadcrumbList","@id":"https:\/\/danielonway.fr\/DanielOnWay\/studio-plan-eclairage\/#breadcrumb","itemListElement":[{"@type":"ListItem","position":1,"name":"Accueil","item":"https:\/\/danielonway.fr\/DanielOnWay\/"},{"@type":"ListItem","position":2,"name":"Actualit\u00e9","item":"https:\/\/danielonway.fr\/DanielOnWay\/cat\u00e9gorie\/actualite\/"},{"@type":"ListItem","position":3,"name":"STUDIO &#8211; Plans d&rsquo;\u00e9clairage pour la photo de portrait"}]},{"@type":"WebSite","@id":"https:\/\/danielonway.fr\/DanielOnWay\/#website","url":"https:\/\/danielonway.fr\/DanielOnWay\/","name":"DanielOnWay - Photographie - Vid\u00e9o - Drone","description":"Photographie, Vid\u00e9o, Drone","publisher":{"@id":"https:\/\/danielonway.fr\/DanielOnWay\/#\/schema\/person\/4dab8f3634b87c1f28ae709f14913856"},"potentialAction":[{"@type":"SearchAction","target":{"@type":"EntryPoint","urlTemplate":"https:\/\/danielonway.fr\/DanielOnWay\/?s={search_term_string}"},"query-input":{"@type":"PropertyValueSpecification","valueRequired":true,"valueName":"search_term_string"}}],"inLanguage":"fr-FR"},{"@type":["Person","Organization"],"@id":"https:\/\/danielonway.fr\/DanielOnWay\/#\/schema\/person\/4dab8f3634b87c1f28ae709f14913856","name":"Daniel BRUCHET","image":{"@type":"ImageObject","inLanguage":"fr-FR","@id":"https:\/\/secure.gravatar.com\/avatar\/b0a60aec63b56e01b36ba7272efcfe1d156a9050fefa7813e995efe51b9a02b3?s=96&d=mm&r=g","url":"https:\/\/secure.gravatar.com\/avatar\/b0a60aec63b56e01b36ba7272efcfe1d156a9050fefa7813e995efe51b9a02b3?s=96&d=mm&r=g","contentUrl":"https:\/\/secure.gravatar.com\/avatar\/b0a60aec63b56e01b36ba7272efcfe1d156a9050fefa7813e995efe51b9a02b3?s=96&d=mm&r=g","caption":"Daniel BRUCHET"},"logo":{"@id":"https:\/\/secure.gravatar.com\/avatar\/b0a60aec63b56e01b36ba7272efcfe1d156a9050fefa7813e995efe51b9a02b3?s=96&d=mm&r=g"},"description":"Administrateur Systeme - Principal r\u00e9dacteur","sameAs":["http:\/\/www.danielonway.fr","https:\/\/www.facebook.com\/danielonway","https:\/\/www.instagram.com\/danielonway.fr\/","https:\/\/x.com\/danielonway"],"url":"https:\/\/danielonway.fr\/DanielOnWay\/author\/danielb\/"}]}},"_links":{"self":[{"href":"https:\/\/danielonway.fr\/DanielOnWay\/wp-json\/wp\/v2\/posts\/13456","targetHints":{"allow":["GET"]}}],"collection":[{"href":"https:\/\/danielonway.fr\/DanielOnWay\/wp-json\/wp\/v2\/posts"}],"about":[{"href":"https:\/\/danielonway.fr\/DanielOnWay\/wp-json\/wp\/v2\/types\/post"}],"author":[{"embeddable":true,"href":"https:\/\/danielonway.fr\/DanielOnWay\/wp-json\/wp\/v2\/users\/9"}],"replies":[{"embeddable":true,"href":"https:\/\/danielonway.fr\/DanielOnWay\/wp-json\/wp\/v2\/comments?post=13456"}],"version-history":[{"count":58,"href":"https:\/\/danielonway.fr\/DanielOnWay\/wp-json\/wp\/v2\/posts\/13456\/revisions"}],"predecessor-version":[{"id":15901,"href":"https:\/\/danielonway.fr\/DanielOnWay\/wp-json\/wp\/v2\/posts\/13456\/revisions\/15901"}],"wp:featuredmedia":[{"embeddable":true,"href":"https:\/\/danielonway.fr\/DanielOnWay\/wp-json\/wp\/v2\/media\/13459"}],"wp:attachment":[{"href":"https:\/\/danielonway.fr\/DanielOnWay\/wp-json\/wp\/v2\/media?parent=13456"}],"wp:term":[{"taxonomy":"category","embeddable":true,"href":"https:\/\/danielonway.fr\/DanielOnWay\/wp-json\/wp\/v2\/categories?post=13456"},{"taxonomy":"post_tag","embeddable":true,"href":"https:\/\/danielonway.fr\/DanielOnWay\/wp-json\/wp\/v2\/tags?post=13456"}],"curies":[{"name":"wp","href":"https:\/\/api.w.org\/{rel}","templated":true}]}}