{"id":14764,"date":"2020-10-05T15:00:33","date_gmt":"2020-10-05T13:00:33","guid":{"rendered":"https:\/\/danielonway.fr\/DanielOnWay\/?p=14764"},"modified":"2020-10-07T16:16:58","modified_gmt":"2020-10-07T14:16:58","slug":"mon-avis-au-coeur-phototographie-david-duchemin","status":"publish","type":"post","link":"https:\/\/danielonway.fr\/DanielOnWay\/mon-avis-au-coeur-phototographie-david-duchemin\/","title":{"rendered":"Mon avis sur &#8230; Au coeur de la photographie &#8211; David duChemin"},"content":{"rendered":"<p>[vc_row][vc_column][vc_custom_heading text=\u00a0\u00bbActualit\u00e9 Livre\u00a0\u00bb use_theme_fonts=\u00a0\u00bbyes\u00a0\u00bb css=\u00a0\u00bb.vc_custom_1602080189797{margin-bottom: 15px !important;}\u00a0\u00bb][vc_column_text]<\/p>\n<h2>Au Coeur De La Photographie &#8211; David duChemin<\/h2>\n<h3>Les questions essentielles \u00e0 se poser pour cr\u00e9er des images fortes<\/h3>\n<blockquote><p>Lorsque nous prenons un peu de recul face \u00e0 notre travail photographique, la question \u00ab\u00a0Est-ce une bonne photographie?\u00a0\u00bb revient naturellement. C&rsquo;est compr\u00e9hensible, mais est-ce vraiment utile ? On peut d&rsquo;ailleurs s&rsquo;interroger sur le v\u00e9ritable sens de \u00ab\u00a0bon\u00a0\u00bb ? Et si le fait de se poser les bonnes questions permettait au photographe de transformer sa d\u00e9marche cr\u00e9ative et d&rsquo;am\u00e9liorer sa pratique ? Dans ce nouvel ouvrage, David duChemin vous accompagne et vous apprend \u00e0 vous poser les questions fondamentales, allant des interrogations les plus larges qu&rsquo;est-ce que je cherche \u00e0 dire ? aux plus sp\u00e9cifiques &#8211; que fait la lumi\u00e8re ? O\u00f9 vont les lignes ? Il invite le lecteur \u00e0 trouver ses propres r\u00e9ponses pour progresser et ainsi cr\u00e9er des clich\u00e9s plus r\u00e9ussis. Au fil de sa r\u00e9flexion, l&rsquo;auteur vous guide pour vous aider \u00e0 progressivement vous forger votre propre mode de pens\u00e9e et \u00e0 mener une analyse en profondeur de vos intentions r\u00e9elles, afin d&rsquo;exprimer votre style et surtout de r\u00e9aliser des photos qui seront vraiment les v\u00f4tres.<\/p>\n<p>Bien loin d&rsquo;\u00eatre un ouvrage th\u00e9orique, Au coeur de la photographie propose une approche utile et pratique, o\u00f9 l&rsquo;auteur aborde un par un les blocs de construction qui vous permettront de composer des clich\u00e9s plus saisissants : le geste, l&rsquo;\u00e9quilibre, l&rsquo;\u00e9chelle, le contraste, la perspective, l&rsquo;histoire, la m\u00e9moire, le symbolisme et bien plus encore&#8230; autant d&rsquo;\u00e9l\u00e9ments qui feront de vos photos des images puissantes et authentiques.<\/p><\/blockquote>\n<p>&nbsp;<\/p>\n<p><img decoding=\"async\" class=\"alignright wp-image-15022 size-thumbnail\" src=\"https:\/\/danielonway.fr\/DanielOnWay\/wp-content\/uploads\/2020\/10\/WP-3184-150x150.jpg\" alt=\"\" width=\"150\" height=\"150\" srcset=\"https:\/\/danielonway.fr\/DanielOnWay\/wp-content\/uploads\/2020\/10\/WP-3184-66x66.jpg 66w, https:\/\/danielonway.fr\/DanielOnWay\/wp-content\/uploads\/2020\/10\/WP-3184-150x150.jpg 150w, https:\/\/danielonway.fr\/DanielOnWay\/wp-content\/uploads\/2020\/10\/WP-3184-200x200.jpg 200w, https:\/\/danielonway.fr\/DanielOnWay\/wp-content\/uploads\/2020\/10\/WP-3184-300x300.jpg 300w, https:\/\/danielonway.fr\/DanielOnWay\/wp-content\/uploads\/2020\/10\/WP-3184-400x400.jpg 400w, https:\/\/danielonway.fr\/DanielOnWay\/wp-content\/uploads\/2020\/10\/WP-3184-600x600.jpg 600w, https:\/\/danielonway.fr\/DanielOnWay\/wp-content\/uploads\/2020\/10\/WP-3184-768x768.jpg 768w, https:\/\/danielonway.fr\/DanielOnWay\/wp-content\/uploads\/2020\/10\/WP-3184-800x800.jpg 800w, https:\/\/danielonway.fr\/DanielOnWay\/wp-content\/uploads\/2020\/10\/WP-3184-1024x1024.jpg 1024w, https:\/\/danielonway.fr\/DanielOnWay\/wp-content\/uploads\/2020\/10\/WP-3184-1200x1200.jpg 1200w, https:\/\/danielonway.fr\/DanielOnWay\/wp-content\/uploads\/2020\/10\/WP-3184-1536x1536.jpg 1536w\" sizes=\"(max-width: 150px) 100vw, 150px\" \/><\/p>\n<h2>Mon avis &#8230;<\/h2>\n<p>Cet ouvrage ne nous parle pas du comment. Il parle du pourquoi. Il a pour objectif d&rsquo;apprendre \u00e0 se poser des questions. Il est structur\u00e9 autour de quatre grands th\u00e8mes :<\/p>\n<ul>\n<li>Premi\u00e8re partie : Une bonne photo ?<\/li>\n<li>Deuxi\u00e8me partie : D\u00e9passer le bon.<\/li>\n<li>Troisi\u00e8me partie : Un meilleur moyen d&rsquo;expression.<\/li>\n<li>Quatri\u00e8me partie : De meilleures photos.<\/li>\n<\/ul>\n<p><img decoding=\"async\" class=\"size-medium wp-image-15020 alignleft\" src=\"https:\/\/danielonway.fr\/DanielOnWay\/wp-content\/uploads\/2020\/10\/WP-3180-300x189.jpg\" alt=\"\" width=\"300\" height=\"189\" srcset=\"https:\/\/danielonway.fr\/DanielOnWay\/wp-content\/uploads\/2020\/10\/WP-3180-200x126.jpg 200w, https:\/\/danielonway.fr\/DanielOnWay\/wp-content\/uploads\/2020\/10\/WP-3180-300x189.jpg 300w, https:\/\/danielonway.fr\/DanielOnWay\/wp-content\/uploads\/2020\/10\/WP-3180-320x202.jpg 320w, https:\/\/danielonway.fr\/DanielOnWay\/wp-content\/uploads\/2020\/10\/WP-3180-400x252.jpg 400w, https:\/\/danielonway.fr\/DanielOnWay\/wp-content\/uploads\/2020\/10\/WP-3180-600x378.jpg 600w, https:\/\/danielonway.fr\/DanielOnWay\/wp-content\/uploads\/2020\/10\/WP-3180-700x441.jpg 700w, https:\/\/danielonway.fr\/DanielOnWay\/wp-content\/uploads\/2020\/10\/WP-3180-768x484.jpg 768w, https:\/\/danielonway.fr\/DanielOnWay\/wp-content\/uploads\/2020\/10\/WP-3180-800x504.jpg 800w, https:\/\/danielonway.fr\/DanielOnWay\/wp-content\/uploads\/2020\/10\/WP-3180-1024x645.jpg 1024w, https:\/\/danielonway.fr\/DanielOnWay\/wp-content\/uploads\/2020\/10\/WP-3180-1200x756.jpg 1200w, https:\/\/danielonway.fr\/DanielOnWay\/wp-content\/uploads\/2020\/10\/WP-3180-1536x967.jpg 1536w\" sizes=\"(max-width: 300px) 100vw, 300px\" \/>Chaque th\u00e8me est trait\u00e9 en r\u00e9pondant aux questions que posent chacun de ces sujets. Dans la premi\u00e8re partie la question de base est : Est-ce qu&rsquo;elle est r\u00e9ussie ? Apr\u00e8s sa r\u00e9ponse l&rsquo;auteur pr\u00e9sente deux points de vues diff\u00e9rents de qualification d&rsquo;une photo r\u00e9ussie : Est-elle bonne selon le public ? ou r\u00e9ussie selon le photographe ?<\/p>\n<p>La deuxi\u00e8me partie nous invite \u00e0 d\u00e9passer le \u00ab\u00a0bon\u00a0\u00bb. Est-ce le \u00ab\u00a0parfait\u00a0\u00bb ? Et si la perfection est un objectif hors d&rsquo;atteinte ? Est-ce le \u00ab\u00a0sans aucun d\u00e9faut\u00a0\u00bb ? Et si la qu\u00eate de perfection nous emp\u00eache d&rsquo;aller au bout d&rsquo;un projet ? En r\u00e9ponse \u00e0 ces questions l&rsquo;auteur nous am\u00e8ne \u00e0 capter de meilleurs clich\u00e9s en nous invitant \u00e0 mieux comprendre quel est le vrai sujet de nos images. En trois questions primordiales, on comprend quel est le vrai sujet mais aussi et surtout : qu&rsquo;est-ce qu&rsquo;on veut en dire ?<\/p>\n<p>La troisi\u00e8me partie nous propose de d\u00e9terminer la meilleure expression du sujet, de prendre des risques, de tester de nombreuses possibilit\u00e9s, de d\u00e9passer les choix de composition et les r\u00e9glages \u00e9vidents etc. C&rsquo;est ce que l&rsquo;auteur consid\u00e8re comme l&rsquo;exploration et l&rsquo;expression. Il s&rsquo;en suit une liste de 20 questions destin\u00e9es \u00e0 peaufiner son processus cr\u00e9atif et \u00e0 obtenir une meilleure ad\u00e9quation entre les \u00e9l\u00e9ments participant \u00e0 la composition d&rsquo;une image et la r\u00e9alisation finale du clich\u00e9. David duChemin nous apporte ses r\u00e9ponses aux questions :<\/p>\n<ul>\n<li>Que fait la lumi\u00e8re ?<\/li>\n<li>Qu&rsquo;apporte la couleur ?<\/li>\n<li>Quel est le r\u00f4le des lignes et des formes ?<\/li>\n<li>Quel est votre point de vue ?<\/li>\n<li>Que vaut cet instant ?<\/li>\n<li>O\u00f9 est l&rsquo;histoire ?<\/li>\n<li>O\u00f9 est le contraste ?<\/li>\n<li>Qu&rsquo;en est-il de l&rsquo;\u00e9quilibre et de la tension ?<\/li>\n<li>Qu&rsquo;est ce que l&rsquo;\u00e9nergie ?<\/li>\n<li>Comment utiliser l&rsquo;espace et l&rsquo;\u00e9chelle ?<\/li>\n<li>Puis-je aller plus profond ?<\/li>\n<li>Qu&rsquo;en est-il du cadre ?<\/li>\n<li>Les \u00e9l\u00e9ments se r\u00e9p\u00e8tent-ils ?<\/li>\n<li>O\u00f9 est l&rsquo;harmonie ?<\/li>\n<li>Que puis-je exclure ?<\/li>\n<li>O\u00f9 va l&rsquo;oeil ?<\/li>\n<li>Que ressentez-vous ?<\/li>\n<li>O\u00f9 est le myst\u00e8re ?<\/li>\n<li>Dis, tu te souviens ?<\/li>\n<li>Puis-je recourir aux symboles ?<\/li>\n<li>Suis-je trop terre-\u00e0-terre ?<img decoding=\"async\" class=\"alignright wp-image-15019 size-thumbnail\" src=\"https:\/\/danielonway.fr\/DanielOnWay\/wp-content\/uploads\/2020\/10\/WP-3179-150x150.jpg\" alt=\"\" width=\"150\" height=\"150\" srcset=\"https:\/\/danielonway.fr\/DanielOnWay\/wp-content\/uploads\/2020\/10\/WP-3179-66x66.jpg 66w, https:\/\/danielonway.fr\/DanielOnWay\/wp-content\/uploads\/2020\/10\/WP-3179-150x150.jpg 150w\" sizes=\"(max-width: 150px) 100vw, 150px\" \/><\/li>\n<\/ul>\n<p>La quatri\u00e8me partie, \u00ab\u00a0le coeur de la photographie\u00a0\u00bb d\u00e9bute par la citation : \u00ab\u00a0Vous \u00eates votre premier public, et le plus important.\u00a0\u00bb Cette partie tr\u00e8s courte r\u00e9v\u00e8le que le coeur de la photographie, c&rsquo;est quand le sujet est exprim\u00e9 au mieux. Au mieux selon qui ? <em>VOUS et VOUS SEUL.\u00a0<\/em><\/p>\n<p>&nbsp;<\/p>\n<p>Cet ouvrage \u00e0 couverture rigide pellicul\u00e9e mat offre une grande qualit\u00e9 d&rsquo;impression. Les textes sont ponctu\u00e9s de pages \u00ab\u00a0de r\u00e9flexion\u00a0\u00bb, c&rsquo;est une pleine page qui met en exergue une id\u00e9e d\u00e9velopp\u00e9e ensuite dans le corps du texte. On trouvera par exemple une page en aplat noir et texte blanc : \u00ab\u00a0Ce n&rsquo;est pas seulement ce que nous photographions, mais comment et pourquoi nous le photographions qui rend une image unique, authentique ou surprenante\u00a0\u00bb. De nombreuses photos de l&rsquo;auteur en noir et blanc ou en couleurs illustrent l&rsquo;ouvrage et ces\u00a0clich\u00e9s d&rsquo;illustration peuvent constituer un fil rouge \u00e9ducatif.<\/p>\n<h2>En conclusion,<\/h2>\n<p><img decoding=\"async\" class=\"alignleft wp-image-15021 size-thumbnail\" src=\"https:\/\/danielonway.fr\/DanielOnWay\/wp-content\/uploads\/2020\/10\/WP-3181-150x150.jpg\" alt=\"\" width=\"150\" height=\"150\" srcset=\"https:\/\/danielonway.fr\/DanielOnWay\/wp-content\/uploads\/2020\/10\/WP-3181-66x66.jpg 66w, https:\/\/danielonway.fr\/DanielOnWay\/wp-content\/uploads\/2020\/10\/WP-3181-150x150.jpg 150w\" sizes=\"(max-width: 150px) 100vw, 150px\" \/>Les \u00e9ditions Eyrolles publient l\u00e0, encore une fois, un ouvrage de r\u00e9f\u00e9rence dans le monde de la photographie. Ce livre est une sorte de guide d&rsquo;introspection, (dans le sens psychologie de la connaissance int\u00e9rieure de nos perceptions, de nos actions, de nos \u00e9motions), pour celui qui souhaite aller au plus profond de l&rsquo;exploration et de l&rsquo;expression au travers du m\u00e9dia photographique. Il nous am\u00e8ne \u00e0 se consid\u00e9rer comme notre meilleur spectateur et \u00e0 savoir pour qui on pratique la photographie. Dans les derni\u00e8res pages l&rsquo;auteur nous d\u00e9voilera le miracle de l&rsquo;art : \u00ab\u00a0si vous cr\u00e9ez pour vous m\u00eame avec la plus grande honn\u00eatet\u00e9 possible, votre travail acquiert une authenticit\u00e9 &#8230;\u00a0\u00bb<\/p>\n<p>Ce n&rsquo;est pas un livre \u00e0 lire forc\u00e9ment d&rsquo;une seule traite. Les questions que pose l&rsquo;auteur sont en fait des cl\u00e9s. \u00ab\u00a0L&rsquo;art demande du temps et exige concentration et volont\u00e9\u00a0\u00bb. C&rsquo;est pourquoi le fait de se poser ces questions va permettre d&rsquo;enrichir notre processus cr\u00e9atif et am\u00e9liorer notre vision \u00ab\u00a0du cadre de la photo\u00a0\u00bb. J&rsquo;ai personnellement lu et relu \u00e0 plusieurs reprises certains passages du livre, pour m&rsquo;inspirer ou encore pour me lancer dans une r\u00e9flexion sur la base d&rsquo;une des questions pos\u00e9es. Ma sensibilit\u00e9 pour certains sujets, mon exp\u00e9rience, ma vision des choses m&rsquo;ont conduit \u00e0 ne pas \u00eatre toujours en accord avec l&rsquo;analyse de l&rsquo;auteur. Cependant dans de nombreux cas je rejoins totalement le discours de David duChemin.<\/p>\n<p>On notera au passage que l&rsquo;ouvrage a \u00e9t\u00e9 adapt\u00e9 de l&rsquo;anglais par Franck M\u00e9e, qui nous propose, comme toujours, un travail remarquable.<\/p>\n<p>A lire \u00e9galement ma chronique sur\u00a0<a href=\"https:\/\/danielonway.fr\/DanielOnWay\/ame-du-photographe\/\" target=\"_blank\" rel=\"noopener noreferrer\">L\u2019\u00e2me du Photographe<\/a>\u00a0du m\u00eame auteur.<\/p>\n<p><a href=\"https:\/\/www.editions-eyrolles.com\" target=\"_blank\" rel=\"noopener noreferrer\"><img decoding=\"async\" class=\"alignnone wp-image-13760\" src=\"http:\/\/danielonway.fr\/DanielOnWay\/wp-content\/uploads\/2019\/06\/Edition_Eyrolles-300x94.jpg\" alt=\"\" width=\"236\" height=\"74\" srcset=\"https:\/\/danielonway.fr\/DanielOnWay\/wp-content\/uploads\/2019\/06\/Edition_Eyrolles-200x63.jpg 200w, https:\/\/danielonway.fr\/DanielOnWay\/wp-content\/uploads\/2019\/06\/Edition_Eyrolles-300x94.jpg 300w, https:\/\/danielonway.fr\/DanielOnWay\/wp-content\/uploads\/2019\/06\/Edition_Eyrolles-400x125.jpg 400w, https:\/\/danielonway.fr\/DanielOnWay\/wp-content\/uploads\/2019\/06\/Edition_Eyrolles.jpg 473w\" sizes=\"(max-width: 236px) 100vw, 236px\" \/><\/a><\/p>\n<h3 class=\"fusion-responsive-typography-calculated\" data-fontsize=\"18\" data-lineheight=\"34px\">A Propos de l\u2019auteur :\u00a0<span class=\" font-weight-light\">David duChemin<\/span><\/h3>\n<div class=\"reset-content\">\n<p><strong>David duChemin<\/strong> est un photographe professionnel sp\u00e9cialis\u00e9 dans l\u2019humanitaire et la photo de voyages. Il a parcouru les sept continents \u00e0 la recherche d\u2019aventures et de beaut\u00e9. Auteur de plusieurs ouvrages sur la technique et l\u2019art photographiques, tels que <em>L\u2019\u00e2me du photographe, Le langage du photographe, L\u2019intention du photographe<\/em> et <em>La d\u00e9marche du photographe,<\/em> il a fond\u00e9 inopin\u00e9ment <em>CraftandVision.com<\/em>, un site proposant des contenus \u00e9ducatifs pour les photographes. Il reste un admirateur enthousiaste des photographes amateurs.<\/p>\n<p>Son travail est disponible sur <em>DavidDuChemin.com<\/em>, de m\u00eame que son blog et la communaut\u00e9 de passionn\u00e9s qui le lit.<\/p>\n<\/div>\n<p>[\/vc_column_text][\/vc_column][\/vc_row][vc_row icon_animation=\u00a0\u00bb\u00a0\u00bb title=\u00a0\u00bbTous les ouvrages que je conseille &#8230;\u00a0\u00bb heading_tag=\u00a0\u00bbh2&Prime; read_more=\u00a0\u00bbnone\u00a0\u00bb link=\u00a0\u00bb\u00a0\u00bb read_text=\u00a0\u00bbRead More\u00a0\u00bb hover_effect=\u00a0\u00bbstyle_1&Prime; pos=\u00a0\u00bbdefault\u00a0\u00bb box_min_height=\u00a0\u00bb\u00a0\u00bb box_border_style=\u00a0\u00bb\u00a0\u00bb box_border_width=\u00a0\u00bb\u00a0\u00bb box_border_color=\u00a0\u00bb\u00a0\u00bb box_bg_color=\u00a0\u00bb\u00a0\u00bb title_text_typography=\u00a0\u00bb\u00a0\u00bb title_font=\u00a0\u00bb\u00a0\u00bb title_font_style=\u00a0\u00bb\u00a0\u00bb desc_text_typography=\u00a0\u00bb\u00a0\u00bb desc_font=\u00a0\u00bb\u00a0\u00bb desc_font_style=\u00a0\u00bb\u00a0\u00bb title_font_size=\u00a0\u00bb\u00a0\u00bb title_font_line_height=\u00a0\u00bb\u00a0\u00bb title_font_color=\u00a0\u00bb\u00a0\u00bb desc_font_size=\u00a0\u00bb\u00a0\u00bb desc_font_line_height=\u00a0\u00bb\u00a0\u00bb desc_font_color=\u00a0\u00bb\u00a0\u00bb css_info_box=\u00a0\u00bb\u00a0\u00bb][\/vc_row][vc_column][\/vc_column][bsf-info-box icon=\u00a0\u00bbDefaults-book\u00a0\u00bb icon_size=\u00a0\u00bb32&Prime; icon_style=\u00a0\u00bbcircle\u00a0\u00bb icon_color_bg=\u00a0\u00bb#dce8b1&Prime; title=\u00a0\u00bbTous les ouvrages que je conseille &#8230;\u00a0\u00bb heading_tag=\u00a0\u00bbh2&Prime;][\/bsf-info-box]<\/p>\n","protected":false},"excerpt":{"rendered":"<p>Lorsque nous prenons un peu de recul face \u00e0 notre travail photographique, la question \u00ab\u00a0Est-ce une bonne photographie?\u00a0\u00bb revient naturellement. C&rsquo;est compr\u00e9hensible, mais est-ce vraiment utile ? <\/p>\n","protected":false},"author":9,"featured_media":15022,"comment_status":"closed","ping_status":"closed","sticky":false,"template":"","format":"standard","meta":{"footnotes":""},"categories":[69,3150,657],"tags":[161,116,675,120,3997],"class_list":["post-14764","post","type-post","status-publish","format-standard","has-post-thumbnail","hentry","category-actualite","category-chronique","category-livre","tag-creativite","tag-livre","tag-livre-photo","tag-photographie","tag-pratique"],"yoast_head":"<!-- This site is optimized with the Yoast SEO plugin v27.3 - https:\/\/yoast.com\/product\/yoast-seo-wordpress\/ -->\n<title>Mon avis sur ... Au coeur de la photographie - David duChemin<\/title>\n<meta name=\"description\" content=\"Lorsque nous prenons un peu de recul face \u00e0 notre travail photographique, la question &quot;Est-ce une bonne photographie?&quot; revient naturellement. C&#039;est compr\u00e9hensible, mais est-ce vraiment utile ?\" \/>\n<meta name=\"robots\" content=\"index, follow, max-snippet:-1, max-image-preview:large, max-video-preview:-1\" \/>\n<link rel=\"canonical\" href=\"https:\/\/danielonway.fr\/DanielOnWay\/mon-avis-au-coeur-phototographie-david-duchemin\/\" \/>\n<meta property=\"og:locale\" content=\"fr_FR\" \/>\n<meta property=\"og:type\" content=\"article\" \/>\n<meta property=\"og:title\" content=\"Mon avis sur ... Au coeur de la photographie - David duChemin\" \/>\n<meta property=\"og:description\" content=\"Lorsque nous prenons un peu de recul face \u00e0 notre travail photographique, la question &quot;Est-ce une bonne photographie?&quot; revient naturellement. C&#039;est compr\u00e9hensible, mais est-ce vraiment utile ?\" \/>\n<meta property=\"og:url\" content=\"https:\/\/danielonway.fr\/DanielOnWay\/mon-avis-au-coeur-phototographie-david-duchemin\/\" \/>\n<meta property=\"og:site_name\" content=\"DanielOnWay - Photographie - Vid\u00e9o - Drone\" \/>\n<meta property=\"article:publisher\" content=\"https:\/\/www.facebook.com\/danielonway\" \/>\n<meta property=\"article:author\" content=\"https:\/\/www.facebook.com\/danielonway\" \/>\n<meta property=\"article:published_time\" content=\"2020-10-05T13:00:33+00:00\" \/>\n<meta property=\"article:modified_time\" content=\"2020-10-07T14:16:58+00:00\" \/>\n<meta property=\"og:image\" content=\"https:\/\/danielonway.fr\/DanielOnWay\/wp-content\/uploads\/2020\/10\/WP-3184-1024x1024.jpg\" \/>\n\t<meta property=\"og:image:width\" content=\"1024\" \/>\n\t<meta property=\"og:image:height\" content=\"1024\" \/>\n\t<meta property=\"og:image:type\" content=\"image\/jpeg\" \/>\n<meta name=\"author\" content=\"Daniel BRUCHET\" \/>\n<meta name=\"twitter:card\" content=\"summary_large_image\" \/>\n<meta name=\"twitter:creator\" content=\"@danielonway\" \/>\n<meta name=\"twitter:site\" content=\"@danielonway\" \/>\n<meta name=\"twitter:label1\" content=\"\u00c9crit par\" \/>\n\t<meta name=\"twitter:data1\" content=\"Daniel BRUCHET\" \/>\n\t<meta name=\"twitter:label2\" content=\"Dur\u00e9e de lecture estim\u00e9e\" \/>\n\t<meta name=\"twitter:data2\" content=\"7 minutes\" \/>\n<script type=\"application\/ld+json\" class=\"yoast-schema-graph\">{\"@context\":\"https:\\\/\\\/schema.org\",\"@graph\":[{\"@type\":\"Article\",\"@id\":\"https:\\\/\\\/danielonway.fr\\\/DanielOnWay\\\/mon-avis-au-coeur-phototographie-david-duchemin\\\/#article\",\"isPartOf\":{\"@id\":\"https:\\\/\\\/danielonway.fr\\\/DanielOnWay\\\/mon-avis-au-coeur-phototographie-david-duchemin\\\/\"},\"author\":{\"name\":\"Daniel BRUCHET\",\"@id\":\"https:\\\/\\\/danielonway.fr\\\/DanielOnWay\\\/#\\\/schema\\\/person\\\/4dab8f3634b87c1f28ae709f14913856\"},\"headline\":\"Mon avis sur &#8230; Au coeur de la photographie &#8211; David duChemin\",\"datePublished\":\"2020-10-05T13:00:33+00:00\",\"dateModified\":\"2020-10-07T14:16:58+00:00\",\"mainEntityOfPage\":{\"@id\":\"https:\\\/\\\/danielonway.fr\\\/DanielOnWay\\\/mon-avis-au-coeur-phototographie-david-duchemin\\\/\"},\"wordCount\":1427,\"publisher\":{\"@id\":\"https:\\\/\\\/danielonway.fr\\\/DanielOnWay\\\/#\\\/schema\\\/person\\\/4dab8f3634b87c1f28ae709f14913856\"},\"image\":{\"@id\":\"https:\\\/\\\/danielonway.fr\\\/DanielOnWay\\\/mon-avis-au-coeur-phototographie-david-duchemin\\\/#primaryimage\"},\"thumbnailUrl\":\"https:\\\/\\\/danielonway.fr\\\/DanielOnWay\\\/wp-content\\\/uploads\\\/2020\\\/10\\\/WP-3184-scaled.jpg\",\"keywords\":[\"cr\u00e9ativit\u00e9\",\"livre\",\"Livre photo\",\"photographie\",\"pratique\"],\"articleSection\":[\"Actualit\u00e9\",\"Chronique\",\"Livre\"],\"inLanguage\":\"fr-FR\"},{\"@type\":\"WebPage\",\"@id\":\"https:\\\/\\\/danielonway.fr\\\/DanielOnWay\\\/mon-avis-au-coeur-phototographie-david-duchemin\\\/\",\"url\":\"https:\\\/\\\/danielonway.fr\\\/DanielOnWay\\\/mon-avis-au-coeur-phototographie-david-duchemin\\\/\",\"name\":\"Mon avis sur ... Au coeur de la photographie - David duChemin\",\"isPartOf\":{\"@id\":\"https:\\\/\\\/danielonway.fr\\\/DanielOnWay\\\/#website\"},\"primaryImageOfPage\":{\"@id\":\"https:\\\/\\\/danielonway.fr\\\/DanielOnWay\\\/mon-avis-au-coeur-phototographie-david-duchemin\\\/#primaryimage\"},\"image\":{\"@id\":\"https:\\\/\\\/danielonway.fr\\\/DanielOnWay\\\/mon-avis-au-coeur-phototographie-david-duchemin\\\/#primaryimage\"},\"thumbnailUrl\":\"https:\\\/\\\/danielonway.fr\\\/DanielOnWay\\\/wp-content\\\/uploads\\\/2020\\\/10\\\/WP-3184-scaled.jpg\",\"datePublished\":\"2020-10-05T13:00:33+00:00\",\"dateModified\":\"2020-10-07T14:16:58+00:00\",\"description\":\"Lorsque nous prenons un peu de recul face \u00e0 notre travail photographique, la question \\\"Est-ce une bonne photographie?\\\" revient naturellement. C'est compr\u00e9hensible, mais est-ce vraiment utile ?\",\"breadcrumb\":{\"@id\":\"https:\\\/\\\/danielonway.fr\\\/DanielOnWay\\\/mon-avis-au-coeur-phototographie-david-duchemin\\\/#breadcrumb\"},\"inLanguage\":\"fr-FR\",\"potentialAction\":[{\"@type\":\"ReadAction\",\"target\":[\"https:\\\/\\\/danielonway.fr\\\/DanielOnWay\\\/mon-avis-au-coeur-phototographie-david-duchemin\\\/\"]}]},{\"@type\":\"ImageObject\",\"inLanguage\":\"fr-FR\",\"@id\":\"https:\\\/\\\/danielonway.fr\\\/DanielOnWay\\\/mon-avis-au-coeur-phototographie-david-duchemin\\\/#primaryimage\",\"url\":\"https:\\\/\\\/danielonway.fr\\\/DanielOnWay\\\/wp-content\\\/uploads\\\/2020\\\/10\\\/WP-3184-scaled.jpg\",\"contentUrl\":\"https:\\\/\\\/danielonway.fr\\\/DanielOnWay\\\/wp-content\\\/uploads\\\/2020\\\/10\\\/WP-3184-scaled.jpg\",\"width\":2560,\"height\":2560},{\"@type\":\"BreadcrumbList\",\"@id\":\"https:\\\/\\\/danielonway.fr\\\/DanielOnWay\\\/mon-avis-au-coeur-phototographie-david-duchemin\\\/#breadcrumb\",\"itemListElement\":[{\"@type\":\"ListItem\",\"position\":1,\"name\":\"Accueil\",\"item\":\"https:\\\/\\\/danielonway.fr\\\/DanielOnWay\\\/\"},{\"@type\":\"ListItem\",\"position\":2,\"name\":\"Actualit\u00e9\",\"item\":\"https:\\\/\\\/danielonway.fr\\\/DanielOnWay\\\/cat\u00e9gorie\\\/actualite\\\/\"},{\"@type\":\"ListItem\",\"position\":3,\"name\":\"Mon avis sur &#8230; Au coeur de la photographie &#8211; David duChemin\"}]},{\"@type\":\"WebSite\",\"@id\":\"https:\\\/\\\/danielonway.fr\\\/DanielOnWay\\\/#website\",\"url\":\"https:\\\/\\\/danielonway.fr\\\/DanielOnWay\\\/\",\"name\":\"DanielOnWay - Photographie - Vid\u00e9o - Drone\",\"description\":\"Photographie, Vid\u00e9o, Drone\",\"publisher\":{\"@id\":\"https:\\\/\\\/danielonway.fr\\\/DanielOnWay\\\/#\\\/schema\\\/person\\\/4dab8f3634b87c1f28ae709f14913856\"},\"potentialAction\":[{\"@type\":\"SearchAction\",\"target\":{\"@type\":\"EntryPoint\",\"urlTemplate\":\"https:\\\/\\\/danielonway.fr\\\/DanielOnWay\\\/?s={search_term_string}\"},\"query-input\":{\"@type\":\"PropertyValueSpecification\",\"valueRequired\":true,\"valueName\":\"search_term_string\"}}],\"inLanguage\":\"fr-FR\"},{\"@type\":[\"Person\",\"Organization\"],\"@id\":\"https:\\\/\\\/danielonway.fr\\\/DanielOnWay\\\/#\\\/schema\\\/person\\\/4dab8f3634b87c1f28ae709f14913856\",\"name\":\"Daniel BRUCHET\",\"image\":{\"@type\":\"ImageObject\",\"inLanguage\":\"fr-FR\",\"@id\":\"https:\\\/\\\/secure.gravatar.com\\\/avatar\\\/b0a60aec63b56e01b36ba7272efcfe1d156a9050fefa7813e995efe51b9a02b3?s=96&d=mm&r=g\",\"url\":\"https:\\\/\\\/secure.gravatar.com\\\/avatar\\\/b0a60aec63b56e01b36ba7272efcfe1d156a9050fefa7813e995efe51b9a02b3?s=96&d=mm&r=g\",\"contentUrl\":\"https:\\\/\\\/secure.gravatar.com\\\/avatar\\\/b0a60aec63b56e01b36ba7272efcfe1d156a9050fefa7813e995efe51b9a02b3?s=96&d=mm&r=g\",\"caption\":\"Daniel BRUCHET\"},\"logo\":{\"@id\":\"https:\\\/\\\/secure.gravatar.com\\\/avatar\\\/b0a60aec63b56e01b36ba7272efcfe1d156a9050fefa7813e995efe51b9a02b3?s=96&d=mm&r=g\"},\"description\":\"Administrateur Systeme - Principal r\u00e9dacteur\",\"sameAs\":[\"http:\\\/\\\/www.danielonway.fr\",\"https:\\\/\\\/www.facebook.com\\\/danielonway\",\"https:\\\/\\\/www.instagram.com\\\/danielonway.fr\\\/\",\"https:\\\/\\\/x.com\\\/danielonway\"],\"url\":\"https:\\\/\\\/danielonway.fr\\\/DanielOnWay\\\/author\\\/danielb\\\/\"}]}<\/script>\n<!-- \/ Yoast SEO plugin. -->","yoast_head_json":{"title":"Mon avis sur ... Au coeur de la photographie - David duChemin","description":"Lorsque nous prenons un peu de recul face \u00e0 notre travail photographique, la question \"Est-ce une bonne photographie?\" revient naturellement. C'est compr\u00e9hensible, mais est-ce vraiment utile ?","robots":{"index":"index","follow":"follow","max-snippet":"max-snippet:-1","max-image-preview":"max-image-preview:large","max-video-preview":"max-video-preview:-1"},"canonical":"https:\/\/danielonway.fr\/DanielOnWay\/mon-avis-au-coeur-phototographie-david-duchemin\/","og_locale":"fr_FR","og_type":"article","og_title":"Mon avis sur ... Au coeur de la photographie - David duChemin","og_description":"Lorsque nous prenons un peu de recul face \u00e0 notre travail photographique, la question \"Est-ce une bonne photographie?\" revient naturellement. C'est compr\u00e9hensible, mais est-ce vraiment utile ?","og_url":"https:\/\/danielonway.fr\/DanielOnWay\/mon-avis-au-coeur-phototographie-david-duchemin\/","og_site_name":"DanielOnWay - Photographie - Vid\u00e9o - Drone","article_publisher":"https:\/\/www.facebook.com\/danielonway","article_author":"https:\/\/www.facebook.com\/danielonway","article_published_time":"2020-10-05T13:00:33+00:00","article_modified_time":"2020-10-07T14:16:58+00:00","og_image":[{"width":1024,"height":1024,"url":"https:\/\/danielonway.fr\/DanielOnWay\/wp-content\/uploads\/2020\/10\/WP-3184-1024x1024.jpg","type":"image\/jpeg"}],"author":"Daniel BRUCHET","twitter_card":"summary_large_image","twitter_creator":"@danielonway","twitter_site":"@danielonway","twitter_misc":{"\u00c9crit par":"Daniel BRUCHET","Dur\u00e9e de lecture estim\u00e9e":"7 minutes"},"schema":{"@context":"https:\/\/schema.org","@graph":[{"@type":"Article","@id":"https:\/\/danielonway.fr\/DanielOnWay\/mon-avis-au-coeur-phototographie-david-duchemin\/#article","isPartOf":{"@id":"https:\/\/danielonway.fr\/DanielOnWay\/mon-avis-au-coeur-phototographie-david-duchemin\/"},"author":{"name":"Daniel BRUCHET","@id":"https:\/\/danielonway.fr\/DanielOnWay\/#\/schema\/person\/4dab8f3634b87c1f28ae709f14913856"},"headline":"Mon avis sur &#8230; Au coeur de la photographie &#8211; David duChemin","datePublished":"2020-10-05T13:00:33+00:00","dateModified":"2020-10-07T14:16:58+00:00","mainEntityOfPage":{"@id":"https:\/\/danielonway.fr\/DanielOnWay\/mon-avis-au-coeur-phototographie-david-duchemin\/"},"wordCount":1427,"publisher":{"@id":"https:\/\/danielonway.fr\/DanielOnWay\/#\/schema\/person\/4dab8f3634b87c1f28ae709f14913856"},"image":{"@id":"https:\/\/danielonway.fr\/DanielOnWay\/mon-avis-au-coeur-phototographie-david-duchemin\/#primaryimage"},"thumbnailUrl":"https:\/\/danielonway.fr\/DanielOnWay\/wp-content\/uploads\/2020\/10\/WP-3184-scaled.jpg","keywords":["cr\u00e9ativit\u00e9","livre","Livre photo","photographie","pratique"],"articleSection":["Actualit\u00e9","Chronique","Livre"],"inLanguage":"fr-FR"},{"@type":"WebPage","@id":"https:\/\/danielonway.fr\/DanielOnWay\/mon-avis-au-coeur-phototographie-david-duchemin\/","url":"https:\/\/danielonway.fr\/DanielOnWay\/mon-avis-au-coeur-phototographie-david-duchemin\/","name":"Mon avis sur ... Au coeur de la photographie - David duChemin","isPartOf":{"@id":"https:\/\/danielonway.fr\/DanielOnWay\/#website"},"primaryImageOfPage":{"@id":"https:\/\/danielonway.fr\/DanielOnWay\/mon-avis-au-coeur-phototographie-david-duchemin\/#primaryimage"},"image":{"@id":"https:\/\/danielonway.fr\/DanielOnWay\/mon-avis-au-coeur-phototographie-david-duchemin\/#primaryimage"},"thumbnailUrl":"https:\/\/danielonway.fr\/DanielOnWay\/wp-content\/uploads\/2020\/10\/WP-3184-scaled.jpg","datePublished":"2020-10-05T13:00:33+00:00","dateModified":"2020-10-07T14:16:58+00:00","description":"Lorsque nous prenons un peu de recul face \u00e0 notre travail photographique, la question \"Est-ce une bonne photographie?\" revient naturellement. C'est compr\u00e9hensible, mais est-ce vraiment utile ?","breadcrumb":{"@id":"https:\/\/danielonway.fr\/DanielOnWay\/mon-avis-au-coeur-phototographie-david-duchemin\/#breadcrumb"},"inLanguage":"fr-FR","potentialAction":[{"@type":"ReadAction","target":["https:\/\/danielonway.fr\/DanielOnWay\/mon-avis-au-coeur-phototographie-david-duchemin\/"]}]},{"@type":"ImageObject","inLanguage":"fr-FR","@id":"https:\/\/danielonway.fr\/DanielOnWay\/mon-avis-au-coeur-phototographie-david-duchemin\/#primaryimage","url":"https:\/\/danielonway.fr\/DanielOnWay\/wp-content\/uploads\/2020\/10\/WP-3184-scaled.jpg","contentUrl":"https:\/\/danielonway.fr\/DanielOnWay\/wp-content\/uploads\/2020\/10\/WP-3184-scaled.jpg","width":2560,"height":2560},{"@type":"BreadcrumbList","@id":"https:\/\/danielonway.fr\/DanielOnWay\/mon-avis-au-coeur-phototographie-david-duchemin\/#breadcrumb","itemListElement":[{"@type":"ListItem","position":1,"name":"Accueil","item":"https:\/\/danielonway.fr\/DanielOnWay\/"},{"@type":"ListItem","position":2,"name":"Actualit\u00e9","item":"https:\/\/danielonway.fr\/DanielOnWay\/cat\u00e9gorie\/actualite\/"},{"@type":"ListItem","position":3,"name":"Mon avis sur &#8230; Au coeur de la photographie &#8211; David duChemin"}]},{"@type":"WebSite","@id":"https:\/\/danielonway.fr\/DanielOnWay\/#website","url":"https:\/\/danielonway.fr\/DanielOnWay\/","name":"DanielOnWay - Photographie - Vid\u00e9o - Drone","description":"Photographie, Vid\u00e9o, Drone","publisher":{"@id":"https:\/\/danielonway.fr\/DanielOnWay\/#\/schema\/person\/4dab8f3634b87c1f28ae709f14913856"},"potentialAction":[{"@type":"SearchAction","target":{"@type":"EntryPoint","urlTemplate":"https:\/\/danielonway.fr\/DanielOnWay\/?s={search_term_string}"},"query-input":{"@type":"PropertyValueSpecification","valueRequired":true,"valueName":"search_term_string"}}],"inLanguage":"fr-FR"},{"@type":["Person","Organization"],"@id":"https:\/\/danielonway.fr\/DanielOnWay\/#\/schema\/person\/4dab8f3634b87c1f28ae709f14913856","name":"Daniel BRUCHET","image":{"@type":"ImageObject","inLanguage":"fr-FR","@id":"https:\/\/secure.gravatar.com\/avatar\/b0a60aec63b56e01b36ba7272efcfe1d156a9050fefa7813e995efe51b9a02b3?s=96&d=mm&r=g","url":"https:\/\/secure.gravatar.com\/avatar\/b0a60aec63b56e01b36ba7272efcfe1d156a9050fefa7813e995efe51b9a02b3?s=96&d=mm&r=g","contentUrl":"https:\/\/secure.gravatar.com\/avatar\/b0a60aec63b56e01b36ba7272efcfe1d156a9050fefa7813e995efe51b9a02b3?s=96&d=mm&r=g","caption":"Daniel BRUCHET"},"logo":{"@id":"https:\/\/secure.gravatar.com\/avatar\/b0a60aec63b56e01b36ba7272efcfe1d156a9050fefa7813e995efe51b9a02b3?s=96&d=mm&r=g"},"description":"Administrateur Systeme - Principal r\u00e9dacteur","sameAs":["http:\/\/www.danielonway.fr","https:\/\/www.facebook.com\/danielonway","https:\/\/www.instagram.com\/danielonway.fr\/","https:\/\/x.com\/danielonway"],"url":"https:\/\/danielonway.fr\/DanielOnWay\/author\/danielb\/"}]}},"_links":{"self":[{"href":"https:\/\/danielonway.fr\/DanielOnWay\/wp-json\/wp\/v2\/posts\/14764","targetHints":{"allow":["GET"]}}],"collection":[{"href":"https:\/\/danielonway.fr\/DanielOnWay\/wp-json\/wp\/v2\/posts"}],"about":[{"href":"https:\/\/danielonway.fr\/DanielOnWay\/wp-json\/wp\/v2\/types\/post"}],"author":[{"embeddable":true,"href":"https:\/\/danielonway.fr\/DanielOnWay\/wp-json\/wp\/v2\/users\/9"}],"replies":[{"embeddable":true,"href":"https:\/\/danielonway.fr\/DanielOnWay\/wp-json\/wp\/v2\/comments?post=14764"}],"version-history":[{"count":26,"href":"https:\/\/danielonway.fr\/DanielOnWay\/wp-json\/wp\/v2\/posts\/14764\/revisions"}],"predecessor-version":[{"id":15059,"href":"https:\/\/danielonway.fr\/DanielOnWay\/wp-json\/wp\/v2\/posts\/14764\/revisions\/15059"}],"wp:featuredmedia":[{"embeddable":true,"href":"https:\/\/danielonway.fr\/DanielOnWay\/wp-json\/wp\/v2\/media\/15022"}],"wp:attachment":[{"href":"https:\/\/danielonway.fr\/DanielOnWay\/wp-json\/wp\/v2\/media?parent=14764"}],"wp:term":[{"taxonomy":"category","embeddable":true,"href":"https:\/\/danielonway.fr\/DanielOnWay\/wp-json\/wp\/v2\/categories?post=14764"},{"taxonomy":"post_tag","embeddable":true,"href":"https:\/\/danielonway.fr\/DanielOnWay\/wp-json\/wp\/v2\/tags?post=14764"}],"curies":[{"name":"wp","href":"https:\/\/api.w.org\/{rel}","templated":true}]}}