{"id":15720,"date":"2022-09-16T17:30:55","date_gmt":"2022-09-16T15:30:55","guid":{"rendered":"https:\/\/danielonway.fr\/DanielOnWay\/?p=15720"},"modified":"2022-09-15T14:32:05","modified_gmt":"2022-09-15T12:32:05","slug":"escapade-photo-le-chateau-du-clos-luce-les-jardins-de-leonard-de-vinci","status":"publish","type":"post","link":"https:\/\/danielonway.fr\/DanielOnWay\/escapade-photo-le-chateau-du-clos-luce-les-jardins-de-leonard-de-vinci\/","title":{"rendered":"Escapade Photo : Le Ch\u00e2teau du Clos Luc\u00e9 &#8211; Les jardins de L\u00e9onard de Vinci"},"content":{"rendered":"<p>[vc_row][vc_column][bsf-info-box icon=\u00a0\u00bbDefaults-film\u00a0\u00bb icon_size=\u00a0\u00bb32&Prime; icon_color=\u00a0\u00bb#000000&Prime; icon_style=\u00a0\u00bbcircle\u00a0\u00bb icon_color_bg=\u00a0\u00bb#dce8b1&Prime; title=\u00a0\u00bbL&rsquo;article en Vid\u00e9o\u00a0\u00bb heading_tag=\u00a0\u00bbh2&Prime; pos=\u00a0\u00bbleft\u00a0\u00bb]<iframe title=\"YouTube video player\" src=\"https:\/\/www.youtube.com\/embed\/C2fNDEEpUTQ\" width=\"560\" height=\"315\" frameborder=\"0\" allowfullscreen=\"allowfullscreen\"><\/iframe>[\/bsf-info-box][vc_column_text css_animation=\u00a0\u00bbfadeInRight\u00a0\u00bb]Cette semaine mon escapade photo s\u2019invite \u00e0 Ambroise, au Clos Luc\u00e9, la derni\u00e8re demeure de Leonard de Vinci.<\/p>\n<p>Le parc met en sc\u00e8ne les inventions du Ma\u00eetre\u00a0au travers de six th\u00e8mes pluridisciplinaires.\u00a0Le photographe y trouvera une multitude de sujets<br \/>\ntous plus insolites les uns que les autres.\u00a0\u00c0 l\u2019int\u00e9rieur du ch\u00e2teau on trouvera aussi\u00a0de nombreuses opportunit\u00e9s photographiques.<\/p>\n<p>Voil\u00e0 j&rsquo;esp\u00e8re que cette escapade photo vous a plu et vous a donn\u00e9 envie de d\u00e9couvrir le ch\u00e2teau du Clos Luc\u00e9 et le Parc L\u00e9onard de Vinci.[\/vc_column_text][bsf-info-box icon=\u00a0\u00bbDefaults-camera\u00a0\u00bb icon_size=\u00a0\u00bb32&Prime; icon_color=\u00a0\u00bb#000000&Prime; icon_style=\u00a0\u00bbcircle\u00a0\u00bb icon_color_bg=\u00a0\u00bb#dce8b1&Prime; title=\u00a0\u00bbLes Photos&#8230;\u00a0\u00bb heading_tag=\u00a0\u00bbh2&Prime; read_more=\u00a0\u00bbbox\u00a0\u00bb pos=\u00a0\u00bbleft\u00a0\u00bb]<\/p>\n<p style=\"text-align: center;\"><small><em>Tous droits r\u00e9serv\u00e9s &#8211; \u00a92022 Daniel Bruchet<\/em><\/small><br \/>\n<small><em>Cliquez sur une des photos pour l&rsquo;ouvrir dans la visionneuse<\/em><\/small><\/p>\n<p>[\/bsf-info-box][vc_masonry_media_grid initial_loading_animation=\u00a0\u00bbfadeIn\u00a0\u00bb grid_id=\u00a0\u00bbvc_gid:1663243197574-74cd222c-5a4c-5&Prime; include=\u00a0\u00bb15725,15728,15726,15727&Prime;][vc_column_text]Voil\u00e0 c\u2019est tout pour aujourd\u2019hui. A bient\u00f4t pour de prochaines vid\u00e9os,<\/p>\n<p><b>Et en attendant faites des photos !<\/b>[\/vc_column_text][\/vc_column][\/vc_row]<\/p>\n","protected":false},"excerpt":{"rendered":"<p>Cette semaine l&rsquo; escapade photo s\u2019invite \u00e0 Ambroise, au Clos Luc\u00e9, la derni\u00e8re demeure de Leonard de Vinci.<\/p>\n","protected":false},"author":9,"featured_media":15722,"comment_status":"closed","ping_status":"closed","sticky":false,"template":"","format":"standard","meta":{"footnotes":""},"categories":[139],"tags":[4126,4127,4128,4090,661],"class_list":["post-15720","post","type-post","status-publish","format-standard","has-post-thumbnail","hentry","category-voyage","tag-chateau","tag-clos-luce","tag-leonard-de-vinci","tag-photo","tag-video"],"yoast_head":"<!-- This site is optimized with the Yoast SEO plugin v27.3 - https:\/\/yoast.com\/product\/yoast-seo-wordpress\/ -->\n<title>Escapade Photo : Le Ch\u00e2teau du Clos Luc\u00e9 - L\u00e9onard de Vinci<\/title>\n<meta name=\"description\" content=\"Cette semaine l&#039; escapade photo s\u2019invite \u00e0 Ambroise, au Clos Luc\u00e9, la derni\u00e8re demeure de Leonard de Vinci.\" \/>\n<meta name=\"robots\" content=\"index, follow, max-snippet:-1, max-image-preview:large, max-video-preview:-1\" \/>\n<link rel=\"canonical\" href=\"https:\/\/danielonway.fr\/DanielOnWay\/escapade-photo-le-chateau-du-clos-luce-les-jardins-de-leonard-de-vinci\/\" \/>\n<meta property=\"og:locale\" content=\"fr_FR\" \/>\n<meta property=\"og:type\" content=\"article\" \/>\n<meta property=\"og:title\" content=\"Escapade Photo : Le Ch\u00e2teau du Clos Luc\u00e9 - L\u00e9onard de Vinci\" \/>\n<meta property=\"og:description\" content=\"Cette semaine l&#039; escapade photo s\u2019invite \u00e0 Ambroise, au Clos Luc\u00e9, la derni\u00e8re demeure de Leonard de Vinci.\" \/>\n<meta property=\"og:url\" content=\"https:\/\/danielonway.fr\/DanielOnWay\/escapade-photo-le-chateau-du-clos-luce-les-jardins-de-leonard-de-vinci\/\" \/>\n<meta property=\"og:site_name\" content=\"DanielOnWay - Photographie - Vid\u00e9o - Drone\" \/>\n<meta property=\"article:publisher\" content=\"https:\/\/www.facebook.com\/danielonway\" \/>\n<meta property=\"article:author\" content=\"https:\/\/www.facebook.com\/danielonway\" \/>\n<meta property=\"article:published_time\" content=\"2022-09-16T15:30:55+00:00\" \/>\n<meta property=\"og:image\" content=\"https:\/\/danielonway.fr\/DanielOnWay\/wp-content\/uploads\/2022\/09\/Clos_Luce.jpg\" \/>\n\t<meta property=\"og:image:width\" content=\"1280\" \/>\n\t<meta property=\"og:image:height\" content=\"720\" \/>\n\t<meta property=\"og:image:type\" content=\"image\/jpeg\" \/>\n<meta name=\"author\" content=\"Daniel BRUCHET\" \/>\n<meta name=\"twitter:card\" content=\"summary_large_image\" \/>\n<meta name=\"twitter:creator\" content=\"@danielonway\" \/>\n<meta name=\"twitter:site\" content=\"@danielonway\" \/>\n<meta name=\"twitter:label1\" content=\"\u00c9crit par\" \/>\n\t<meta name=\"twitter:data1\" content=\"Daniel BRUCHET\" \/>\n\t<meta name=\"twitter:label2\" content=\"Dur\u00e9e de lecture estim\u00e9e\" \/>\n\t<meta name=\"twitter:data2\" content=\"1 minute\" \/>\n<script type=\"application\/ld+json\" class=\"yoast-schema-graph\">{\"@context\":\"https:\\\/\\\/schema.org\",\"@graph\":[{\"@type\":\"Article\",\"@id\":\"https:\\\/\\\/danielonway.fr\\\/DanielOnWay\\\/escapade-photo-le-chateau-du-clos-luce-les-jardins-de-leonard-de-vinci\\\/#article\",\"isPartOf\":{\"@id\":\"https:\\\/\\\/danielonway.fr\\\/DanielOnWay\\\/escapade-photo-le-chateau-du-clos-luce-les-jardins-de-leonard-de-vinci\\\/\"},\"author\":{\"name\":\"Daniel BRUCHET\",\"@id\":\"https:\\\/\\\/danielonway.fr\\\/DanielOnWay\\\/#\\\/schema\\\/person\\\/4dab8f3634b87c1f28ae709f14913856\"},\"headline\":\"Escapade Photo : Le Ch\u00e2teau du Clos Luc\u00e9 &#8211; Les jardins de L\u00e9onard de Vinci\",\"datePublished\":\"2022-09-16T15:30:55+00:00\",\"mainEntityOfPage\":{\"@id\":\"https:\\\/\\\/danielonway.fr\\\/DanielOnWay\\\/escapade-photo-le-chateau-du-clos-luce-les-jardins-de-leonard-de-vinci\\\/\"},\"wordCount\":250,\"publisher\":{\"@id\":\"https:\\\/\\\/danielonway.fr\\\/DanielOnWay\\\/#\\\/schema\\\/person\\\/4dab8f3634b87c1f28ae709f14913856\"},\"image\":{\"@id\":\"https:\\\/\\\/danielonway.fr\\\/DanielOnWay\\\/escapade-photo-le-chateau-du-clos-luce-les-jardins-de-leonard-de-vinci\\\/#primaryimage\"},\"thumbnailUrl\":\"https:\\\/\\\/danielonway.fr\\\/DanielOnWay\\\/wp-content\\\/uploads\\\/2022\\\/09\\\/Clos_Luce.jpg\",\"keywords\":[\"Ch\u00e2teau\",\"Clos Luc\u00e9\",\"L\u00e9onard de Vinci\",\"Photo\",\"Vid\u00e9o\"],\"articleSection\":[\"Voyage\"],\"inLanguage\":\"fr-FR\"},{\"@type\":\"WebPage\",\"@id\":\"https:\\\/\\\/danielonway.fr\\\/DanielOnWay\\\/escapade-photo-le-chateau-du-clos-luce-les-jardins-de-leonard-de-vinci\\\/\",\"url\":\"https:\\\/\\\/danielonway.fr\\\/DanielOnWay\\\/escapade-photo-le-chateau-du-clos-luce-les-jardins-de-leonard-de-vinci\\\/\",\"name\":\"Escapade Photo : Le Ch\u00e2teau du Clos Luc\u00e9 - L\u00e9onard de Vinci\",\"isPartOf\":{\"@id\":\"https:\\\/\\\/danielonway.fr\\\/DanielOnWay\\\/#website\"},\"primaryImageOfPage\":{\"@id\":\"https:\\\/\\\/danielonway.fr\\\/DanielOnWay\\\/escapade-photo-le-chateau-du-clos-luce-les-jardins-de-leonard-de-vinci\\\/#primaryimage\"},\"image\":{\"@id\":\"https:\\\/\\\/danielonway.fr\\\/DanielOnWay\\\/escapade-photo-le-chateau-du-clos-luce-les-jardins-de-leonard-de-vinci\\\/#primaryimage\"},\"thumbnailUrl\":\"https:\\\/\\\/danielonway.fr\\\/DanielOnWay\\\/wp-content\\\/uploads\\\/2022\\\/09\\\/Clos_Luce.jpg\",\"datePublished\":\"2022-09-16T15:30:55+00:00\",\"description\":\"Cette semaine l' escapade photo s\u2019invite \u00e0 Ambroise, au Clos Luc\u00e9, la derni\u00e8re demeure de Leonard de Vinci.\",\"breadcrumb\":{\"@id\":\"https:\\\/\\\/danielonway.fr\\\/DanielOnWay\\\/escapade-photo-le-chateau-du-clos-luce-les-jardins-de-leonard-de-vinci\\\/#breadcrumb\"},\"inLanguage\":\"fr-FR\",\"potentialAction\":[{\"@type\":\"ReadAction\",\"target\":[\"https:\\\/\\\/danielonway.fr\\\/DanielOnWay\\\/escapade-photo-le-chateau-du-clos-luce-les-jardins-de-leonard-de-vinci\\\/\"]}]},{\"@type\":\"ImageObject\",\"inLanguage\":\"fr-FR\",\"@id\":\"https:\\\/\\\/danielonway.fr\\\/DanielOnWay\\\/escapade-photo-le-chateau-du-clos-luce-les-jardins-de-leonard-de-vinci\\\/#primaryimage\",\"url\":\"https:\\\/\\\/danielonway.fr\\\/DanielOnWay\\\/wp-content\\\/uploads\\\/2022\\\/09\\\/Clos_Luce.jpg\",\"contentUrl\":\"https:\\\/\\\/danielonway.fr\\\/DanielOnWay\\\/wp-content\\\/uploads\\\/2022\\\/09\\\/Clos_Luce.jpg\",\"width\":1280,\"height\":720},{\"@type\":\"BreadcrumbList\",\"@id\":\"https:\\\/\\\/danielonway.fr\\\/DanielOnWay\\\/escapade-photo-le-chateau-du-clos-luce-les-jardins-de-leonard-de-vinci\\\/#breadcrumb\",\"itemListElement\":[{\"@type\":\"ListItem\",\"position\":1,\"name\":\"Accueil\",\"item\":\"https:\\\/\\\/danielonway.fr\\\/DanielOnWay\\\/\"},{\"@type\":\"ListItem\",\"position\":2,\"name\":\"Voyage\",\"item\":\"https:\\\/\\\/danielonway.fr\\\/DanielOnWay\\\/cat\u00e9gorie\\\/voyage\\\/\"},{\"@type\":\"ListItem\",\"position\":3,\"name\":\"Escapade Photo : Le Ch\u00e2teau du Clos Luc\u00e9 &#8211; Les jardins de L\u00e9onard de Vinci\"}]},{\"@type\":\"WebSite\",\"@id\":\"https:\\\/\\\/danielonway.fr\\\/DanielOnWay\\\/#website\",\"url\":\"https:\\\/\\\/danielonway.fr\\\/DanielOnWay\\\/\",\"name\":\"DanielOnWay - Photographie - Vid\u00e9o - Drone\",\"description\":\"Photographie, Vid\u00e9o, Drone\",\"publisher\":{\"@id\":\"https:\\\/\\\/danielonway.fr\\\/DanielOnWay\\\/#\\\/schema\\\/person\\\/4dab8f3634b87c1f28ae709f14913856\"},\"potentialAction\":[{\"@type\":\"SearchAction\",\"target\":{\"@type\":\"EntryPoint\",\"urlTemplate\":\"https:\\\/\\\/danielonway.fr\\\/DanielOnWay\\\/?s={search_term_string}\"},\"query-input\":{\"@type\":\"PropertyValueSpecification\",\"valueRequired\":true,\"valueName\":\"search_term_string\"}}],\"inLanguage\":\"fr-FR\"},{\"@type\":[\"Person\",\"Organization\"],\"@id\":\"https:\\\/\\\/danielonway.fr\\\/DanielOnWay\\\/#\\\/schema\\\/person\\\/4dab8f3634b87c1f28ae709f14913856\",\"name\":\"Daniel BRUCHET\",\"image\":{\"@type\":\"ImageObject\",\"inLanguage\":\"fr-FR\",\"@id\":\"https:\\\/\\\/secure.gravatar.com\\\/avatar\\\/b0a60aec63b56e01b36ba7272efcfe1d156a9050fefa7813e995efe51b9a02b3?s=96&d=mm&r=g\",\"url\":\"https:\\\/\\\/secure.gravatar.com\\\/avatar\\\/b0a60aec63b56e01b36ba7272efcfe1d156a9050fefa7813e995efe51b9a02b3?s=96&d=mm&r=g\",\"contentUrl\":\"https:\\\/\\\/secure.gravatar.com\\\/avatar\\\/b0a60aec63b56e01b36ba7272efcfe1d156a9050fefa7813e995efe51b9a02b3?s=96&d=mm&r=g\",\"caption\":\"Daniel BRUCHET\"},\"logo\":{\"@id\":\"https:\\\/\\\/secure.gravatar.com\\\/avatar\\\/b0a60aec63b56e01b36ba7272efcfe1d156a9050fefa7813e995efe51b9a02b3?s=96&d=mm&r=g\"},\"description\":\"Administrateur Systeme - Principal r\u00e9dacteur\",\"sameAs\":[\"http:\\\/\\\/www.danielonway.fr\",\"https:\\\/\\\/www.facebook.com\\\/danielonway\",\"https:\\\/\\\/www.instagram.com\\\/danielonway.fr\\\/\",\"https:\\\/\\\/x.com\\\/danielonway\"],\"url\":\"https:\\\/\\\/danielonway.fr\\\/DanielOnWay\\\/author\\\/danielb\\\/\"}]}<\/script>\n<!-- \/ Yoast SEO plugin. -->","yoast_head_json":{"title":"Escapade Photo : Le Ch\u00e2teau du Clos Luc\u00e9 - L\u00e9onard de Vinci","description":"Cette semaine l' escapade photo s\u2019invite \u00e0 Ambroise, au Clos Luc\u00e9, la derni\u00e8re demeure de Leonard de Vinci.","robots":{"index":"index","follow":"follow","max-snippet":"max-snippet:-1","max-image-preview":"max-image-preview:large","max-video-preview":"max-video-preview:-1"},"canonical":"https:\/\/danielonway.fr\/DanielOnWay\/escapade-photo-le-chateau-du-clos-luce-les-jardins-de-leonard-de-vinci\/","og_locale":"fr_FR","og_type":"article","og_title":"Escapade Photo : Le Ch\u00e2teau du Clos Luc\u00e9 - L\u00e9onard de Vinci","og_description":"Cette semaine l' escapade photo s\u2019invite \u00e0 Ambroise, au Clos Luc\u00e9, la derni\u00e8re demeure de Leonard de Vinci.","og_url":"https:\/\/danielonway.fr\/DanielOnWay\/escapade-photo-le-chateau-du-clos-luce-les-jardins-de-leonard-de-vinci\/","og_site_name":"DanielOnWay - Photographie - Vid\u00e9o - Drone","article_publisher":"https:\/\/www.facebook.com\/danielonway","article_author":"https:\/\/www.facebook.com\/danielonway","article_published_time":"2022-09-16T15:30:55+00:00","og_image":[{"width":1280,"height":720,"url":"https:\/\/danielonway.fr\/DanielOnWay\/wp-content\/uploads\/2022\/09\/Clos_Luce.jpg","type":"image\/jpeg"}],"author":"Daniel BRUCHET","twitter_card":"summary_large_image","twitter_creator":"@danielonway","twitter_site":"@danielonway","twitter_misc":{"\u00c9crit par":"Daniel BRUCHET","Dur\u00e9e de lecture estim\u00e9e":"1 minute"},"schema":{"@context":"https:\/\/schema.org","@graph":[{"@type":"Article","@id":"https:\/\/danielonway.fr\/DanielOnWay\/escapade-photo-le-chateau-du-clos-luce-les-jardins-de-leonard-de-vinci\/#article","isPartOf":{"@id":"https:\/\/danielonway.fr\/DanielOnWay\/escapade-photo-le-chateau-du-clos-luce-les-jardins-de-leonard-de-vinci\/"},"author":{"name":"Daniel BRUCHET","@id":"https:\/\/danielonway.fr\/DanielOnWay\/#\/schema\/person\/4dab8f3634b87c1f28ae709f14913856"},"headline":"Escapade Photo : Le Ch\u00e2teau du Clos Luc\u00e9 &#8211; Les jardins de L\u00e9onard de Vinci","datePublished":"2022-09-16T15:30:55+00:00","mainEntityOfPage":{"@id":"https:\/\/danielonway.fr\/DanielOnWay\/escapade-photo-le-chateau-du-clos-luce-les-jardins-de-leonard-de-vinci\/"},"wordCount":250,"publisher":{"@id":"https:\/\/danielonway.fr\/DanielOnWay\/#\/schema\/person\/4dab8f3634b87c1f28ae709f14913856"},"image":{"@id":"https:\/\/danielonway.fr\/DanielOnWay\/escapade-photo-le-chateau-du-clos-luce-les-jardins-de-leonard-de-vinci\/#primaryimage"},"thumbnailUrl":"https:\/\/danielonway.fr\/DanielOnWay\/wp-content\/uploads\/2022\/09\/Clos_Luce.jpg","keywords":["Ch\u00e2teau","Clos Luc\u00e9","L\u00e9onard de Vinci","Photo","Vid\u00e9o"],"articleSection":["Voyage"],"inLanguage":"fr-FR"},{"@type":"WebPage","@id":"https:\/\/danielonway.fr\/DanielOnWay\/escapade-photo-le-chateau-du-clos-luce-les-jardins-de-leonard-de-vinci\/","url":"https:\/\/danielonway.fr\/DanielOnWay\/escapade-photo-le-chateau-du-clos-luce-les-jardins-de-leonard-de-vinci\/","name":"Escapade Photo : Le Ch\u00e2teau du Clos Luc\u00e9 - L\u00e9onard de Vinci","isPartOf":{"@id":"https:\/\/danielonway.fr\/DanielOnWay\/#website"},"primaryImageOfPage":{"@id":"https:\/\/danielonway.fr\/DanielOnWay\/escapade-photo-le-chateau-du-clos-luce-les-jardins-de-leonard-de-vinci\/#primaryimage"},"image":{"@id":"https:\/\/danielonway.fr\/DanielOnWay\/escapade-photo-le-chateau-du-clos-luce-les-jardins-de-leonard-de-vinci\/#primaryimage"},"thumbnailUrl":"https:\/\/danielonway.fr\/DanielOnWay\/wp-content\/uploads\/2022\/09\/Clos_Luce.jpg","datePublished":"2022-09-16T15:30:55+00:00","description":"Cette semaine l' escapade photo s\u2019invite \u00e0 Ambroise, au Clos Luc\u00e9, la derni\u00e8re demeure de Leonard de Vinci.","breadcrumb":{"@id":"https:\/\/danielonway.fr\/DanielOnWay\/escapade-photo-le-chateau-du-clos-luce-les-jardins-de-leonard-de-vinci\/#breadcrumb"},"inLanguage":"fr-FR","potentialAction":[{"@type":"ReadAction","target":["https:\/\/danielonway.fr\/DanielOnWay\/escapade-photo-le-chateau-du-clos-luce-les-jardins-de-leonard-de-vinci\/"]}]},{"@type":"ImageObject","inLanguage":"fr-FR","@id":"https:\/\/danielonway.fr\/DanielOnWay\/escapade-photo-le-chateau-du-clos-luce-les-jardins-de-leonard-de-vinci\/#primaryimage","url":"https:\/\/danielonway.fr\/DanielOnWay\/wp-content\/uploads\/2022\/09\/Clos_Luce.jpg","contentUrl":"https:\/\/danielonway.fr\/DanielOnWay\/wp-content\/uploads\/2022\/09\/Clos_Luce.jpg","width":1280,"height":720},{"@type":"BreadcrumbList","@id":"https:\/\/danielonway.fr\/DanielOnWay\/escapade-photo-le-chateau-du-clos-luce-les-jardins-de-leonard-de-vinci\/#breadcrumb","itemListElement":[{"@type":"ListItem","position":1,"name":"Accueil","item":"https:\/\/danielonway.fr\/DanielOnWay\/"},{"@type":"ListItem","position":2,"name":"Voyage","item":"https:\/\/danielonway.fr\/DanielOnWay\/cat\u00e9gorie\/voyage\/"},{"@type":"ListItem","position":3,"name":"Escapade Photo : Le Ch\u00e2teau du Clos Luc\u00e9 &#8211; Les jardins de L\u00e9onard de Vinci"}]},{"@type":"WebSite","@id":"https:\/\/danielonway.fr\/DanielOnWay\/#website","url":"https:\/\/danielonway.fr\/DanielOnWay\/","name":"DanielOnWay - Photographie - Vid\u00e9o - Drone","description":"Photographie, Vid\u00e9o, Drone","publisher":{"@id":"https:\/\/danielonway.fr\/DanielOnWay\/#\/schema\/person\/4dab8f3634b87c1f28ae709f14913856"},"potentialAction":[{"@type":"SearchAction","target":{"@type":"EntryPoint","urlTemplate":"https:\/\/danielonway.fr\/DanielOnWay\/?s={search_term_string}"},"query-input":{"@type":"PropertyValueSpecification","valueRequired":true,"valueName":"search_term_string"}}],"inLanguage":"fr-FR"},{"@type":["Person","Organization"],"@id":"https:\/\/danielonway.fr\/DanielOnWay\/#\/schema\/person\/4dab8f3634b87c1f28ae709f14913856","name":"Daniel BRUCHET","image":{"@type":"ImageObject","inLanguage":"fr-FR","@id":"https:\/\/secure.gravatar.com\/avatar\/b0a60aec63b56e01b36ba7272efcfe1d156a9050fefa7813e995efe51b9a02b3?s=96&d=mm&r=g","url":"https:\/\/secure.gravatar.com\/avatar\/b0a60aec63b56e01b36ba7272efcfe1d156a9050fefa7813e995efe51b9a02b3?s=96&d=mm&r=g","contentUrl":"https:\/\/secure.gravatar.com\/avatar\/b0a60aec63b56e01b36ba7272efcfe1d156a9050fefa7813e995efe51b9a02b3?s=96&d=mm&r=g","caption":"Daniel BRUCHET"},"logo":{"@id":"https:\/\/secure.gravatar.com\/avatar\/b0a60aec63b56e01b36ba7272efcfe1d156a9050fefa7813e995efe51b9a02b3?s=96&d=mm&r=g"},"description":"Administrateur Systeme - Principal r\u00e9dacteur","sameAs":["http:\/\/www.danielonway.fr","https:\/\/www.facebook.com\/danielonway","https:\/\/www.instagram.com\/danielonway.fr\/","https:\/\/x.com\/danielonway"],"url":"https:\/\/danielonway.fr\/DanielOnWay\/author\/danielb\/"}]}},"_links":{"self":[{"href":"https:\/\/danielonway.fr\/DanielOnWay\/wp-json\/wp\/v2\/posts\/15720","targetHints":{"allow":["GET"]}}],"collection":[{"href":"https:\/\/danielonway.fr\/DanielOnWay\/wp-json\/wp\/v2\/posts"}],"about":[{"href":"https:\/\/danielonway.fr\/DanielOnWay\/wp-json\/wp\/v2\/types\/post"}],"author":[{"embeddable":true,"href":"https:\/\/danielonway.fr\/DanielOnWay\/wp-json\/wp\/v2\/users\/9"}],"replies":[{"embeddable":true,"href":"https:\/\/danielonway.fr\/DanielOnWay\/wp-json\/wp\/v2\/comments?post=15720"}],"version-history":[{"count":6,"href":"https:\/\/danielonway.fr\/DanielOnWay\/wp-json\/wp\/v2\/posts\/15720\/revisions"}],"predecessor-version":[{"id":15731,"href":"https:\/\/danielonway.fr\/DanielOnWay\/wp-json\/wp\/v2\/posts\/15720\/revisions\/15731"}],"wp:featuredmedia":[{"embeddable":true,"href":"https:\/\/danielonway.fr\/DanielOnWay\/wp-json\/wp\/v2\/media\/15722"}],"wp:attachment":[{"href":"https:\/\/danielonway.fr\/DanielOnWay\/wp-json\/wp\/v2\/media?parent=15720"}],"wp:term":[{"taxonomy":"category","embeddable":true,"href":"https:\/\/danielonway.fr\/DanielOnWay\/wp-json\/wp\/v2\/categories?post=15720"},{"taxonomy":"post_tag","embeddable":true,"href":"https:\/\/danielonway.fr\/DanielOnWay\/wp-json\/wp\/v2\/tags?post=15720"}],"curies":[{"name":"wp","href":"https:\/\/api.w.org\/{rel}","templated":true}]}}