{"id":15736,"date":"2023-01-20T17:30:16","date_gmt":"2023-01-20T16:30:16","guid":{"rendered":"https:\/\/danielonway.fr\/DanielOnWay\/?p=15736"},"modified":"2023-01-19T09:39:36","modified_gmt":"2023-01-19T08:39:36","slug":"escapade-photo-orleans-chateau-ferte-saint-aubin","status":"publish","type":"post","link":"https:\/\/danielonway.fr\/DanielOnWay\/escapade-photo-orleans-chateau-ferte-saint-aubin\/","title":{"rendered":"Escapade Photo : Orl\u00e9ans Centre et Ch\u00e2teau de la Fert\u00e9 Saint-Aubin"},"content":{"rendered":"<div class=\"wpb-content-wrapper\" id=\"wpb-content-root\"><p>[vc_row][vc_column][bsf-info-box icon=\u00a0\u00bbDefaults-film\u00a0\u00bb icon_size=\u00a0\u00bb32&Prime; icon_color=\u00a0\u00bb#000000&Prime; icon_style=\u00a0\u00bbcircle\u00a0\u00bb icon_color_bg=\u00a0\u00bb#dce8b1&Prime; title=\u00a0\u00bbL&rsquo;article en Vid\u00e9o\u00a0\u00bb heading_tag=\u00a0\u00bbh2&Prime; pos=\u00a0\u00bbleft\u00a0\u00bb]<iframe title=\"YouTube video player\" src=\"https:\/\/www.youtube.com\/embed\/k6kP3Smxy_c\" width=\"560\" height=\"315\" frameborder=\"0\" allowfullscreen=\"allowfullscreen\"><\/iframe>[\/bsf-info-box][vc_column_text css_animation=\u00a0\u00bbfadeInRight\u00a0\u00bb]Dans cette escapade photo je vous propose deux spots. Le premier est \u00e0 Orl\u00e9ans.<\/p>\n<p>Dans un pr\u00e9c\u00e9dent \u00e9pisode nous avons d\u00e9couvert le spot du Parc Floral de la Source\u00a0et dans cet \u00e9pisode, je vous propose de prendre des photos dans le Centre-ville<\/p>\n<p>Bien entendu la Cath\u00e9drale Sainte-Croix est un incontournable,\u00a0La prise de vue \u00e0 partir de la place Sainte-Croix autorise des clich\u00e9s tr\u00e8s int\u00e9ressants.Mais c&rsquo;est probablement la perspective \u00e0 partir de la rue Jeanne d&rsquo;Arc qui permettra la meilleure mise en valeur de sa fa\u00e7ade. A l&rsquo;autre extr\u00e9mit\u00e9 de la rue on d\u00e9couvrira la maison de Jeanne d&rsquo;Arc.\u00a0A quelques pas de la cath\u00e9drale se trouve l&rsquo;h\u00f4tel Groslot. Ancien h\u00f4tel particulier du XVI\u00e8me si\u00e8cle , il est l&rsquo;un des monuments embl\u00e9matiques \u00e0 visiter \u00e0 Orl\u00e9ans.Lieu traditionnel et incontournable des photographies de mariage, au milieu des magnifiques arbres et des parterres toujours remarquablement entretenus, ce jardin d&rsquo;une superficie de 2 850m\u00b2, de style romantique, est aussi un lieu calme et l&rsquo;endroit id\u00e9al pour lire ou m\u00e9diter.<\/p>\n<p>A 18kms au Sud d&rsquo;Orl\u00e9ans on se retrouve pour le deuxi\u00e8me spot de cette escapade photo, au ch\u00e2teau de la Fert\u00e9-Saint-Aubin.\u00a0Le parc historique de 40 ha propose de nombreux jeux de jardins qui sont autant de sources d&rsquo;inspiration pour le photographe.<\/p>\n<p>Voil\u00e0, j&rsquo;esp\u00e8re que cette escapade photo vous a plu et vous a donn\u00e9 envie de d\u00e9couvrir Orl\u00e9ans et la Fert\u00e9 Saint-Aubin.[\/vc_column_text][bsf-info-box icon=\u00a0\u00bbDefaults-camera\u00a0\u00bb icon_size=\u00a0\u00bb32&Prime; icon_color=\u00a0\u00bb#000000&Prime; icon_style=\u00a0\u00bbcircle\u00a0\u00bb icon_color_bg=\u00a0\u00bb#dce8b1&Prime; title=\u00a0\u00bbLes Photos&#8230;\u00a0\u00bb heading_tag=\u00a0\u00bbh2&Prime; read_more=\u00a0\u00bbbox\u00a0\u00bb pos=\u00a0\u00bbleft\u00a0\u00bb]<\/p>\n<p style=\"text-align: center;\"><small><em>Tous droits r\u00e9serv\u00e9s &#8211; \u00a92022 Daniel Bruchet<\/em><\/small><br \/>\n<small><em>Cliquez sur une des photos pour l&rsquo;ouvrir dans la visionneuse<\/em><\/small><\/p>\n<p>[\/bsf-info-box][vc_masonry_media_grid initial_loading_animation=\u00a0\u00bbfadeIn\u00a0\u00bb grid_id=\u00a0\u00bbvc_gid:1674117369234-4266f12f-0083-1&Prime; include=\u00a0\u00bb15747,15746,15745,15744,15743&Prime;][vc_column_text]Voil\u00e0 c\u2019est tout pour aujourd\u2019hui. A bient\u00f4t pour de prochaines vid\u00e9os,<\/p>\n<p><b>Et en attendant faites des photos !<\/b>[\/vc_column_text][\/vc_column][\/vc_row]<\/p>\n<\/div>","protected":false},"excerpt":{"rendered":"<p>Dans cette escapade photo,  je vous propose deux spots. Le premier est \u00e0 Orl\u00e9ans et le second au ch\u00e2teau de la Fert\u00e9-Saint-Aubin.<\/p>\n","protected":false},"author":9,"featured_media":15738,"comment_status":"closed","ping_status":"closed","sticky":false,"template":"","format":"standard","meta":{"footnotes":""},"categories":[139],"tags":[4126,4130,4129,4116,4090,661],"class_list":["post-15736","post","type-post","status-publish","format-standard","has-post-thumbnail","hentry","category-voyage","tag-chateau","tag-ferte-saint-aubin","tag-jeanne-darc","tag-orleans","tag-photo","tag-video"],"_links":{"self":[{"href":"https:\/\/danielonway.fr\/DanielOnWay\/wp-json\/wp\/v2\/posts\/15736","targetHints":{"allow":["GET"]}}],"collection":[{"href":"https:\/\/danielonway.fr\/DanielOnWay\/wp-json\/wp\/v2\/posts"}],"about":[{"href":"https:\/\/danielonway.fr\/DanielOnWay\/wp-json\/wp\/v2\/types\/post"}],"author":[{"embeddable":true,"href":"https:\/\/danielonway.fr\/DanielOnWay\/wp-json\/wp\/v2\/users\/9"}],"replies":[{"embeddable":true,"href":"https:\/\/danielonway.fr\/DanielOnWay\/wp-json\/wp\/v2\/comments?post=15736"}],"version-history":[{"count":8,"href":"https:\/\/danielonway.fr\/DanielOnWay\/wp-json\/wp\/v2\/posts\/15736\/revisions"}],"predecessor-version":[{"id":15750,"href":"https:\/\/danielonway.fr\/DanielOnWay\/wp-json\/wp\/v2\/posts\/15736\/revisions\/15750"}],"wp:featuredmedia":[{"embeddable":true,"href":"https:\/\/danielonway.fr\/DanielOnWay\/wp-json\/wp\/v2\/media\/15738"}],"wp:attachment":[{"href":"https:\/\/danielonway.fr\/DanielOnWay\/wp-json\/wp\/v2\/media?parent=15736"}],"wp:term":[{"taxonomy":"category","embeddable":true,"href":"https:\/\/danielonway.fr\/DanielOnWay\/wp-json\/wp\/v2\/categories?post=15736"},{"taxonomy":"post_tag","embeddable":true,"href":"https:\/\/danielonway.fr\/DanielOnWay\/wp-json\/wp\/v2\/tags?post=15736"}],"curies":[{"name":"wp","href":"https:\/\/api.w.org\/{rel}","templated":true}]}}