{"id":2120,"date":"2015-10-24T18:09:01","date_gmt":"2015-10-24T16:09:01","guid":{"rendered":"http:\/\/danielonway.fr\/DanielOnWay\/?p=2120"},"modified":"2017-11-07T08:13:35","modified_gmt":"2017-11-07T07:13:35","slug":"corse-photographies-livre","status":"publish","type":"post","link":"https:\/\/danielonway.fr\/DanielOnWay\/corse-photographies-livre\/","title":{"rendered":"Sortie du livre : La Corse &#8211; Collection Photographies"},"content":{"rendered":"<p>[vc_row][vc_column][vc_column_text]<\/p>\n<p style=\"text-align: justify;\">Sortie aujourd&rsquo;hui de mon livre de photographies comment\u00e9es sur la Corse. Premier ouvrage d&rsquo;une collection que j&rsquo;ai intitul\u00e9e \u00ab\u00a0Photographies comment\u00e9es\u00a0\u00bb, il pr\u00e9sente un recueil de clich\u00e9s pris en mai 2015 sur l&rsquo;\u00eele de beaut\u00e9.<\/p>\n<p style=\"text-align: justify;\">Plus de 120 photographies viennent illustrer ce livre. Toutes ces images sont comment\u00e9es, c&rsquo;est \u00e0 dire que le lecteur trouvera les donn\u00e9es EXIF et les choix de composition ou les directions artistiques du photographe.<\/p>\n<p><!--more--><br \/>\n<img decoding=\"async\" class=\"alignleft wp-image-2122\" style=\"text-align: justify;\" src=\"http:\/\/danielonway.fr\/DanielOnWay\/wp-content\/uploads\/2016\/06\/La-Corse-CouvP1-300x253.png\" alt=\"La Corse - CouvP1\" width=\"224\" height=\"189\" srcset=\"https:\/\/danielonway.fr\/DanielOnWay\/wp-content\/uploads\/2016\/06\/La-Corse-CouvP1-300x253.png 300w, https:\/\/danielonway.fr\/DanielOnWay\/wp-content\/uploads\/2016\/06\/La-Corse-CouvP1.png 578w\" sizes=\"(max-width: 224px) 100vw, 224px\" \/><strong>Description du livre :<\/strong> Carnet de route photographique au coeur de l&rsquo;Ile de Beaut\u00e9 o\u00f9 l&rsquo;auteur vous indique pour chacun des clich\u00e9s, les donn\u00e9es Exif, les raisons des choix esth\u00e9tiques de composition, les choix de cadrage, de couleurs, de techniques photographiques utilis\u00e9es. Vous saurez tout des intentions du photographe lors de la prise de vue et vous pourrez ainsi utiliser ces techniques pour vos propres photographies.<br \/>\n<strong>Format \u00a0:<\/strong> Paysage 25 x 20 cm<br \/>\n<strong>Pages :<\/strong> 78<br \/>\n<strong>Site Web de l&rsquo;auteur :<\/strong> http:\/\/www.danielonway.fr<br \/>\n<strong>Cat\u00e9gorie :<\/strong> Arts et photographie<br \/>\n<strong>Langue :<\/strong> Fran\u00e7ais<br \/>\n<strong>Mots-cl\u00e9s :<\/strong> voyage, corse, photographie<\/p>\n<h2>LA CORSE<\/h2>\n<h2>Photographies\u00a0Comment\u00e9es<\/h2>\n<p style=\"text-align: justify;\">Carnet de route photographique au coeur de l\u2019ile de beaut\u00e9.<\/p>\n<p style=\"text-align: justify;\">Un voyage extraordinaire en Corse o\u00f9 tout est simplement magnifique. Au fil des photographies les paysages les plus extraordinaires s\u2019offrent \u00e0 nos yeux. Le d\u00e9fi du photographe est de pouvoir transmettre dans ces photographies tout l\u2019\u00e9merveillement que procurent ces moments. Tous les clich\u00e9s sont comment\u00e9s, c\u2019est \u00e0 dire que les conditions de prise de vue, les raisons des choix esth\u00e9tiques, les choix de cadrage, de couleurs, les techniques utilis\u00e9es ainsi que\u00a0les choix de composition sont pr\u00e9cis\u00e9s \u00e9clairant ainsi le lecteur sur les intentions du photographe lors de la prise de vue.<img decoding=\"async\" class=\"wp-image-2121 alignright\" src=\"http:\/\/danielonway.fr\/DanielOnWay\/wp-content\/uploads\/2016\/06\/La-Corse-CouvP4-300x263.png\" alt=\"La Corse - CouvP4\" width=\"183\" height=\"160\" srcset=\"https:\/\/danielonway.fr\/DanielOnWay\/wp-content\/uploads\/2016\/06\/La-Corse-CouvP4-300x263.png 300w, https:\/\/danielonway.fr\/DanielOnWay\/wp-content\/uploads\/2016\/06\/La-Corse-CouvP4.png 547w\" sizes=\"(max-width: 183px) 100vw, 183px\" \/><\/p>\n<p style=\"text-align: justify;\">De la m\u00eame fa\u00e7on les donn\u00e9es Exif sont affich\u00e9es pour chacun des clich\u00e9s.<\/p>\n<p>[\/vc_column_text][\/vc_column][\/vc_row]<\/p>\n","protected":false},"excerpt":{"rendered":"<p>Sortie aujourd&rsquo;hui de mon livre de photographies comment\u00e9es sur la Corse. Premier ouvrage d&rsquo;une collection que j&rsquo;ai intitul\u00e9e \u00ab\u00a0Photographies comment\u00e9es\u00a0\u00bb, il pr\u00e9sente un recueil de clich\u00e9s pris en mai 2015 sur l&rsquo;\u00eele de beaut\u00e9.<\/p>\n","protected":false},"author":9,"featured_media":2122,"comment_status":"closed","ping_status":"closed","sticky":false,"template":"","format":"standard","meta":{"footnotes":""},"categories":[69],"tags":[116,120,131,140],"class_list":["post-2120","post","type-post","status-publish","format-standard","has-post-thumbnail","hentry","category-actualite","tag-livre","tag-photographie","tag-presentation","tag-voyage"],"yoast_head":"<!-- This site is optimized with the Yoast SEO plugin v27.3 - https:\/\/yoast.com\/product\/yoast-seo-wordpress\/ -->\n<title>Sortie du livre : La Corse - Collection Photographies<\/title>\n<meta name=\"description\" content=\"Plus de 120 photographies viennent illustrer ce livre. Toutes ces images sont comment\u00e9es ...\" \/>\n<meta name=\"robots\" content=\"index, follow, max-snippet:-1, max-image-preview:large, max-video-preview:-1\" \/>\n<link rel=\"canonical\" href=\"https:\/\/danielonway.fr\/DanielOnWay\/corse-photographies-livre\/\" \/>\n<meta property=\"og:locale\" content=\"fr_FR\" \/>\n<meta property=\"og:type\" content=\"article\" \/>\n<meta property=\"og:title\" content=\"La Corse - Collection Photographies\" \/>\n<meta property=\"og:description\" content=\"Plus de 120 photographies viennent illustrer ce livre. Toutes ces images sont comment\u00e9es ...\" \/>\n<meta property=\"og:url\" content=\"https:\/\/danielonway.fr\/DanielOnWay\/corse-photographies-livre\/\" \/>\n<meta property=\"og:site_name\" content=\"DanielOnWay - Photographie - Vid\u00e9o - Drone\" \/>\n<meta property=\"article:publisher\" content=\"https:\/\/www.facebook.com\/danielonway\" \/>\n<meta property=\"article:author\" content=\"https:\/\/www.facebook.com\/danielonway\" \/>\n<meta property=\"article:published_time\" content=\"2015-10-24T16:09:01+00:00\" \/>\n<meta property=\"article:modified_time\" content=\"2017-11-07T07:13:35+00:00\" \/>\n<meta property=\"og:image\" content=\"https:\/\/danielonway.fr\/DanielOnWay\/wp-content\/uploads\/2016\/06\/La-Corse-CouvP1.png\" \/>\n\t<meta property=\"og:image:width\" content=\"578\" \/>\n\t<meta property=\"og:image:height\" content=\"487\" \/>\n\t<meta property=\"og:image:type\" content=\"image\/png\" \/>\n<meta name=\"author\" content=\"Daniel BRUCHET\" \/>\n<meta name=\"twitter:card\" content=\"summary_large_image\" \/>\n<meta name=\"twitter:creator\" content=\"@danielonway\" \/>\n<meta name=\"twitter:site\" content=\"@danielonway\" \/>\n<meta name=\"twitter:label1\" content=\"\u00c9crit par\" \/>\n\t<meta name=\"twitter:data1\" content=\"Daniel BRUCHET\" \/>\n\t<meta name=\"twitter:label2\" content=\"Dur\u00e9e de lecture estim\u00e9e\" \/>\n\t<meta name=\"twitter:data2\" content=\"2 minutes\" \/>\n<script type=\"application\/ld+json\" class=\"yoast-schema-graph\">{\"@context\":\"https:\\\/\\\/schema.org\",\"@graph\":[{\"@type\":\"Article\",\"@id\":\"https:\\\/\\\/danielonway.fr\\\/DanielOnWay\\\/corse-photographies-livre\\\/#article\",\"isPartOf\":{\"@id\":\"https:\\\/\\\/danielonway.fr\\\/DanielOnWay\\\/corse-photographies-livre\\\/\"},\"author\":{\"name\":\"Daniel BRUCHET\",\"@id\":\"https:\\\/\\\/danielonway.fr\\\/DanielOnWay\\\/#\\\/schema\\\/person\\\/4dab8f3634b87c1f28ae709f14913856\"},\"headline\":\"Sortie du livre : La Corse &#8211; Collection Photographies\",\"datePublished\":\"2015-10-24T16:09:01+00:00\",\"dateModified\":\"2017-11-07T07:13:35+00:00\",\"mainEntityOfPage\":{\"@id\":\"https:\\\/\\\/danielonway.fr\\\/DanielOnWay\\\/corse-photographies-livre\\\/\"},\"wordCount\":331,\"publisher\":{\"@id\":\"https:\\\/\\\/danielonway.fr\\\/DanielOnWay\\\/#\\\/schema\\\/person\\\/4dab8f3634b87c1f28ae709f14913856\"},\"image\":{\"@id\":\"https:\\\/\\\/danielonway.fr\\\/DanielOnWay\\\/corse-photographies-livre\\\/#primaryimage\"},\"thumbnailUrl\":\"https:\\\/\\\/danielonway.fr\\\/DanielOnWay\\\/wp-content\\\/uploads\\\/2016\\\/06\\\/La-Corse-CouvP1.png\",\"keywords\":[\"livre\",\"photographie\",\"pr\u00e9sentation\",\"voyage\"],\"articleSection\":[\"Actualit\u00e9\"],\"inLanguage\":\"fr-FR\"},{\"@type\":\"WebPage\",\"@id\":\"https:\\\/\\\/danielonway.fr\\\/DanielOnWay\\\/corse-photographies-livre\\\/\",\"url\":\"https:\\\/\\\/danielonway.fr\\\/DanielOnWay\\\/corse-photographies-livre\\\/\",\"name\":\"Sortie du livre : La Corse - Collection Photographies\",\"isPartOf\":{\"@id\":\"https:\\\/\\\/danielonway.fr\\\/DanielOnWay\\\/#website\"},\"primaryImageOfPage\":{\"@id\":\"https:\\\/\\\/danielonway.fr\\\/DanielOnWay\\\/corse-photographies-livre\\\/#primaryimage\"},\"image\":{\"@id\":\"https:\\\/\\\/danielonway.fr\\\/DanielOnWay\\\/corse-photographies-livre\\\/#primaryimage\"},\"thumbnailUrl\":\"https:\\\/\\\/danielonway.fr\\\/DanielOnWay\\\/wp-content\\\/uploads\\\/2016\\\/06\\\/La-Corse-CouvP1.png\",\"datePublished\":\"2015-10-24T16:09:01+00:00\",\"dateModified\":\"2017-11-07T07:13:35+00:00\",\"description\":\"Plus de 120 photographies viennent illustrer ce livre. Toutes ces images sont comment\u00e9es ...\",\"breadcrumb\":{\"@id\":\"https:\\\/\\\/danielonway.fr\\\/DanielOnWay\\\/corse-photographies-livre\\\/#breadcrumb\"},\"inLanguage\":\"fr-FR\",\"potentialAction\":[{\"@type\":\"ReadAction\",\"target\":[\"https:\\\/\\\/danielonway.fr\\\/DanielOnWay\\\/corse-photographies-livre\\\/\"]}]},{\"@type\":\"ImageObject\",\"inLanguage\":\"fr-FR\",\"@id\":\"https:\\\/\\\/danielonway.fr\\\/DanielOnWay\\\/corse-photographies-livre\\\/#primaryimage\",\"url\":\"https:\\\/\\\/danielonway.fr\\\/DanielOnWay\\\/wp-content\\\/uploads\\\/2016\\\/06\\\/La-Corse-CouvP1.png\",\"contentUrl\":\"https:\\\/\\\/danielonway.fr\\\/DanielOnWay\\\/wp-content\\\/uploads\\\/2016\\\/06\\\/La-Corse-CouvP1.png\",\"width\":578,\"height\":487,\"caption\":\"La Corse - Livre\"},{\"@type\":\"BreadcrumbList\",\"@id\":\"https:\\\/\\\/danielonway.fr\\\/DanielOnWay\\\/corse-photographies-livre\\\/#breadcrumb\",\"itemListElement\":[{\"@type\":\"ListItem\",\"position\":1,\"name\":\"Accueil\",\"item\":\"https:\\\/\\\/danielonway.fr\\\/DanielOnWay\\\/\"},{\"@type\":\"ListItem\",\"position\":2,\"name\":\"Actualit\u00e9\",\"item\":\"https:\\\/\\\/danielonway.fr\\\/DanielOnWay\\\/cat\u00e9gorie\\\/actualite\\\/\"},{\"@type\":\"ListItem\",\"position\":3,\"name\":\"Sortie du livre : La Corse &#8211; Collection Photographies\"}]},{\"@type\":\"WebSite\",\"@id\":\"https:\\\/\\\/danielonway.fr\\\/DanielOnWay\\\/#website\",\"url\":\"https:\\\/\\\/danielonway.fr\\\/DanielOnWay\\\/\",\"name\":\"DanielOnWay - Photographie - Vid\u00e9o - Drone\",\"description\":\"Photographie, Vid\u00e9o, Drone\",\"publisher\":{\"@id\":\"https:\\\/\\\/danielonway.fr\\\/DanielOnWay\\\/#\\\/schema\\\/person\\\/4dab8f3634b87c1f28ae709f14913856\"},\"potentialAction\":[{\"@type\":\"SearchAction\",\"target\":{\"@type\":\"EntryPoint\",\"urlTemplate\":\"https:\\\/\\\/danielonway.fr\\\/DanielOnWay\\\/?s={search_term_string}\"},\"query-input\":{\"@type\":\"PropertyValueSpecification\",\"valueRequired\":true,\"valueName\":\"search_term_string\"}}],\"inLanguage\":\"fr-FR\"},{\"@type\":[\"Person\",\"Organization\"],\"@id\":\"https:\\\/\\\/danielonway.fr\\\/DanielOnWay\\\/#\\\/schema\\\/person\\\/4dab8f3634b87c1f28ae709f14913856\",\"name\":\"Daniel BRUCHET\",\"image\":{\"@type\":\"ImageObject\",\"inLanguage\":\"fr-FR\",\"@id\":\"https:\\\/\\\/secure.gravatar.com\\\/avatar\\\/b0a60aec63b56e01b36ba7272efcfe1d156a9050fefa7813e995efe51b9a02b3?s=96&d=mm&r=g\",\"url\":\"https:\\\/\\\/secure.gravatar.com\\\/avatar\\\/b0a60aec63b56e01b36ba7272efcfe1d156a9050fefa7813e995efe51b9a02b3?s=96&d=mm&r=g\",\"contentUrl\":\"https:\\\/\\\/secure.gravatar.com\\\/avatar\\\/b0a60aec63b56e01b36ba7272efcfe1d156a9050fefa7813e995efe51b9a02b3?s=96&d=mm&r=g\",\"caption\":\"Daniel BRUCHET\"},\"logo\":{\"@id\":\"https:\\\/\\\/secure.gravatar.com\\\/avatar\\\/b0a60aec63b56e01b36ba7272efcfe1d156a9050fefa7813e995efe51b9a02b3?s=96&d=mm&r=g\"},\"description\":\"Administrateur Systeme - Principal r\u00e9dacteur\",\"sameAs\":[\"http:\\\/\\\/www.danielonway.fr\",\"https:\\\/\\\/www.facebook.com\\\/danielonway\",\"https:\\\/\\\/www.instagram.com\\\/danielonway.fr\\\/\",\"https:\\\/\\\/x.com\\\/danielonway\"],\"url\":\"https:\\\/\\\/danielonway.fr\\\/DanielOnWay\\\/author\\\/danielb\\\/\"}]}<\/script>\n<!-- \/ Yoast SEO plugin. -->","yoast_head_json":{"title":"Sortie du livre : La Corse - Collection Photographies","description":"Plus de 120 photographies viennent illustrer ce livre. Toutes ces images sont comment\u00e9es ...","robots":{"index":"index","follow":"follow","max-snippet":"max-snippet:-1","max-image-preview":"max-image-preview:large","max-video-preview":"max-video-preview:-1"},"canonical":"https:\/\/danielonway.fr\/DanielOnWay\/corse-photographies-livre\/","og_locale":"fr_FR","og_type":"article","og_title":"La Corse - Collection Photographies","og_description":"Plus de 120 photographies viennent illustrer ce livre. Toutes ces images sont comment\u00e9es ...","og_url":"https:\/\/danielonway.fr\/DanielOnWay\/corse-photographies-livre\/","og_site_name":"DanielOnWay - Photographie - Vid\u00e9o - Drone","article_publisher":"https:\/\/www.facebook.com\/danielonway","article_author":"https:\/\/www.facebook.com\/danielonway","article_published_time":"2015-10-24T16:09:01+00:00","article_modified_time":"2017-11-07T07:13:35+00:00","og_image":[{"width":578,"height":487,"url":"https:\/\/danielonway.fr\/DanielOnWay\/wp-content\/uploads\/2016\/06\/La-Corse-CouvP1.png","type":"image\/png"}],"author":"Daniel BRUCHET","twitter_card":"summary_large_image","twitter_creator":"@danielonway","twitter_site":"@danielonway","twitter_misc":{"\u00c9crit par":"Daniel BRUCHET","Dur\u00e9e de lecture estim\u00e9e":"2 minutes"},"schema":{"@context":"https:\/\/schema.org","@graph":[{"@type":"Article","@id":"https:\/\/danielonway.fr\/DanielOnWay\/corse-photographies-livre\/#article","isPartOf":{"@id":"https:\/\/danielonway.fr\/DanielOnWay\/corse-photographies-livre\/"},"author":{"name":"Daniel BRUCHET","@id":"https:\/\/danielonway.fr\/DanielOnWay\/#\/schema\/person\/4dab8f3634b87c1f28ae709f14913856"},"headline":"Sortie du livre : La Corse &#8211; Collection Photographies","datePublished":"2015-10-24T16:09:01+00:00","dateModified":"2017-11-07T07:13:35+00:00","mainEntityOfPage":{"@id":"https:\/\/danielonway.fr\/DanielOnWay\/corse-photographies-livre\/"},"wordCount":331,"publisher":{"@id":"https:\/\/danielonway.fr\/DanielOnWay\/#\/schema\/person\/4dab8f3634b87c1f28ae709f14913856"},"image":{"@id":"https:\/\/danielonway.fr\/DanielOnWay\/corse-photographies-livre\/#primaryimage"},"thumbnailUrl":"https:\/\/danielonway.fr\/DanielOnWay\/wp-content\/uploads\/2016\/06\/La-Corse-CouvP1.png","keywords":["livre","photographie","pr\u00e9sentation","voyage"],"articleSection":["Actualit\u00e9"],"inLanguage":"fr-FR"},{"@type":"WebPage","@id":"https:\/\/danielonway.fr\/DanielOnWay\/corse-photographies-livre\/","url":"https:\/\/danielonway.fr\/DanielOnWay\/corse-photographies-livre\/","name":"Sortie du livre : La Corse - Collection Photographies","isPartOf":{"@id":"https:\/\/danielonway.fr\/DanielOnWay\/#website"},"primaryImageOfPage":{"@id":"https:\/\/danielonway.fr\/DanielOnWay\/corse-photographies-livre\/#primaryimage"},"image":{"@id":"https:\/\/danielonway.fr\/DanielOnWay\/corse-photographies-livre\/#primaryimage"},"thumbnailUrl":"https:\/\/danielonway.fr\/DanielOnWay\/wp-content\/uploads\/2016\/06\/La-Corse-CouvP1.png","datePublished":"2015-10-24T16:09:01+00:00","dateModified":"2017-11-07T07:13:35+00:00","description":"Plus de 120 photographies viennent illustrer ce livre. Toutes ces images sont comment\u00e9es ...","breadcrumb":{"@id":"https:\/\/danielonway.fr\/DanielOnWay\/corse-photographies-livre\/#breadcrumb"},"inLanguage":"fr-FR","potentialAction":[{"@type":"ReadAction","target":["https:\/\/danielonway.fr\/DanielOnWay\/corse-photographies-livre\/"]}]},{"@type":"ImageObject","inLanguage":"fr-FR","@id":"https:\/\/danielonway.fr\/DanielOnWay\/corse-photographies-livre\/#primaryimage","url":"https:\/\/danielonway.fr\/DanielOnWay\/wp-content\/uploads\/2016\/06\/La-Corse-CouvP1.png","contentUrl":"https:\/\/danielonway.fr\/DanielOnWay\/wp-content\/uploads\/2016\/06\/La-Corse-CouvP1.png","width":578,"height":487,"caption":"La Corse - Livre"},{"@type":"BreadcrumbList","@id":"https:\/\/danielonway.fr\/DanielOnWay\/corse-photographies-livre\/#breadcrumb","itemListElement":[{"@type":"ListItem","position":1,"name":"Accueil","item":"https:\/\/danielonway.fr\/DanielOnWay\/"},{"@type":"ListItem","position":2,"name":"Actualit\u00e9","item":"https:\/\/danielonway.fr\/DanielOnWay\/cat\u00e9gorie\/actualite\/"},{"@type":"ListItem","position":3,"name":"Sortie du livre : La Corse &#8211; Collection Photographies"}]},{"@type":"WebSite","@id":"https:\/\/danielonway.fr\/DanielOnWay\/#website","url":"https:\/\/danielonway.fr\/DanielOnWay\/","name":"DanielOnWay - Photographie - Vid\u00e9o - Drone","description":"Photographie, Vid\u00e9o, Drone","publisher":{"@id":"https:\/\/danielonway.fr\/DanielOnWay\/#\/schema\/person\/4dab8f3634b87c1f28ae709f14913856"},"potentialAction":[{"@type":"SearchAction","target":{"@type":"EntryPoint","urlTemplate":"https:\/\/danielonway.fr\/DanielOnWay\/?s={search_term_string}"},"query-input":{"@type":"PropertyValueSpecification","valueRequired":true,"valueName":"search_term_string"}}],"inLanguage":"fr-FR"},{"@type":["Person","Organization"],"@id":"https:\/\/danielonway.fr\/DanielOnWay\/#\/schema\/person\/4dab8f3634b87c1f28ae709f14913856","name":"Daniel BRUCHET","image":{"@type":"ImageObject","inLanguage":"fr-FR","@id":"https:\/\/secure.gravatar.com\/avatar\/b0a60aec63b56e01b36ba7272efcfe1d156a9050fefa7813e995efe51b9a02b3?s=96&d=mm&r=g","url":"https:\/\/secure.gravatar.com\/avatar\/b0a60aec63b56e01b36ba7272efcfe1d156a9050fefa7813e995efe51b9a02b3?s=96&d=mm&r=g","contentUrl":"https:\/\/secure.gravatar.com\/avatar\/b0a60aec63b56e01b36ba7272efcfe1d156a9050fefa7813e995efe51b9a02b3?s=96&d=mm&r=g","caption":"Daniel BRUCHET"},"logo":{"@id":"https:\/\/secure.gravatar.com\/avatar\/b0a60aec63b56e01b36ba7272efcfe1d156a9050fefa7813e995efe51b9a02b3?s=96&d=mm&r=g"},"description":"Administrateur Systeme - Principal r\u00e9dacteur","sameAs":["http:\/\/www.danielonway.fr","https:\/\/www.facebook.com\/danielonway","https:\/\/www.instagram.com\/danielonway.fr\/","https:\/\/x.com\/danielonway"],"url":"https:\/\/danielonway.fr\/DanielOnWay\/author\/danielb\/"}]}},"_links":{"self":[{"href":"https:\/\/danielonway.fr\/DanielOnWay\/wp-json\/wp\/v2\/posts\/2120","targetHints":{"allow":["GET"]}}],"collection":[{"href":"https:\/\/danielonway.fr\/DanielOnWay\/wp-json\/wp\/v2\/posts"}],"about":[{"href":"https:\/\/danielonway.fr\/DanielOnWay\/wp-json\/wp\/v2\/types\/post"}],"author":[{"embeddable":true,"href":"https:\/\/danielonway.fr\/DanielOnWay\/wp-json\/wp\/v2\/users\/9"}],"replies":[{"embeddable":true,"href":"https:\/\/danielonway.fr\/DanielOnWay\/wp-json\/wp\/v2\/comments?post=2120"}],"version-history":[{"count":0,"href":"https:\/\/danielonway.fr\/DanielOnWay\/wp-json\/wp\/v2\/posts\/2120\/revisions"}],"wp:featuredmedia":[{"embeddable":true,"href":"https:\/\/danielonway.fr\/DanielOnWay\/wp-json\/wp\/v2\/media\/2122"}],"wp:attachment":[{"href":"https:\/\/danielonway.fr\/DanielOnWay\/wp-json\/wp\/v2\/media?parent=2120"}],"wp:term":[{"taxonomy":"category","embeddable":true,"href":"https:\/\/danielonway.fr\/DanielOnWay\/wp-json\/wp\/v2\/categories?post=2120"},{"taxonomy":"post_tag","embeddable":true,"href":"https:\/\/danielonway.fr\/DanielOnWay\/wp-json\/wp\/v2\/tags?post=2120"}],"curies":[{"name":"wp","href":"https:\/\/api.w.org\/{rel}","templated":true}]}}