{"id":2136,"date":"2016-03-13T18:59:58","date_gmt":"2016-03-13T17:59:58","guid":{"rendered":"http:\/\/danielonway.fr\/DanielOnWay\/?p=2136"},"modified":"2017-11-07T08:12:49","modified_gmt":"2017-11-07T07:12:49","slug":"livre-photographies-2015","status":"publish","type":"post","link":"https:\/\/danielonway.fr\/DanielOnWay\/livre-photographies-2015\/","title":{"rendered":"Sortie du livre : Photographies 2015 &#8211; Collection Photographies"},"content":{"rendered":"<p>[vc_row][vc_column][vc_column_text]<\/p>\n<p style=\"text-align: justify;\">Sortie aujourd&rsquo;hui de mon livre de photographies comment\u00e9es : Photographies 2015 en forme de r\u00e9trospective de mes meilleurs clich\u00e9s de l&rsquo;ann\u00e9e 2015. Troisi\u00e8me\u00a0ouvrage de la \u00a0collection \u00ab\u00a0Photographies comment\u00e9es\u00a0\u00bb, il pr\u00e9sente un recueil de clich\u00e9s pris durant l&rsquo;ann\u00e9e\u00a02015.<\/p>\n<p style=\"text-align: justify;\">28 clich\u00e9s\u00a0viennent illustrer ce livre. Toutes ces images sont comment\u00e9es, c&rsquo;est \u00e0 dire que le lecteur trouvera les donn\u00e9es EXIF et les choix de composition ou les directions artistiques du photographe.<!--more--><\/p>\n<p><img decoding=\"async\" class=\"alignleft wp-image-2139\" style=\"text-align: justify;\" src=\"http:\/\/danielonway.fr\/DanielOnWay\/wp-content\/uploads\/2016\/06\/Photographies-2015-CouvP1-298x300.png\" alt=\"Livre photographies 2015\" width=\"186\" height=\"187\" srcset=\"https:\/\/danielonway.fr\/DanielOnWay\/wp-content\/uploads\/2016\/06\/Photographies-2015-CouvP1-150x150.png 150w, https:\/\/danielonway.fr\/DanielOnWay\/wp-content\/uploads\/2016\/06\/Photographies-2015-CouvP1-298x300.png 298w, https:\/\/danielonway.fr\/DanielOnWay\/wp-content\/uploads\/2016\/06\/Photographies-2015-CouvP1.png 478w\" sizes=\"(max-width: 186px) 100vw, 186px\" \/><\/p>\n<p style=\"text-align: justify;\">Cet ouvrage est \u00e9dit\u00e9 en format carr\u00e9 30 x 30 cm couverture rigide et pages imprim\u00e9es fond noir sur couch\u00e9 ultra brillant.<\/p>\n<p style=\"text-align: justify;\">Il existe aussi en format carr\u00e9 30 x 30 cm couverture rigide et pages imprim\u00e9es fond noir sur couch\u00e9 satin\u00e9.<\/p>\n<p style=\"text-align: justify;\"><strong>Une version Luxe existe aussi en format carr\u00e9 30 x 30 cm<\/strong> couverture rigide et pages imprim\u00e9es fond noir sur papier argentique HD.\u00a0Ouverture \u00e0 plat, pages \u00e9paisses et impression sur du v\u00e9ritable papier argentique HD. L&rsquo;impression argentique permet\u00a0un piqu\u00e9 exceptionnel et des noirs tr\u00e8s profonds. L&rsquo;impression est dite en \u00ab\u00a0tons continus\u00a0\u00bb, sans\u00a0trame d&rsquo;impression. Le fa\u00e7onnage artisanal contribue \u00e0 une finition parfaitement maitris\u00e9e. La couverture est prot\u00e9g\u00e9e par un pelliculage satin\u00e9 trait\u00e9 contre les rayures. Aucune page de garde n&rsquo;est ajout\u00e9e \u00e0 la fin et au d\u00e9but du livre afin que tout le livre soit fabriqu\u00e9 avec le m\u00eame papier. \u00a0L&rsquo;ouverture \u00e0 plat et les pages \u00e9paisses vous permettent de profiter des photos en double-pages. Livraison sous Coffret.<\/p>\n<p><!--more--><br \/>\n<strong>Description du livre :<\/strong> Ce nouvel ouvrage de la collection \u201cPhotographies\u201d pr\u00e9sente 28\u00a0photographies r\u00e9alis\u00e9es durant l&rsquo;ann\u00e9e\u00a02015.\u00a0Comme pour tous les ouvrages de la collection, chaque photographie est accompagn\u00e9e des donn\u00e9es techniques utilis\u00e9es lors de la prise de vue, permettant ainsi de comprendre l\u2019intention photographique et la direction artistique voulue par le photographe.<br \/>\n<strong>Format \u00a0:<\/strong>\u00a0Carr\u00e9 30 x 30 cm<br \/>\n<strong>Pages :<\/strong>\u00a032<br \/>\n<strong>Site Web de l&rsquo;auteur :<\/strong> http:\/\/www.danielonway.fr<br \/>\n<strong>Cat\u00e9gorie :<\/strong> Arts et photographie<br \/>\n<strong>Langue :<\/strong> Fran\u00e7ais<br \/>\n<strong>Mots-cl\u00e9s :<\/strong>\u00a0retrospective, photographie<\/p>\n<h2>PHOTOGRAPHIES 2015<\/h2>\n<h2>Photographies comment\u00e9es<img decoding=\"async\" class=\"alignright wp-image-2138\" src=\"http:\/\/danielonway.fr\/DanielOnWay\/wp-content\/uploads\/2016\/06\/Photographies-2015-CouvP4-289x300.png\" alt=\"Dos du Livre photographies 2015\" width=\"216\" height=\"224\" srcset=\"https:\/\/danielonway.fr\/DanielOnWay\/wp-content\/uploads\/2016\/06\/Photographies-2015-CouvP4-289x300.png 289w, https:\/\/danielonway.fr\/DanielOnWay\/wp-content\/uploads\/2016\/06\/Photographies-2015-CouvP4.png 465w\" sizes=\"(max-width: 216px) 100vw, 216px\" \/><\/h2>\n<p style=\"text-align: justify;\">Une s\u00e9lection des meilleurs clich\u00e9s r\u00e9alis\u00e9s au cours de l\u2019ann\u00e9e 2015.<\/p>\n<p style=\"text-align: justify;\">Prise de vue, post-production et impression se combinent pour proposer un carnet de route passant par la Corse, Londres, l\u2019Irlande, Venise, Gen\u00e8ve, pour se terminer par des clich\u00e9s de macro-photographie et de pose longue.<\/p>\n<p>[\/vc_column_text][\/vc_column][\/vc_row]<\/p>\n","protected":false},"excerpt":{"rendered":"<p>Sortie aujourd&rsquo;hui de mon livre de photographies comment\u00e9es : Photographies 2015 en forme de r\u00e9trospective de mes meilleurs clich\u00e9s de l&rsquo;ann\u00e9e 2015. Troisi\u00e8me\u00a0ouvrage de la \u00a0collection \u00ab\u00a0Photographies comment\u00e9es\u00a0\u00bb, il pr\u00e9sente un recueil de clich\u00e9s pris durant l&rsquo;ann\u00e9e\u00a02015.<\/p>\n","protected":false},"author":9,"featured_media":2139,"comment_status":"closed","ping_status":"closed","sticky":false,"template":"","format":"standard","meta":{"footnotes":""},"categories":[69],"tags":[116,121,142,48,140],"class_list":["post-2136","post","type-post","status-publish","format-standard","has-post-thumbnail","hentry","category-actualite","tag-livre","tag-paysage","tag-photographie-urbaine","tag-urbain","tag-voyage"],"yoast_head":"<!-- This site is optimized with the Yoast SEO plugin v27.3 - https:\/\/yoast.com\/product\/yoast-seo-wordpress\/ -->\n<title>Sortie du livre : Photographies 2015 - Collection Photographies<\/title>\n<meta name=\"description\" content=\"Sortie aujourd&#039;hui de mon livre de photographies comment\u00e9es en forme de r\u00e9trospective de mes meilleurs clich\u00e9s de l&#039;ann\u00e9e 2015.\" \/>\n<meta name=\"robots\" content=\"index, follow, max-snippet:-1, max-image-preview:large, max-video-preview:-1\" \/>\n<link rel=\"canonical\" href=\"https:\/\/danielonway.fr\/DanielOnWay\/livre-photographies-2015\/\" \/>\n<meta property=\"og:locale\" content=\"fr_FR\" \/>\n<meta property=\"og:type\" content=\"article\" \/>\n<meta property=\"og:title\" content=\"Sortie du livre : Photographies 2015 - Collection Photographies\" \/>\n<meta property=\"og:description\" content=\"Sortie aujourd&#039;hui de mon livre de photographies comment\u00e9es en forme de r\u00e9trospective de mes meilleurs clich\u00e9s de l&#039;ann\u00e9e 2015.\" \/>\n<meta property=\"og:url\" content=\"https:\/\/danielonway.fr\/DanielOnWay\/livre-photographies-2015\/\" \/>\n<meta property=\"og:site_name\" content=\"DanielOnWay - Photographie - Vid\u00e9o - Drone\" \/>\n<meta property=\"article:publisher\" content=\"https:\/\/www.facebook.com\/danielonway\" \/>\n<meta property=\"article:author\" content=\"https:\/\/www.facebook.com\/danielonway\" \/>\n<meta property=\"article:published_time\" content=\"2016-03-13T17:59:58+00:00\" \/>\n<meta property=\"article:modified_time\" content=\"2017-11-07T07:12:49+00:00\" \/>\n<meta property=\"og:image\" content=\"https:\/\/danielonway.fr\/DanielOnWay\/wp-content\/uploads\/2016\/06\/Photographies-2015-CouvP1.png\" \/>\n\t<meta property=\"og:image:width\" content=\"478\" \/>\n\t<meta property=\"og:image:height\" content=\"482\" \/>\n\t<meta property=\"og:image:type\" content=\"image\/png\" \/>\n<meta name=\"author\" content=\"Daniel BRUCHET\" \/>\n<meta name=\"twitter:card\" content=\"summary_large_image\" \/>\n<meta name=\"twitter:title\" content=\"Sortie du livre : Photographies 2015 - Collection Photographies\" \/>\n<meta name=\"twitter:description\" content=\"Sortie aujourd&#039;hui de mon livre de photographies comment\u00e9es en forme de r\u00e9trospective de mes meilleurs clich\u00e9s de l&#039;ann\u00e9e 2015.\" \/>\n<meta name=\"twitter:image\" content=\"http:\/\/danielonway.fr\/DanielOnWay\/wp-content\/uploads\/2016\/06\/Photographies-2015-CouvP1.png\" \/>\n<meta name=\"twitter:creator\" content=\"@danielonway\" \/>\n<meta name=\"twitter:site\" content=\"@danielonway\" \/>\n<meta name=\"twitter:label1\" content=\"\u00c9crit par\" \/>\n\t<meta name=\"twitter:data1\" content=\"Daniel BRUCHET\" \/>\n\t<meta name=\"twitter:label2\" content=\"Dur\u00e9e de lecture estim\u00e9e\" \/>\n\t<meta name=\"twitter:data2\" content=\"2 minutes\" \/>\n<script type=\"application\/ld+json\" class=\"yoast-schema-graph\">{\"@context\":\"https:\\\/\\\/schema.org\",\"@graph\":[{\"@type\":\"Article\",\"@id\":\"https:\\\/\\\/danielonway.fr\\\/DanielOnWay\\\/livre-photographies-2015\\\/#article\",\"isPartOf\":{\"@id\":\"https:\\\/\\\/danielonway.fr\\\/DanielOnWay\\\/livre-photographies-2015\\\/\"},\"author\":{\"name\":\"Daniel BRUCHET\",\"@id\":\"https:\\\/\\\/danielonway.fr\\\/DanielOnWay\\\/#\\\/schema\\\/person\\\/4dab8f3634b87c1f28ae709f14913856\"},\"headline\":\"Sortie du livre : Photographies 2015 &#8211; Collection Photographies\",\"datePublished\":\"2016-03-13T17:59:58+00:00\",\"dateModified\":\"2017-11-07T07:12:49+00:00\",\"mainEntityOfPage\":{\"@id\":\"https:\\\/\\\/danielonway.fr\\\/DanielOnWay\\\/livre-photographies-2015\\\/\"},\"wordCount\":414,\"publisher\":{\"@id\":\"https:\\\/\\\/danielonway.fr\\\/DanielOnWay\\\/#\\\/schema\\\/person\\\/4dab8f3634b87c1f28ae709f14913856\"},\"image\":{\"@id\":\"https:\\\/\\\/danielonway.fr\\\/DanielOnWay\\\/livre-photographies-2015\\\/#primaryimage\"},\"thumbnailUrl\":\"https:\\\/\\\/danielonway.fr\\\/DanielOnWay\\\/wp-content\\\/uploads\\\/2016\\\/06\\\/Photographies-2015-CouvP1.png\",\"keywords\":[\"livre\",\"paysage\",\"Photographie urbaine\",\"urbain\",\"voyage\"],\"articleSection\":[\"Actualit\u00e9\"],\"inLanguage\":\"fr-FR\"},{\"@type\":\"WebPage\",\"@id\":\"https:\\\/\\\/danielonway.fr\\\/DanielOnWay\\\/livre-photographies-2015\\\/\",\"url\":\"https:\\\/\\\/danielonway.fr\\\/DanielOnWay\\\/livre-photographies-2015\\\/\",\"name\":\"Sortie du livre : Photographies 2015 - Collection Photographies\",\"isPartOf\":{\"@id\":\"https:\\\/\\\/danielonway.fr\\\/DanielOnWay\\\/#website\"},\"primaryImageOfPage\":{\"@id\":\"https:\\\/\\\/danielonway.fr\\\/DanielOnWay\\\/livre-photographies-2015\\\/#primaryimage\"},\"image\":{\"@id\":\"https:\\\/\\\/danielonway.fr\\\/DanielOnWay\\\/livre-photographies-2015\\\/#primaryimage\"},\"thumbnailUrl\":\"https:\\\/\\\/danielonway.fr\\\/DanielOnWay\\\/wp-content\\\/uploads\\\/2016\\\/06\\\/Photographies-2015-CouvP1.png\",\"datePublished\":\"2016-03-13T17:59:58+00:00\",\"dateModified\":\"2017-11-07T07:12:49+00:00\",\"description\":\"Sortie aujourd'hui de mon livre de photographies comment\u00e9es en forme de r\u00e9trospective de mes meilleurs clich\u00e9s de l'ann\u00e9e 2015.\",\"breadcrumb\":{\"@id\":\"https:\\\/\\\/danielonway.fr\\\/DanielOnWay\\\/livre-photographies-2015\\\/#breadcrumb\"},\"inLanguage\":\"fr-FR\",\"potentialAction\":[{\"@type\":\"ReadAction\",\"target\":[\"https:\\\/\\\/danielonway.fr\\\/DanielOnWay\\\/livre-photographies-2015\\\/\"]}]},{\"@type\":\"ImageObject\",\"inLanguage\":\"fr-FR\",\"@id\":\"https:\\\/\\\/danielonway.fr\\\/DanielOnWay\\\/livre-photographies-2015\\\/#primaryimage\",\"url\":\"https:\\\/\\\/danielonway.fr\\\/DanielOnWay\\\/wp-content\\\/uploads\\\/2016\\\/06\\\/Photographies-2015-CouvP1.png\",\"contentUrl\":\"https:\\\/\\\/danielonway.fr\\\/DanielOnWay\\\/wp-content\\\/uploads\\\/2016\\\/06\\\/Photographies-2015-CouvP1.png\",\"width\":478,\"height\":482,\"caption\":\"Photographies 2015\"},{\"@type\":\"BreadcrumbList\",\"@id\":\"https:\\\/\\\/danielonway.fr\\\/DanielOnWay\\\/livre-photographies-2015\\\/#breadcrumb\",\"itemListElement\":[{\"@type\":\"ListItem\",\"position\":1,\"name\":\"Accueil\",\"item\":\"https:\\\/\\\/danielonway.fr\\\/DanielOnWay\\\/\"},{\"@type\":\"ListItem\",\"position\":2,\"name\":\"Actualit\u00e9\",\"item\":\"https:\\\/\\\/danielonway.fr\\\/DanielOnWay\\\/cat\u00e9gorie\\\/actualite\\\/\"},{\"@type\":\"ListItem\",\"position\":3,\"name\":\"Sortie du livre : Photographies 2015 &#8211; Collection Photographies\"}]},{\"@type\":\"WebSite\",\"@id\":\"https:\\\/\\\/danielonway.fr\\\/DanielOnWay\\\/#website\",\"url\":\"https:\\\/\\\/danielonway.fr\\\/DanielOnWay\\\/\",\"name\":\"DanielOnWay - Photographie - Vid\u00e9o - Drone\",\"description\":\"Photographie, Vid\u00e9o, Drone\",\"publisher\":{\"@id\":\"https:\\\/\\\/danielonway.fr\\\/DanielOnWay\\\/#\\\/schema\\\/person\\\/4dab8f3634b87c1f28ae709f14913856\"},\"potentialAction\":[{\"@type\":\"SearchAction\",\"target\":{\"@type\":\"EntryPoint\",\"urlTemplate\":\"https:\\\/\\\/danielonway.fr\\\/DanielOnWay\\\/?s={search_term_string}\"},\"query-input\":{\"@type\":\"PropertyValueSpecification\",\"valueRequired\":true,\"valueName\":\"search_term_string\"}}],\"inLanguage\":\"fr-FR\"},{\"@type\":[\"Person\",\"Organization\"],\"@id\":\"https:\\\/\\\/danielonway.fr\\\/DanielOnWay\\\/#\\\/schema\\\/person\\\/4dab8f3634b87c1f28ae709f14913856\",\"name\":\"Daniel BRUCHET\",\"image\":{\"@type\":\"ImageObject\",\"inLanguage\":\"fr-FR\",\"@id\":\"https:\\\/\\\/secure.gravatar.com\\\/avatar\\\/b0a60aec63b56e01b36ba7272efcfe1d156a9050fefa7813e995efe51b9a02b3?s=96&d=mm&r=g\",\"url\":\"https:\\\/\\\/secure.gravatar.com\\\/avatar\\\/b0a60aec63b56e01b36ba7272efcfe1d156a9050fefa7813e995efe51b9a02b3?s=96&d=mm&r=g\",\"contentUrl\":\"https:\\\/\\\/secure.gravatar.com\\\/avatar\\\/b0a60aec63b56e01b36ba7272efcfe1d156a9050fefa7813e995efe51b9a02b3?s=96&d=mm&r=g\",\"caption\":\"Daniel BRUCHET\"},\"logo\":{\"@id\":\"https:\\\/\\\/secure.gravatar.com\\\/avatar\\\/b0a60aec63b56e01b36ba7272efcfe1d156a9050fefa7813e995efe51b9a02b3?s=96&d=mm&r=g\"},\"description\":\"Administrateur Systeme - Principal r\u00e9dacteur\",\"sameAs\":[\"http:\\\/\\\/www.danielonway.fr\",\"https:\\\/\\\/www.facebook.com\\\/danielonway\",\"https:\\\/\\\/www.instagram.com\\\/danielonway.fr\\\/\",\"https:\\\/\\\/x.com\\\/danielonway\"],\"url\":\"https:\\\/\\\/danielonway.fr\\\/DanielOnWay\\\/author\\\/danielb\\\/\"}]}<\/script>\n<!-- \/ Yoast SEO plugin. -->","yoast_head_json":{"title":"Sortie du livre : Photographies 2015 - Collection Photographies","description":"Sortie aujourd'hui de mon livre de photographies comment\u00e9es en forme de r\u00e9trospective de mes meilleurs clich\u00e9s de l'ann\u00e9e 2015.","robots":{"index":"index","follow":"follow","max-snippet":"max-snippet:-1","max-image-preview":"max-image-preview:large","max-video-preview":"max-video-preview:-1"},"canonical":"https:\/\/danielonway.fr\/DanielOnWay\/livre-photographies-2015\/","og_locale":"fr_FR","og_type":"article","og_title":"Sortie du livre : Photographies 2015 - Collection Photographies","og_description":"Sortie aujourd'hui de mon livre de photographies comment\u00e9es en forme de r\u00e9trospective de mes meilleurs clich\u00e9s de l'ann\u00e9e 2015.","og_url":"https:\/\/danielonway.fr\/DanielOnWay\/livre-photographies-2015\/","og_site_name":"DanielOnWay - Photographie - Vid\u00e9o - Drone","article_publisher":"https:\/\/www.facebook.com\/danielonway","article_author":"https:\/\/www.facebook.com\/danielonway","article_published_time":"2016-03-13T17:59:58+00:00","article_modified_time":"2017-11-07T07:12:49+00:00","og_image":[{"width":478,"height":482,"url":"https:\/\/danielonway.fr\/DanielOnWay\/wp-content\/uploads\/2016\/06\/Photographies-2015-CouvP1.png","type":"image\/png"}],"author":"Daniel BRUCHET","twitter_card":"summary_large_image","twitter_title":"Sortie du livre : Photographies 2015 - Collection Photographies","twitter_description":"Sortie aujourd'hui de mon livre de photographies comment\u00e9es en forme de r\u00e9trospective de mes meilleurs clich\u00e9s de l'ann\u00e9e 2015.","twitter_image":"http:\/\/danielonway.fr\/DanielOnWay\/wp-content\/uploads\/2016\/06\/Photographies-2015-CouvP1.png","twitter_creator":"@danielonway","twitter_site":"@danielonway","twitter_misc":{"\u00c9crit par":"Daniel BRUCHET","Dur\u00e9e de lecture estim\u00e9e":"2 minutes"},"schema":{"@context":"https:\/\/schema.org","@graph":[{"@type":"Article","@id":"https:\/\/danielonway.fr\/DanielOnWay\/livre-photographies-2015\/#article","isPartOf":{"@id":"https:\/\/danielonway.fr\/DanielOnWay\/livre-photographies-2015\/"},"author":{"name":"Daniel BRUCHET","@id":"https:\/\/danielonway.fr\/DanielOnWay\/#\/schema\/person\/4dab8f3634b87c1f28ae709f14913856"},"headline":"Sortie du livre : Photographies 2015 &#8211; Collection Photographies","datePublished":"2016-03-13T17:59:58+00:00","dateModified":"2017-11-07T07:12:49+00:00","mainEntityOfPage":{"@id":"https:\/\/danielonway.fr\/DanielOnWay\/livre-photographies-2015\/"},"wordCount":414,"publisher":{"@id":"https:\/\/danielonway.fr\/DanielOnWay\/#\/schema\/person\/4dab8f3634b87c1f28ae709f14913856"},"image":{"@id":"https:\/\/danielonway.fr\/DanielOnWay\/livre-photographies-2015\/#primaryimage"},"thumbnailUrl":"https:\/\/danielonway.fr\/DanielOnWay\/wp-content\/uploads\/2016\/06\/Photographies-2015-CouvP1.png","keywords":["livre","paysage","Photographie urbaine","urbain","voyage"],"articleSection":["Actualit\u00e9"],"inLanguage":"fr-FR"},{"@type":"WebPage","@id":"https:\/\/danielonway.fr\/DanielOnWay\/livre-photographies-2015\/","url":"https:\/\/danielonway.fr\/DanielOnWay\/livre-photographies-2015\/","name":"Sortie du livre : Photographies 2015 - Collection Photographies","isPartOf":{"@id":"https:\/\/danielonway.fr\/DanielOnWay\/#website"},"primaryImageOfPage":{"@id":"https:\/\/danielonway.fr\/DanielOnWay\/livre-photographies-2015\/#primaryimage"},"image":{"@id":"https:\/\/danielonway.fr\/DanielOnWay\/livre-photographies-2015\/#primaryimage"},"thumbnailUrl":"https:\/\/danielonway.fr\/DanielOnWay\/wp-content\/uploads\/2016\/06\/Photographies-2015-CouvP1.png","datePublished":"2016-03-13T17:59:58+00:00","dateModified":"2017-11-07T07:12:49+00:00","description":"Sortie aujourd'hui de mon livre de photographies comment\u00e9es en forme de r\u00e9trospective de mes meilleurs clich\u00e9s de l'ann\u00e9e 2015.","breadcrumb":{"@id":"https:\/\/danielonway.fr\/DanielOnWay\/livre-photographies-2015\/#breadcrumb"},"inLanguage":"fr-FR","potentialAction":[{"@type":"ReadAction","target":["https:\/\/danielonway.fr\/DanielOnWay\/livre-photographies-2015\/"]}]},{"@type":"ImageObject","inLanguage":"fr-FR","@id":"https:\/\/danielonway.fr\/DanielOnWay\/livre-photographies-2015\/#primaryimage","url":"https:\/\/danielonway.fr\/DanielOnWay\/wp-content\/uploads\/2016\/06\/Photographies-2015-CouvP1.png","contentUrl":"https:\/\/danielonway.fr\/DanielOnWay\/wp-content\/uploads\/2016\/06\/Photographies-2015-CouvP1.png","width":478,"height":482,"caption":"Photographies 2015"},{"@type":"BreadcrumbList","@id":"https:\/\/danielonway.fr\/DanielOnWay\/livre-photographies-2015\/#breadcrumb","itemListElement":[{"@type":"ListItem","position":1,"name":"Accueil","item":"https:\/\/danielonway.fr\/DanielOnWay\/"},{"@type":"ListItem","position":2,"name":"Actualit\u00e9","item":"https:\/\/danielonway.fr\/DanielOnWay\/cat\u00e9gorie\/actualite\/"},{"@type":"ListItem","position":3,"name":"Sortie du livre : Photographies 2015 &#8211; Collection Photographies"}]},{"@type":"WebSite","@id":"https:\/\/danielonway.fr\/DanielOnWay\/#website","url":"https:\/\/danielonway.fr\/DanielOnWay\/","name":"DanielOnWay - Photographie - Vid\u00e9o - Drone","description":"Photographie, Vid\u00e9o, Drone","publisher":{"@id":"https:\/\/danielonway.fr\/DanielOnWay\/#\/schema\/person\/4dab8f3634b87c1f28ae709f14913856"},"potentialAction":[{"@type":"SearchAction","target":{"@type":"EntryPoint","urlTemplate":"https:\/\/danielonway.fr\/DanielOnWay\/?s={search_term_string}"},"query-input":{"@type":"PropertyValueSpecification","valueRequired":true,"valueName":"search_term_string"}}],"inLanguage":"fr-FR"},{"@type":["Person","Organization"],"@id":"https:\/\/danielonway.fr\/DanielOnWay\/#\/schema\/person\/4dab8f3634b87c1f28ae709f14913856","name":"Daniel BRUCHET","image":{"@type":"ImageObject","inLanguage":"fr-FR","@id":"https:\/\/secure.gravatar.com\/avatar\/b0a60aec63b56e01b36ba7272efcfe1d156a9050fefa7813e995efe51b9a02b3?s=96&d=mm&r=g","url":"https:\/\/secure.gravatar.com\/avatar\/b0a60aec63b56e01b36ba7272efcfe1d156a9050fefa7813e995efe51b9a02b3?s=96&d=mm&r=g","contentUrl":"https:\/\/secure.gravatar.com\/avatar\/b0a60aec63b56e01b36ba7272efcfe1d156a9050fefa7813e995efe51b9a02b3?s=96&d=mm&r=g","caption":"Daniel BRUCHET"},"logo":{"@id":"https:\/\/secure.gravatar.com\/avatar\/b0a60aec63b56e01b36ba7272efcfe1d156a9050fefa7813e995efe51b9a02b3?s=96&d=mm&r=g"},"description":"Administrateur Systeme - Principal r\u00e9dacteur","sameAs":["http:\/\/www.danielonway.fr","https:\/\/www.facebook.com\/danielonway","https:\/\/www.instagram.com\/danielonway.fr\/","https:\/\/x.com\/danielonway"],"url":"https:\/\/danielonway.fr\/DanielOnWay\/author\/danielb\/"}]}},"_links":{"self":[{"href":"https:\/\/danielonway.fr\/DanielOnWay\/wp-json\/wp\/v2\/posts\/2136","targetHints":{"allow":["GET"]}}],"collection":[{"href":"https:\/\/danielonway.fr\/DanielOnWay\/wp-json\/wp\/v2\/posts"}],"about":[{"href":"https:\/\/danielonway.fr\/DanielOnWay\/wp-json\/wp\/v2\/types\/post"}],"author":[{"embeddable":true,"href":"https:\/\/danielonway.fr\/DanielOnWay\/wp-json\/wp\/v2\/users\/9"}],"replies":[{"embeddable":true,"href":"https:\/\/danielonway.fr\/DanielOnWay\/wp-json\/wp\/v2\/comments?post=2136"}],"version-history":[{"count":0,"href":"https:\/\/danielonway.fr\/DanielOnWay\/wp-json\/wp\/v2\/posts\/2136\/revisions"}],"wp:featuredmedia":[{"embeddable":true,"href":"https:\/\/danielonway.fr\/DanielOnWay\/wp-json\/wp\/v2\/media\/2139"}],"wp:attachment":[{"href":"https:\/\/danielonway.fr\/DanielOnWay\/wp-json\/wp\/v2\/media?parent=2136"}],"wp:term":[{"taxonomy":"category","embeddable":true,"href":"https:\/\/danielonway.fr\/DanielOnWay\/wp-json\/wp\/v2\/categories?post=2136"},{"taxonomy":"post_tag","embeddable":true,"href":"https:\/\/danielonway.fr\/DanielOnWay\/wp-json\/wp\/v2\/tags?post=2136"}],"curies":[{"name":"wp","href":"https:\/\/api.w.org\/{rel}","templated":true}]}}