{"id":2294,"date":"2016-10-25T20:20:51","date_gmt":"2016-10-25T18:20:51","guid":{"rendered":"http:\/\/danielonway.fr\/DanielOnWay\/?p=2294"},"modified":"2017-11-07T08:09:41","modified_gmt":"2017-11-07T07:09:41","slug":"lavande","status":"publish","type":"post","link":"https:\/\/danielonway.fr\/DanielOnWay\/lavande\/","title":{"rendered":"Sortie du Livre : Lavandes &#8211; Collection Photographies"},"content":{"rendered":"<p>[vc_row 0=\u00a0\u00bb\u00a0\u00bb][vc_column 0=\u00a0\u00bb\u00a0\u00bb][vc_column_text 0=\u00a0\u00bb\u00a0\u00bb]<\/p>\n<h2>Lavande &#8211; Collection photographies<\/h2>\n<p>Sortie aujourd&rsquo;hui d&rsquo;un nouveau livre de\u00a0photographies que j&rsquo;ai r\u00e9alis\u00e9es sur les plateaux de Valensole et Puimoisson en Haute Provence.<\/p>\n<p><!--more--><\/p>\n<p>&nbsp;<\/p>\n<p><img decoding=\"async\" class=\"wp-image-2308 alignright\" src=\"http:\/\/danielonway.fr\/DanielOnWay\/wp-content\/uploads\/2016\/10\/Lavandes-livre-Couv-300x241.png\" alt=\"lavandes-livre-couv\" width=\"209\" height=\"168\" srcset=\"https:\/\/danielonway.fr\/DanielOnWay\/wp-content\/uploads\/2016\/10\/Lavandes-livre-Couv-300x241.png 300w, https:\/\/danielonway.fr\/DanielOnWay\/wp-content\/uploads\/2016\/10\/Lavandes-livre-Couv-768x618.png 768w, https:\/\/danielonway.fr\/DanielOnWay\/wp-content\/uploads\/2016\/10\/Lavandes-livre-Couv.png 891w\" sizes=\"(max-width: 209px) 100vw, 209px\" \/><\/p>\n<p>Au gr\u00e9 des clich\u00e9s on d\u00e9couvrira la culture des deux esp\u00e8ces de lavandes &#8211; le lavandin et la lavande fine &#8211; en sillons rectilignes qui est un savoir-faire ancestral qui fa\u00e7onne les paysages de Provence et les plateaux de Valensole et Puimoisson en particuliers &#8230;<\/p>\n<p>&nbsp;<\/p>\n<p>Description du livre : Ce nouvel ouvrage de la collection \u201cPhotographies\u201d pr\u00e9sente pr\u00e8s de 100 photographies r\u00e9alis\u00e9es lors d\u2019un voyage en Haute-Provence. Comme pour tous les ouvrages de la collection, chaque photographie est accompagn\u00e9e des donn\u00e9es techniques utilis\u00e9es lors de la prise de vue, permettant ainsi de comprendre l\u2019intention photographique et la direction artistique voulue par le photographe.<br \/>\nFormat : Paysage 25 x 20 cm<br \/>\nPages : 56<br \/>\nSite Web de l&rsquo;auteur : http:\/\/www.danielonway.fr<br \/>\nCat\u00e9gorie : Arts et photographie<br \/>\nLangue : Fran\u00e7ais<br \/>\nMots-cl\u00e9s : voyage, haute-provence, lavande, lavandin, france, photographie<br \/>\nC\u2019est sur ces terres que je me suis rendu pour r\u00e9aliser des clich\u00e9s de ces paysages magnifiques et embl\u00e9matiques.<img decoding=\"async\" class=\"wp-image-2297 alignleft\" src=\"http:\/\/danielonway.fr\/DanielOnWay\/wp-content\/uploads\/2016\/10\/Lavandes-livre-4Couv-300x245.png\" alt=\"lavandes-livre-4couv\" width=\"151\" height=\"123\" srcset=\"https:\/\/danielonway.fr\/DanielOnWay\/wp-content\/uploads\/2016\/10\/Lavandes-livre-4Couv-300x245.png 300w, https:\/\/danielonway.fr\/DanielOnWay\/wp-content\/uploads\/2016\/10\/Lavandes-livre-4Couv.png 432w\" sizes=\"(max-width: 151px) 100vw, 151px\" \/><br \/>\nLa polyculture permet de trouver des \u201charmonies photographiques\u201d qui reposent sur l\u2019assemblages des diversit\u00e9s.<\/p>\n<p>On d\u00e9crouvrira des clich\u00e9s dans une distillerie de Valensole permettant d\u2019avoir une vision compl\u00e8te du cycle de production de la lavande depuis sa culture par les lavandiculteurs jusqu\u2019\u00e0 sa r\u00e9colte et sa distillation sous forme d\u2019huile essentielle.<br \/>\nQu\u2019elle soit destin\u00e9e \u00e0 parfumer savons, lessives ou autres produits m\u00e9nagers ou \u00e0 servir de base aux parfumeurs et fabricants de cosm\u00e9tiques, qu\u2019elle se nomme lavandin ou lavande vraie, l\u2019oeil du photographe ne voit que ces champs splendides et fascinants. et cette couleur bleu-violet \u00e0 perte de vue.[\/vc_column_text][\/vc_column][\/vc_row]<\/p>\n","protected":false},"excerpt":{"rendered":"<p>Sortie aujourd&rsquo;hui d&rsquo;un nouveau livre de\u00a0photographies que j&rsquo;ai r\u00e9alis\u00e9es sur les plateaux de Valensole et Puimoisson en Haute Provence.<\/p>\n","protected":false},"author":9,"featured_media":2308,"comment_status":"closed","ping_status":"closed","sticky":false,"template":"","format":"standard","meta":{"footnotes":""},"categories":[69],"tags":[117,116,121,140],"class_list":["post-2294","post","type-post","status-publish","format-standard","has-post-thumbnail","hentry","category-actualite","tag-lavande","tag-livre","tag-paysage","tag-voyage"],"yoast_head":"<!-- This site is optimized with the Yoast SEO plugin v27.3 - https:\/\/yoast.com\/product\/yoast-seo-wordpress\/ -->\n<title>Sortie du Livre : Lavandes - Collection Photographies<\/title>\n<meta name=\"description\" content=\"Sortie aujourd&#039;hui 25 Octobre 2016 de mon nouveau livre de photographies r\u00e9alis\u00e9es sur les plateaux de Valensole et Puimoisson en Haute Provence.\" \/>\n<meta name=\"robots\" content=\"index, follow, max-snippet:-1, max-image-preview:large, max-video-preview:-1\" \/>\n<link rel=\"canonical\" href=\"https:\/\/danielonway.fr\/DanielOnWay\/lavande\/\" \/>\n<meta property=\"og:locale\" content=\"fr_FR\" \/>\n<meta property=\"og:type\" content=\"article\" \/>\n<meta property=\"og:title\" content=\"Sortie du Livre : Lavandes - Collection Photographies\" \/>\n<meta property=\"og:description\" content=\"Sortie aujourd&#039;hui 25 Octobre 2016 de mon nouveau livre de photographies r\u00e9alis\u00e9es sur les plateaux de Valensole et Puimoisson en Haute Provence. Au gr\u00e9 des clich\u00e9s on d\u00e9couvrira la culture des deux esp\u00e8ces de lavandes - le lavandin et la lavande fine - en sillons rectilignes qui est un savoir-faire ancestral qui fa\u00e7onne les paysages de Provence et les plateaux de Valensole et Puimoisson en particuliers ...\" \/>\n<meta property=\"og:url\" content=\"https:\/\/danielonway.fr\/DanielOnWay\/lavande\/\" \/>\n<meta property=\"og:site_name\" content=\"DanielOnWay - Photographie - Vid\u00e9o - Drone\" \/>\n<meta property=\"article:publisher\" content=\"https:\/\/www.facebook.com\/danielonway\" \/>\n<meta property=\"article:author\" content=\"https:\/\/www.facebook.com\/danielonway\" \/>\n<meta property=\"article:published_time\" content=\"2016-10-25T18:20:51+00:00\" \/>\n<meta property=\"article:modified_time\" content=\"2017-11-07T07:09:41+00:00\" \/>\n<meta property=\"og:image\" content=\"https:\/\/danielonway.fr\/DanielOnWay\/wp-content\/uploads\/2016\/10\/Lavandes-livre-Couv.png\" \/>\n\t<meta property=\"og:image:width\" content=\"891\" \/>\n\t<meta property=\"og:image:height\" content=\"717\" \/>\n\t<meta property=\"og:image:type\" content=\"image\/png\" \/>\n<meta name=\"author\" content=\"Daniel BRUCHET\" \/>\n<meta name=\"twitter:card\" content=\"summary_large_image\" \/>\n<meta name=\"twitter:title\" content=\"Sortie du Livre : Lavandes - Collection Photographies\" \/>\n<meta name=\"twitter:description\" content=\"Sortie aujourd&#039;hui 25 Octobre 2016 de mon nouveau livre de photographies r\u00e9alis\u00e9es sur les plateaux de Valensole et Puimoisson en Haute Provence. Au gr\u00e9 des clich\u00e9s on d\u00e9couvrira la culture des deux esp\u00e8ces de lavandes - le lavandin et la lavande fine - en sillons rectilignes qui est un savoir-faire ancestral qui fa\u00e7onne les paysages de Provence et les plateaux de Valensole et Puimoisson en particuliers ...\" \/>\n<meta name=\"twitter:creator\" content=\"@danielonway\" \/>\n<meta name=\"twitter:site\" content=\"@danielonway\" \/>\n<meta name=\"twitter:label1\" content=\"\u00c9crit par\" \/>\n\t<meta name=\"twitter:data1\" content=\"Daniel BRUCHET\" \/>\n\t<meta name=\"twitter:label2\" content=\"Dur\u00e9e de lecture estim\u00e9e\" \/>\n\t<meta name=\"twitter:data2\" content=\"2 minutes\" \/>\n<script type=\"application\/ld+json\" class=\"yoast-schema-graph\">{\"@context\":\"https:\\\/\\\/schema.org\",\"@graph\":[{\"@type\":\"Article\",\"@id\":\"https:\\\/\\\/danielonway.fr\\\/DanielOnWay\\\/lavande\\\/#article\",\"isPartOf\":{\"@id\":\"https:\\\/\\\/danielonway.fr\\\/DanielOnWay\\\/lavande\\\/\"},\"author\":{\"name\":\"Daniel BRUCHET\",\"@id\":\"https:\\\/\\\/danielonway.fr\\\/DanielOnWay\\\/#\\\/schema\\\/person\\\/4dab8f3634b87c1f28ae709f14913856\"},\"headline\":\"Sortie du Livre : Lavandes &#8211; Collection Photographies\",\"datePublished\":\"2016-10-25T18:20:51+00:00\",\"dateModified\":\"2017-11-07T07:09:41+00:00\",\"mainEntityOfPage\":{\"@id\":\"https:\\\/\\\/danielonway.fr\\\/DanielOnWay\\\/lavande\\\/\"},\"wordCount\":328,\"publisher\":{\"@id\":\"https:\\\/\\\/danielonway.fr\\\/DanielOnWay\\\/#\\\/schema\\\/person\\\/4dab8f3634b87c1f28ae709f14913856\"},\"image\":{\"@id\":\"https:\\\/\\\/danielonway.fr\\\/DanielOnWay\\\/lavande\\\/#primaryimage\"},\"thumbnailUrl\":\"https:\\\/\\\/danielonway.fr\\\/DanielOnWay\\\/wp-content\\\/uploads\\\/2016\\\/10\\\/Lavandes-livre-Couv.png\",\"keywords\":[\"lavande\",\"livre\",\"paysage\",\"voyage\"],\"articleSection\":[\"Actualit\u00e9\"],\"inLanguage\":\"fr-FR\"},{\"@type\":\"WebPage\",\"@id\":\"https:\\\/\\\/danielonway.fr\\\/DanielOnWay\\\/lavande\\\/\",\"url\":\"https:\\\/\\\/danielonway.fr\\\/DanielOnWay\\\/lavande\\\/\",\"name\":\"Sortie du Livre : Lavandes - Collection Photographies\",\"isPartOf\":{\"@id\":\"https:\\\/\\\/danielonway.fr\\\/DanielOnWay\\\/#website\"},\"primaryImageOfPage\":{\"@id\":\"https:\\\/\\\/danielonway.fr\\\/DanielOnWay\\\/lavande\\\/#primaryimage\"},\"image\":{\"@id\":\"https:\\\/\\\/danielonway.fr\\\/DanielOnWay\\\/lavande\\\/#primaryimage\"},\"thumbnailUrl\":\"https:\\\/\\\/danielonway.fr\\\/DanielOnWay\\\/wp-content\\\/uploads\\\/2016\\\/10\\\/Lavandes-livre-Couv.png\",\"datePublished\":\"2016-10-25T18:20:51+00:00\",\"dateModified\":\"2017-11-07T07:09:41+00:00\",\"description\":\"Sortie aujourd'hui 25 Octobre 2016 de mon nouveau livre de photographies r\u00e9alis\u00e9es sur les plateaux de Valensole et Puimoisson en Haute Provence.\",\"breadcrumb\":{\"@id\":\"https:\\\/\\\/danielonway.fr\\\/DanielOnWay\\\/lavande\\\/#breadcrumb\"},\"inLanguage\":\"fr-FR\",\"potentialAction\":[{\"@type\":\"ReadAction\",\"target\":[\"https:\\\/\\\/danielonway.fr\\\/DanielOnWay\\\/lavande\\\/\"]}]},{\"@type\":\"ImageObject\",\"inLanguage\":\"fr-FR\",\"@id\":\"https:\\\/\\\/danielonway.fr\\\/DanielOnWay\\\/lavande\\\/#primaryimage\",\"url\":\"https:\\\/\\\/danielonway.fr\\\/DanielOnWay\\\/wp-content\\\/uploads\\\/2016\\\/10\\\/Lavandes-livre-Couv.png\",\"contentUrl\":\"https:\\\/\\\/danielonway.fr\\\/DanielOnWay\\\/wp-content\\\/uploads\\\/2016\\\/10\\\/Lavandes-livre-Couv.png\",\"width\":891,\"height\":717,\"caption\":\"Couverture de mon livre sur la culture de la Lavande dans le Lub\u00e9ron\"},{\"@type\":\"BreadcrumbList\",\"@id\":\"https:\\\/\\\/danielonway.fr\\\/DanielOnWay\\\/lavande\\\/#breadcrumb\",\"itemListElement\":[{\"@type\":\"ListItem\",\"position\":1,\"name\":\"Accueil\",\"item\":\"https:\\\/\\\/danielonway.fr\\\/DanielOnWay\\\/\"},{\"@type\":\"ListItem\",\"position\":2,\"name\":\"Actualit\u00e9\",\"item\":\"https:\\\/\\\/danielonway.fr\\\/DanielOnWay\\\/cat\u00e9gorie\\\/actualite\\\/\"},{\"@type\":\"ListItem\",\"position\":3,\"name\":\"Sortie du Livre : Lavandes &#8211; Collection Photographies\"}]},{\"@type\":\"WebSite\",\"@id\":\"https:\\\/\\\/danielonway.fr\\\/DanielOnWay\\\/#website\",\"url\":\"https:\\\/\\\/danielonway.fr\\\/DanielOnWay\\\/\",\"name\":\"DanielOnWay - Photographie - Vid\u00e9o - Drone\",\"description\":\"Photographie, Vid\u00e9o, Drone\",\"publisher\":{\"@id\":\"https:\\\/\\\/danielonway.fr\\\/DanielOnWay\\\/#\\\/schema\\\/person\\\/4dab8f3634b87c1f28ae709f14913856\"},\"potentialAction\":[{\"@type\":\"SearchAction\",\"target\":{\"@type\":\"EntryPoint\",\"urlTemplate\":\"https:\\\/\\\/danielonway.fr\\\/DanielOnWay\\\/?s={search_term_string}\"},\"query-input\":{\"@type\":\"PropertyValueSpecification\",\"valueRequired\":true,\"valueName\":\"search_term_string\"}}],\"inLanguage\":\"fr-FR\"},{\"@type\":[\"Person\",\"Organization\"],\"@id\":\"https:\\\/\\\/danielonway.fr\\\/DanielOnWay\\\/#\\\/schema\\\/person\\\/4dab8f3634b87c1f28ae709f14913856\",\"name\":\"Daniel BRUCHET\",\"image\":{\"@type\":\"ImageObject\",\"inLanguage\":\"fr-FR\",\"@id\":\"https:\\\/\\\/secure.gravatar.com\\\/avatar\\\/b0a60aec63b56e01b36ba7272efcfe1d156a9050fefa7813e995efe51b9a02b3?s=96&d=mm&r=g\",\"url\":\"https:\\\/\\\/secure.gravatar.com\\\/avatar\\\/b0a60aec63b56e01b36ba7272efcfe1d156a9050fefa7813e995efe51b9a02b3?s=96&d=mm&r=g\",\"contentUrl\":\"https:\\\/\\\/secure.gravatar.com\\\/avatar\\\/b0a60aec63b56e01b36ba7272efcfe1d156a9050fefa7813e995efe51b9a02b3?s=96&d=mm&r=g\",\"caption\":\"Daniel BRUCHET\"},\"logo\":{\"@id\":\"https:\\\/\\\/secure.gravatar.com\\\/avatar\\\/b0a60aec63b56e01b36ba7272efcfe1d156a9050fefa7813e995efe51b9a02b3?s=96&d=mm&r=g\"},\"description\":\"Administrateur Systeme - Principal r\u00e9dacteur\",\"sameAs\":[\"http:\\\/\\\/www.danielonway.fr\",\"https:\\\/\\\/www.facebook.com\\\/danielonway\",\"https:\\\/\\\/www.instagram.com\\\/danielonway.fr\\\/\",\"https:\\\/\\\/x.com\\\/danielonway\"],\"url\":\"https:\\\/\\\/danielonway.fr\\\/DanielOnWay\\\/author\\\/danielb\\\/\"}]}<\/script>\n<!-- \/ Yoast SEO plugin. -->","yoast_head_json":{"title":"Sortie du Livre : Lavandes - Collection Photographies","description":"Sortie aujourd'hui 25 Octobre 2016 de mon nouveau livre de photographies r\u00e9alis\u00e9es sur les plateaux de Valensole et Puimoisson en Haute Provence.","robots":{"index":"index","follow":"follow","max-snippet":"max-snippet:-1","max-image-preview":"max-image-preview:large","max-video-preview":"max-video-preview:-1"},"canonical":"https:\/\/danielonway.fr\/DanielOnWay\/lavande\/","og_locale":"fr_FR","og_type":"article","og_title":"Sortie du Livre : Lavandes - Collection Photographies","og_description":"Sortie aujourd'hui 25 Octobre 2016 de mon nouveau livre de photographies r\u00e9alis\u00e9es sur les plateaux de Valensole et Puimoisson en Haute Provence. Au gr\u00e9 des clich\u00e9s on d\u00e9couvrira la culture des deux esp\u00e8ces de lavandes - le lavandin et la lavande fine - en sillons rectilignes qui est un savoir-faire ancestral qui fa\u00e7onne les paysages de Provence et les plateaux de Valensole et Puimoisson en particuliers ...","og_url":"https:\/\/danielonway.fr\/DanielOnWay\/lavande\/","og_site_name":"DanielOnWay - Photographie - Vid\u00e9o - Drone","article_publisher":"https:\/\/www.facebook.com\/danielonway","article_author":"https:\/\/www.facebook.com\/danielonway","article_published_time":"2016-10-25T18:20:51+00:00","article_modified_time":"2017-11-07T07:09:41+00:00","og_image":[{"width":891,"height":717,"url":"https:\/\/danielonway.fr\/DanielOnWay\/wp-content\/uploads\/2016\/10\/Lavandes-livre-Couv.png","type":"image\/png"}],"author":"Daniel BRUCHET","twitter_card":"summary_large_image","twitter_title":"Sortie du Livre : Lavandes - Collection Photographies","twitter_description":"Sortie aujourd'hui 25 Octobre 2016 de mon nouveau livre de photographies r\u00e9alis\u00e9es sur les plateaux de Valensole et Puimoisson en Haute Provence. Au gr\u00e9 des clich\u00e9s on d\u00e9couvrira la culture des deux esp\u00e8ces de lavandes - le lavandin et la lavande fine - en sillons rectilignes qui est un savoir-faire ancestral qui fa\u00e7onne les paysages de Provence et les plateaux de Valensole et Puimoisson en particuliers ...","twitter_creator":"@danielonway","twitter_site":"@danielonway","twitter_misc":{"\u00c9crit par":"Daniel BRUCHET","Dur\u00e9e de lecture estim\u00e9e":"2 minutes"},"schema":{"@context":"https:\/\/schema.org","@graph":[{"@type":"Article","@id":"https:\/\/danielonway.fr\/DanielOnWay\/lavande\/#article","isPartOf":{"@id":"https:\/\/danielonway.fr\/DanielOnWay\/lavande\/"},"author":{"name":"Daniel BRUCHET","@id":"https:\/\/danielonway.fr\/DanielOnWay\/#\/schema\/person\/4dab8f3634b87c1f28ae709f14913856"},"headline":"Sortie du Livre : Lavandes &#8211; Collection Photographies","datePublished":"2016-10-25T18:20:51+00:00","dateModified":"2017-11-07T07:09:41+00:00","mainEntityOfPage":{"@id":"https:\/\/danielonway.fr\/DanielOnWay\/lavande\/"},"wordCount":328,"publisher":{"@id":"https:\/\/danielonway.fr\/DanielOnWay\/#\/schema\/person\/4dab8f3634b87c1f28ae709f14913856"},"image":{"@id":"https:\/\/danielonway.fr\/DanielOnWay\/lavande\/#primaryimage"},"thumbnailUrl":"https:\/\/danielonway.fr\/DanielOnWay\/wp-content\/uploads\/2016\/10\/Lavandes-livre-Couv.png","keywords":["lavande","livre","paysage","voyage"],"articleSection":["Actualit\u00e9"],"inLanguage":"fr-FR"},{"@type":"WebPage","@id":"https:\/\/danielonway.fr\/DanielOnWay\/lavande\/","url":"https:\/\/danielonway.fr\/DanielOnWay\/lavande\/","name":"Sortie du Livre : Lavandes - Collection Photographies","isPartOf":{"@id":"https:\/\/danielonway.fr\/DanielOnWay\/#website"},"primaryImageOfPage":{"@id":"https:\/\/danielonway.fr\/DanielOnWay\/lavande\/#primaryimage"},"image":{"@id":"https:\/\/danielonway.fr\/DanielOnWay\/lavande\/#primaryimage"},"thumbnailUrl":"https:\/\/danielonway.fr\/DanielOnWay\/wp-content\/uploads\/2016\/10\/Lavandes-livre-Couv.png","datePublished":"2016-10-25T18:20:51+00:00","dateModified":"2017-11-07T07:09:41+00:00","description":"Sortie aujourd'hui 25 Octobre 2016 de mon nouveau livre de photographies r\u00e9alis\u00e9es sur les plateaux de Valensole et Puimoisson en Haute Provence.","breadcrumb":{"@id":"https:\/\/danielonway.fr\/DanielOnWay\/lavande\/#breadcrumb"},"inLanguage":"fr-FR","potentialAction":[{"@type":"ReadAction","target":["https:\/\/danielonway.fr\/DanielOnWay\/lavande\/"]}]},{"@type":"ImageObject","inLanguage":"fr-FR","@id":"https:\/\/danielonway.fr\/DanielOnWay\/lavande\/#primaryimage","url":"https:\/\/danielonway.fr\/DanielOnWay\/wp-content\/uploads\/2016\/10\/Lavandes-livre-Couv.png","contentUrl":"https:\/\/danielonway.fr\/DanielOnWay\/wp-content\/uploads\/2016\/10\/Lavandes-livre-Couv.png","width":891,"height":717,"caption":"Couverture de mon livre sur la culture de la Lavande dans le Lub\u00e9ron"},{"@type":"BreadcrumbList","@id":"https:\/\/danielonway.fr\/DanielOnWay\/lavande\/#breadcrumb","itemListElement":[{"@type":"ListItem","position":1,"name":"Accueil","item":"https:\/\/danielonway.fr\/DanielOnWay\/"},{"@type":"ListItem","position":2,"name":"Actualit\u00e9","item":"https:\/\/danielonway.fr\/DanielOnWay\/cat\u00e9gorie\/actualite\/"},{"@type":"ListItem","position":3,"name":"Sortie du Livre : Lavandes &#8211; Collection Photographies"}]},{"@type":"WebSite","@id":"https:\/\/danielonway.fr\/DanielOnWay\/#website","url":"https:\/\/danielonway.fr\/DanielOnWay\/","name":"DanielOnWay - Photographie - Vid\u00e9o - Drone","description":"Photographie, Vid\u00e9o, Drone","publisher":{"@id":"https:\/\/danielonway.fr\/DanielOnWay\/#\/schema\/person\/4dab8f3634b87c1f28ae709f14913856"},"potentialAction":[{"@type":"SearchAction","target":{"@type":"EntryPoint","urlTemplate":"https:\/\/danielonway.fr\/DanielOnWay\/?s={search_term_string}"},"query-input":{"@type":"PropertyValueSpecification","valueRequired":true,"valueName":"search_term_string"}}],"inLanguage":"fr-FR"},{"@type":["Person","Organization"],"@id":"https:\/\/danielonway.fr\/DanielOnWay\/#\/schema\/person\/4dab8f3634b87c1f28ae709f14913856","name":"Daniel BRUCHET","image":{"@type":"ImageObject","inLanguage":"fr-FR","@id":"https:\/\/secure.gravatar.com\/avatar\/b0a60aec63b56e01b36ba7272efcfe1d156a9050fefa7813e995efe51b9a02b3?s=96&d=mm&r=g","url":"https:\/\/secure.gravatar.com\/avatar\/b0a60aec63b56e01b36ba7272efcfe1d156a9050fefa7813e995efe51b9a02b3?s=96&d=mm&r=g","contentUrl":"https:\/\/secure.gravatar.com\/avatar\/b0a60aec63b56e01b36ba7272efcfe1d156a9050fefa7813e995efe51b9a02b3?s=96&d=mm&r=g","caption":"Daniel BRUCHET"},"logo":{"@id":"https:\/\/secure.gravatar.com\/avatar\/b0a60aec63b56e01b36ba7272efcfe1d156a9050fefa7813e995efe51b9a02b3?s=96&d=mm&r=g"},"description":"Administrateur Systeme - Principal r\u00e9dacteur","sameAs":["http:\/\/www.danielonway.fr","https:\/\/www.facebook.com\/danielonway","https:\/\/www.instagram.com\/danielonway.fr\/","https:\/\/x.com\/danielonway"],"url":"https:\/\/danielonway.fr\/DanielOnWay\/author\/danielb\/"}]}},"_links":{"self":[{"href":"https:\/\/danielonway.fr\/DanielOnWay\/wp-json\/wp\/v2\/posts\/2294","targetHints":{"allow":["GET"]}}],"collection":[{"href":"https:\/\/danielonway.fr\/DanielOnWay\/wp-json\/wp\/v2\/posts"}],"about":[{"href":"https:\/\/danielonway.fr\/DanielOnWay\/wp-json\/wp\/v2\/types\/post"}],"author":[{"embeddable":true,"href":"https:\/\/danielonway.fr\/DanielOnWay\/wp-json\/wp\/v2\/users\/9"}],"replies":[{"embeddable":true,"href":"https:\/\/danielonway.fr\/DanielOnWay\/wp-json\/wp\/v2\/comments?post=2294"}],"version-history":[{"count":0,"href":"https:\/\/danielonway.fr\/DanielOnWay\/wp-json\/wp\/v2\/posts\/2294\/revisions"}],"wp:featuredmedia":[{"embeddable":true,"href":"https:\/\/danielonway.fr\/DanielOnWay\/wp-json\/wp\/v2\/media\/2308"}],"wp:attachment":[{"href":"https:\/\/danielonway.fr\/DanielOnWay\/wp-json\/wp\/v2\/media?parent=2294"}],"wp:term":[{"taxonomy":"category","embeddable":true,"href":"https:\/\/danielonway.fr\/DanielOnWay\/wp-json\/wp\/v2\/categories?post=2294"},{"taxonomy":"post_tag","embeddable":true,"href":"https:\/\/danielonway.fr\/DanielOnWay\/wp-json\/wp\/v2\/tags?post=2294"}],"curies":[{"name":"wp","href":"https:\/\/api.w.org\/{rel}","templated":true}]}}