{"id":5043,"date":"2017-09-22T08:15:48","date_gmt":"2017-09-22T06:15:48","guid":{"rendered":"http:\/\/danielonway.fr\/DanielOnWay\/?p=5043"},"modified":"2017-12-09T20:49:36","modified_gmt":"2017-12-09T19:49:36","slug":"aventure-drone-photo-video-crash","status":"publish","type":"post","link":"https:\/\/danielonway.fr\/DanielOnWay\/aventure-drone-photo-video-crash\/","title":{"rendered":"Mon Aventure Drone : Photos, Vid\u00e9os et&#8230; le Crash"},"content":{"rendered":"<p>[vc_row equal_height=\u00a0\u00bbyes\u00a0\u00bb][vc_column][vc_custom_heading text=\u00a0\u00bbN&rsquo;oubliez pas les fondamentaux\u00a0\u00bb font_container=\u00a0\u00bbtag:h2|font_size:24|text_align:left\u00a0\u00bb use_theme_fonts=\u00a0\u00bbyes\u00a0\u00bb css=\u00a0\u00bb.vc_custom_1505156240455{margin-bottom: 15px !important;padding-top: 25px !important;padding-right: 25px !important;padding-left: 25px !important;}\u00a0\u00bb][vc_column_text css=\u00a0\u00bb.vc_custom_1505735803065{padding-right: 15px !important;padding-bottom: 25px !important;padding-left: 15px !important;}\u00a0\u00bb]<\/p>\n<p style=\"text-align: justify;\">Cette semaine je vous donne des nouvelles de mon Aventure Drone. Durant le mois de juillet j\u2019ai partag\u00e9 avec vous des vid\u00e9os sur mon choix de drone, les \u00e9quipements de s\u00e9curit\u00e9, la r\u00e9glementation et puis mon premier vol. Depuis j\u2019ai vol\u00e9 \u00e0 plusieurs reprises et aujourd\u2019hui, je suis plus serein lors de mes sorties. J\u2019ai trouv\u00e9 une organisation pour mes vols afin de pouvoir garder le drone en vision directe et le piloter avec la radiocommande (ce qui est impos\u00e9 par la r\u00e9glementation) tout en ayant la vision de ce que je filme ou de ce que je prends en photo sur mon IPad. Je partagerai \u00e7a avec vous bient\u00f4t.<\/p>\n<p>[\/vc_column_text][\/vc_column][\/vc_row][vc_row][vc_column][vc_column_text]<!--more-->[\/vc_column_text][vc_text_separator title=\u00a0\u00bbRetrouvez la Vid\u00e9o du Tuto en fin d&rsquo;article\u00a0\u00bb i_icon_fontawesome=\u00a0\u00bbfa fa-info-circle\u00a0\u00bb i_color=\u00a0\u00bbblack\u00a0\u00bb i_background_style=\u00a0\u00bbrounded\u00a0\u00bb i_background_color=\u00a0\u00bbcustom\u00a0\u00bb i_size=\u00a0\u00bbsm\u00a0\u00bb color=\u00a0\u00bbchino\u00a0\u00bb border_width=\u00a0\u00bb3&Prime; add_icon=\u00a0\u00bbtrue\u00a0\u00bb i_custom_background_color=\u00a0\u00bb#dce8b1&Prime;][vc_column_text]Bien s\u00fbr, plus on vole sur simulateur d\u2019abord, puis en r\u00e9el ensuite et plus on acquiert de l\u2019exp\u00e9rience.<\/p>\n<div id=\"attachment_5084\" style=\"width: 310px\" class=\"wp-caption alignleft\"><img decoding=\"async\" aria-describedby=\"caption-attachment-5084\" class=\"wp-image-5084 size-medium\" src=\"http:\/\/danielonway.fr\/DanielOnWay\/wp-content\/uploads\/2017\/09\/DJI_46-300x200.jpg\" alt=\"Photo r\u00e9alis\u00e9e avec l'appareil photo du Drone DJI Phantom 3\" width=\"300\" height=\"200\" srcset=\"https:\/\/danielonway.fr\/DanielOnWay\/wp-content\/uploads\/2017\/09\/DJI_46-300x200.jpg 300w, https:\/\/danielonway.fr\/DanielOnWay\/wp-content\/uploads\/2017\/09\/DJI_46-768x512.jpg 768w, https:\/\/danielonway.fr\/DanielOnWay\/wp-content\/uploads\/2017\/09\/DJI_46.jpg 1024w\" sizes=\"(max-width: 300px) 100vw, 300px\" \/><p id=\"caption-attachment-5084\" class=\"wp-caption-text\"><small> Photo r\u00e9alis\u00e9e avec l&rsquo;appareil photo DJI Phantom 3<\/small><\/p><\/div>\n<p>Les premi\u00e8res sorties sont toujours tr\u00e8s excitantes et permettent de progresser.<\/p>\n<p>Dans la vid\u00e9o je vous fais d\u00e9couvrir mes premi\u00e8res sorties et les diff\u00e9rents tests que j\u2019ai pu faire en photo et en vid\u00e9o et \u00e0 la fin, je vais partager avec vous une erreur de d\u00e9butant qui m\u2019a amen\u00e9 au crash de mon drone.<\/p>\n<p>&nbsp;<\/p>\n<p>A force d\u2019entrainement j\u2019ai commenc\u00e9 \u00e0 prendre un peu plus confiance et \u00e0 effectuer des vols techniquement plus complexes avec la pr\u00e9sence d\u2019arbres proches, de rochers en aplomb. Je peux d\u00e9sormais d\u00e9coller \u00e0 partir d\u2019un simple chemin de terre entour\u00e9 d\u2019arbres. Depuis le sol je prends des photos et des vid\u00e9os gr\u00e2ce au retour cam\u00e9ra du drone sur mon IPad.\u00a0J\u2019ai pu tester la mise au point et la mesure de lumi\u00e8re en automatique. Les travellings vers le haut pour atteindre la cime des arbres, les travellings avant au ras du sol et les travellings arri\u00e8re, \u00e0 gauche ou \u00e0 droite ne me posent plus de probl\u00e8mes.<\/p>\n<p>J\u2019arrive de plus en plus \u00e0 ma\u00eetriser la nacelle et les mouvements de cam\u00e9ra depuis le sol.<\/p>\n<div id=\"attachment_5086\" style=\"width: 310px\" class=\"wp-caption alignright\"><img decoding=\"async\" aria-describedby=\"caption-attachment-5086\" class=\"wp-image-5086 size-medium\" src=\"http:\/\/danielonway.fr\/DanielOnWay\/wp-content\/uploads\/2017\/09\/DJI_67-300x200.jpg\" alt=\"Photo r\u00e9alis\u00e9e avec l'appareil photo du Drone DJI Phantom 3\" width=\"300\" height=\"200\" srcset=\"https:\/\/danielonway.fr\/DanielOnWay\/wp-content\/uploads\/2017\/09\/DJI_67-300x200.jpg 300w, https:\/\/danielonway.fr\/DanielOnWay\/wp-content\/uploads\/2017\/09\/DJI_67-768x512.jpg 768w, https:\/\/danielonway.fr\/DanielOnWay\/wp-content\/uploads\/2017\/09\/DJI_67.jpg 1024w\" sizes=\"(max-width: 300px) 100vw, 300px\" \/><p id=\"caption-attachment-5086\" class=\"wp-caption-text\"><small> Photo r\u00e9alis\u00e9e avec l&rsquo;appareil photo DJI Phantom 3<\/small><\/p><\/div>\n<p>J\u2019ai test\u00e9 les r\u00e9glages manuels, pas toujours r\u00e9ussis car plus complexes puisqu\u2019il faut \u00e0 la fois piloter et faire les r\u00e9glages photo ou cam\u00e9ra sur l\u2019IPad.\u00a0C\u2019est le d\u00e9but d\u2019une aventure fantastique.<\/p>\n<p>Et puis j\u2019ai commis une erreur de d\u00e9butant, un jour, en fin d\u2019apr\u00e8s-midi, le vent s\u2019est lev\u00e9 et est devenu bien trop fort pour voler. Je ne pouvais plus ma\u00eetriser le drone qui se faisait emporter par les rafales\u2026 jusqu\u2019au crash.<\/p>\n<p>Comme vous l\u2019avez vu, d\u00e8s que le vent a forci, j\u2019aurai d\u00fb atterrir et arr\u00eater le vol. Heureusement je n\u2019\u00e9tais pas tr\u00e8s haut et je pensais avoir la possibilit\u00e9 d\u2019atterrir. Mais le vent a une puissance telle qu\u2019il a compl\u00e8tement d\u00e9stabilis\u00e9 le drone et l\u2019a litt\u00e9ralement plaqu\u00e9 \u00e0 terre, sans que je puisse faire quoi que ce soit.<\/p>\n<p>Je m\u2019en tire avec simplement deux h\u00e9lices ab\u00eem\u00e9es qu\u2019il a fallu changer, mais les protections d\u2019h\u00e9lices que j\u2019avais install\u00e9 d\u00e8s l\u2019achat ont permis de minimiser la casse.<\/p>\n<p>Alors bien s\u00fbr, il faut tirer les le\u00e7ons de ses erreurs et ne pas h\u00e9siter \u00e0 s\u2019arr\u00eater d\u00e8s que les conditions de vol ne sont plus adapt\u00e9es.<\/p>\n<div id=\"attachment_5087\" style=\"width: 310px\" class=\"wp-caption alignleft\"><img decoding=\"async\" aria-describedby=\"caption-attachment-5087\" class=\"wp-image-5087 size-medium\" src=\"http:\/\/danielonway.fr\/DanielOnWay\/wp-content\/uploads\/2017\/09\/DJI_70-300x225.jpg\" alt=\"Photo r\u00e9alis\u00e9e avec l'appareil photo du Drone DJI Phantom 3\" width=\"300\" height=\"225\" srcset=\"https:\/\/danielonway.fr\/DanielOnWay\/wp-content\/uploads\/2017\/09\/DJI_70-300x225.jpg 300w, https:\/\/danielonway.fr\/DanielOnWay\/wp-content\/uploads\/2017\/09\/DJI_70-768x576.jpg 768w, https:\/\/danielonway.fr\/DanielOnWay\/wp-content\/uploads\/2017\/09\/DJI_70.jpg 1024w\" sizes=\"(max-width: 300px) 100vw, 300px\" \/><p id=\"caption-attachment-5087\" class=\"wp-caption-text\"><small> Photo r\u00e9alis\u00e9e avec l&rsquo;appareil photo DJI Phantom 3<\/small><\/p><\/div>\n<p>C\u2019est juste une question de bon sens que l\u2019euphorie fait parfois oublier.<\/p>\n<p>Avec cette exp\u00e9rience j\u2019ai aussi appris que lorsqu\u2019on est en for\u00eat ou en bord de rochers, ils peuvent constituer des abris au vent et si l\u2019on monte au-del\u00e0 de la cime des arbres ou au-dessus d\u2019une falaise, le vent peut alors se r\u00e9v\u00e9ler tr\u00e8s dangereux au point de d\u00e9stabiliser le drone.<\/p>\n<p>&nbsp;<\/p>\n<p>N\u2019h\u00e9sitez pas \u00e0 me faire part de vos commentaires sur le sujet, me dire comment vous proc\u00e9dez, quelle est votre propre m\u00e9thode, est ce que cet article vous a \u00e9t\u00e9 utile, bref n\u2019h\u00e9sitez pas \u00e0 enrichir le dialogue.<\/p>\n<p>Voil\u00e0 c\u2019est tout pour aujourd\u2019hui, si vous avez aim\u00e9 ce tuto n\u2019oubliez pas vous <a href=\"http:\/\/danielonway.fr\/DanielOnWay\/liste-contact\/\">abonner au site<\/a> et \u00e0 la <a href=\"https:\/\/www.youtube.com\/channel\/UCC7RiZsizDIOoJ91YYXD2xg\">chaine YouTube<\/a>\u00a0 pour voir les prochains tutos enti\u00e8rement gratuits.<\/p>\n<p>Rejoignez ma liste de contacts directement sur le <a href=\"http:\/\/danielonway.fr\/DanielOnWay\/liste-contact\/\">site DanielOnWay.fr<\/a> pour \u00eatre au courant de la vie du site et de ses r\u00e9seaux sociaux, <a href=\"http:\/\/danielonway.fr\/DanielOnWay\/liste-contact\/\">le lien est ici.<\/a><\/p>\n<p>&nbsp;<\/p>\n<p><span style=\"font-weight: bold;\">Et en attendant faites des photos !<\/span>[\/vc_column_text][\/vc_column][\/vc_row][vc_row][vc_column][bsf-info-box icon=\u00a0\u00bbDefaults-film\u00a0\u00bb icon_size=\u00a0\u00bb32&Prime; icon_color=\u00a0\u00bb#000000&Prime; icon_style=\u00a0\u00bbcircle\u00a0\u00bb icon_color_bg=\u00a0\u00bb#dce8b1&Prime; title=\u00a0\u00bbL&rsquo;article en Vid\u00e9o\u00a0\u00bb pos=\u00a0\u00bbleft\u00a0\u00bb heading_tag=\u00a0\u00bbh2&Prime;][\/bsf-info-box][vc_column_text]<iframe src=\"https:\/\/www.youtube.com\/embed\/1Vdt-7D4yKk\" width=\"560\" height=\"315\" frameborder=\"0\" allowfullscreen=\"allowfullscreen\"><\/iframe>[\/vc_column_text][\/vc_column][\/vc_row][vc_row][vc_column][bsf-info-box icon=\u00a0\u00bbDefaults-thumb-tack\u00a0\u00bb icon_size=\u00a0\u00bb32&Prime; icon_color=\u00a0\u00bb#000000&Prime; icon_style=\u00a0\u00bbcircle\u00a0\u00bb icon_color_bg=\u00a0\u00bb#dce8b1&Prime; title=\u00a0\u00bble Post-It &#8230;\u00a0\u00bb pos=\u00a0\u00bbleft\u00a0\u00bb heading_tag=\u00a0\u00bbh2&Prime;]Les trucs et astuces en lien avec le sujet de l&rsquo;article de la semaine[\/bsf-info-box][vc_column_text]Comme dans bien des domaines, il faut pr\u00eater attention \u00e0 l&rsquo;euphorie qui nous gagne lorsqu&rsquo;on est en train de faire quelque chose qui nous passionne au m\u00e9pris parfois des r\u00e8gles \u00e9l\u00e9mentaires de s\u00e9curit\u00e9. Le sujet de la vid\u00e9o de cette semaine est l\u00e0 pour nous le rappeler. Je souhaite que les exp\u00e9riences que je partage avec vous vous permettront d&rsquo;\u00e9viter les faux pas que j&rsquo;ai pu avoir dans mon apprentissage du pilotage de drone.[\/vc_column_text][\/vc_column][\/vc_row][vc_row][vc_column][bsf-info-box icon=\u00a0\u00bbDefaults-camera\u00a0\u00bb icon_size=\u00a0\u00bb32&Prime; icon_color=\u00a0\u00bb#000000&Prime; icon_style=\u00a0\u00bbcircle\u00a0\u00bb icon_color_bg=\u00a0\u00bb#dce8b1&Prime; title=\u00a0\u00bbParole de photographe &#8230;\u00a0\u00bb pos=\u00a0\u00bbleft\u00a0\u00bb heading_tag=\u00a0\u00bbh2&Prime;]Chaque semaine une citation des plus grands noms de la photo, pour vous inspirer[\/bsf-info-box][vc_column_text]Mon p\u00e8re m\u2019a dit cette phrase un jour \u00ab puisque tu ne sais pas parler, peut-\u00eatre que tu sauras regarder \u00bb.<\/p>\n<p>\u00ab\u00a0J\u2019ai fait des milliers de photos, mais j\u2019\u00e9tais tellement timide. J\u2019\u00e9tais timide comme un rat, vous ne pouvez pas savoir. Je photographiais, je photographiais. Et \u00e7a m\u2019a rendu un bon service car je regardais mieux. Capa m\u2019avait envoy\u00e9 prendre des photos d\u2019une ville qui s\u2019appelle Leeds. Je vais l\u00e0-bas avec un jeune journaliste. Au bout de quatre ou cinq jours le journaliste en a marre de se promener avec quelqu\u2019un qui ne parle pas. Alors il rentre \u00e0 Londres. Moi, \u00e0 ce moment l\u00e0, j\u2019\u00e9tais ravi : j\u2019\u00e9tais seul, je n\u2019avais \u00e0 parler \u00e0 personne. C\u2019est presque une caricature mais \u00e7a ne l\u2019\u00e9tait pas. C\u2019est parmi mes tr\u00e8s bonnes photos celles que j\u2019ai faites \u00e0 Leeds. Petit \u00e0 petit je me suis d\u00e9brouill\u00e9 \u00e0 parler, \u00e0 \u00eatre l\u00e0 o\u00f9 il fallait, plut\u00f4t que derri\u00e8re et plut\u00f4t qu&rsquo;ailleurs.\u00a0\u00bb<\/p>\n<p style=\"text-align: right;\"><strong>Marc Riboud<\/strong><\/p>\n<p>[\/vc_column_text][\/vc_column][\/vc_row][vc_row][vc_column][bsf-info-box icon=\u00a0\u00bbDefaults-cogs gears\u00a0\u00bb icon_size=\u00a0\u00bb32&Prime; icon_color=\u00a0\u00bb#000000&Prime; icon_style=\u00a0\u00bbcircle\u00a0\u00bb icon_color_bg=\u00a0\u00bb#dce8b1&Prime; title=\u00a0\u00bbL&rsquo;Atelier Cr\u00e9atif\u00a0\u00bb pos=\u00a0\u00bbleft\u00a0\u00bb heading_tag=\u00a0\u00bbh2&Prime;]Avec chaque publication un atelier photographique, un d\u00e9fi cr\u00e9atif ou une id\u00e9e pour nous inspirer et progresser.[\/bsf-info-box][vc_column_text]Cette semaine l&rsquo;atelier cr\u00e9atif vous propose de commencer une s\u00e9rie de ciels. Prenez diff\u00e9rents ciels clairs, bleu, avec des nuages tr\u00e8s blancs et des nuages plus gris voire noirs. Commencez par une premi\u00e8re s\u00e9rie de 12 clich\u00e9s. Nous aurons l&rsquo;occasion de voir dans le futur l&rsquo;usage que l&rsquo;on pourra avoir de ces clich\u00e9s. A vous ![\/vc_column_text][\/vc_column][\/vc_row]<\/p>\n","protected":false},"excerpt":{"rendered":"<p>Cette semaine on se retrouve pour parler de mon Aventure Drone. Durant le mois de juillet j\u2019ai partag\u00e9 avec vous des vid\u00e9os sur mon choix de drone, les \u00e9quipements de s\u00e9curit\u00e9, la r\u00e9glementation et puis mon premier vol. Depuis j\u2019ai vol\u00e9 \u00e0 plusieurs reprises et aujourd\u2019hui, je suis plus serein lors de mes sorties. J\u2019ai trouv\u00e9 une organisation pour mes vols afin de pouvoir garder le drone en vision directe et le piloter avec la radiocommande (ce qui est impos\u00e9 par la r\u00e9glementation) tout en ayant la vision de ce que je filme ou de ce que je prends en photo sur mon IPad. Je partagerai \u00e7a avec vous bient\u00f4t.<\/p>\n","protected":false},"author":9,"featured_media":5085,"comment_status":"closed","ping_status":"closed","sticky":false,"template":"","format":"standard","meta":{"footnotes":""},"categories":[69,118],"tags":[659,663,664,124,660,661,662],"class_list":["post-5043","post","type-post","status-publish","format-standard","has-post-thumbnail","hentry","category-actualite","category-test-produit","tag-drone","tag-drone-civil","tag-drone-civil-de-loisir","tag-materiel","tag-photographie-aerienne","tag-video","tag-video-aerienne"],"yoast_head":"<!-- This site is optimized with the Yoast SEO plugin v27.3 - https:\/\/yoast.com\/product\/yoast-seo-wordpress\/ -->\n<title>Mon Aventure Drone : Photos, Vid\u00e9os et... le Crash<\/title>\n<meta name=\"description\" content=\"Cette semaine on se retrouve pour parler de mon Aventure Drone. Durant le mois de juillet j\u2019ai partag\u00e9 avec vous des vid\u00e9os sur mon choix de drone, les \u00e9quipements de s\u00e9curit\u00e9, la r\u00e9glementation et puis mon premier vol.\" \/>\n<meta name=\"robots\" content=\"index, follow, max-snippet:-1, max-image-preview:large, max-video-preview:-1\" \/>\n<link rel=\"canonical\" href=\"https:\/\/danielonway.fr\/DanielOnWay\/aventure-drone-photo-video-crash\/\" \/>\n<meta property=\"og:locale\" content=\"fr_FR\" \/>\n<meta property=\"og:type\" content=\"article\" \/>\n<meta property=\"og:title\" content=\"Mon Aventure Drone : Photos, Vid\u00e9os et... le Crash\" \/>\n<meta property=\"og:description\" content=\"Cette semaine on se retrouve pour parler de mon Aventure Drone. Durant le mois de juillet j\u2019ai partag\u00e9 avec vous des vid\u00e9os sur mon choix de drone, les \u00e9quipements de s\u00e9curit\u00e9, la r\u00e9glementation et puis mon premier vol.\" \/>\n<meta property=\"og:url\" content=\"https:\/\/danielonway.fr\/DanielOnWay\/aventure-drone-photo-video-crash\/\" \/>\n<meta property=\"og:site_name\" content=\"DanielOnWay - Photographie - Vid\u00e9o - Drone\" \/>\n<meta property=\"article:publisher\" content=\"https:\/\/www.facebook.com\/danielonway\" \/>\n<meta property=\"article:author\" content=\"https:\/\/www.facebook.com\/danielonway\" \/>\n<meta property=\"article:published_time\" content=\"2017-09-22T06:15:48+00:00\" \/>\n<meta property=\"article:modified_time\" content=\"2017-12-09T19:49:36+00:00\" \/>\n<meta property=\"og:image\" content=\"https:\/\/danielonway.fr\/DanielOnWay\/wp-content\/uploads\/2017\/09\/DJI_64.jpg\" \/>\n\t<meta property=\"og:image:width\" content=\"1024\" \/>\n\t<meta property=\"og:image:height\" content=\"683\" \/>\n\t<meta property=\"og:image:type\" content=\"image\/jpeg\" \/>\n<meta name=\"author\" content=\"Daniel BRUCHET\" \/>\n<meta name=\"twitter:card\" content=\"summary_large_image\" \/>\n<meta name=\"twitter:creator\" content=\"@danielonway\" \/>\n<meta name=\"twitter:site\" content=\"@danielonway\" \/>\n<meta name=\"twitter:label1\" content=\"\u00c9crit par\" \/>\n\t<meta name=\"twitter:data1\" content=\"Daniel BRUCHET\" \/>\n\t<meta name=\"twitter:label2\" content=\"Dur\u00e9e de lecture estim\u00e9e\" \/>\n\t<meta name=\"twitter:data2\" content=\"7 minutes\" \/>\n<script type=\"application\/ld+json\" class=\"yoast-schema-graph\">{\"@context\":\"https:\\\/\\\/schema.org\",\"@graph\":[{\"@type\":\"Article\",\"@id\":\"https:\\\/\\\/danielonway.fr\\\/DanielOnWay\\\/aventure-drone-photo-video-crash\\\/#article\",\"isPartOf\":{\"@id\":\"https:\\\/\\\/danielonway.fr\\\/DanielOnWay\\\/aventure-drone-photo-video-crash\\\/\"},\"author\":{\"name\":\"Daniel BRUCHET\",\"@id\":\"https:\\\/\\\/danielonway.fr\\\/DanielOnWay\\\/#\\\/schema\\\/person\\\/4dab8f3634b87c1f28ae709f14913856\"},\"headline\":\"Mon Aventure Drone : Photos, Vid\u00e9os et&#8230; le Crash\",\"datePublished\":\"2017-09-22T06:15:48+00:00\",\"dateModified\":\"2017-12-09T19:49:36+00:00\",\"mainEntityOfPage\":{\"@id\":\"https:\\\/\\\/danielonway.fr\\\/DanielOnWay\\\/aventure-drone-photo-video-crash\\\/\"},\"wordCount\":1481,\"publisher\":{\"@id\":\"https:\\\/\\\/danielonway.fr\\\/DanielOnWay\\\/#\\\/schema\\\/person\\\/4dab8f3634b87c1f28ae709f14913856\"},\"image\":{\"@id\":\"https:\\\/\\\/danielonway.fr\\\/DanielOnWay\\\/aventure-drone-photo-video-crash\\\/#primaryimage\"},\"thumbnailUrl\":\"https:\\\/\\\/danielonway.fr\\\/DanielOnWay\\\/wp-content\\\/uploads\\\/2017\\\/09\\\/DJI_64.jpg\",\"keywords\":[\"Drone\",\"drone civil\",\"drone civil de loisir\",\"mat\u00e9riel\",\"Photographie a\u00e9rienne\",\"Vid\u00e9o\",\"Vid\u00e9o a\u00e9rienne\"],\"articleSection\":[\"Actualit\u00e9\",\"Test Produit\"],\"inLanguage\":\"fr-FR\"},{\"@type\":\"WebPage\",\"@id\":\"https:\\\/\\\/danielonway.fr\\\/DanielOnWay\\\/aventure-drone-photo-video-crash\\\/\",\"url\":\"https:\\\/\\\/danielonway.fr\\\/DanielOnWay\\\/aventure-drone-photo-video-crash\\\/\",\"name\":\"Mon Aventure Drone : Photos, Vid\u00e9os et... le Crash\",\"isPartOf\":{\"@id\":\"https:\\\/\\\/danielonway.fr\\\/DanielOnWay\\\/#website\"},\"primaryImageOfPage\":{\"@id\":\"https:\\\/\\\/danielonway.fr\\\/DanielOnWay\\\/aventure-drone-photo-video-crash\\\/#primaryimage\"},\"image\":{\"@id\":\"https:\\\/\\\/danielonway.fr\\\/DanielOnWay\\\/aventure-drone-photo-video-crash\\\/#primaryimage\"},\"thumbnailUrl\":\"https:\\\/\\\/danielonway.fr\\\/DanielOnWay\\\/wp-content\\\/uploads\\\/2017\\\/09\\\/DJI_64.jpg\",\"datePublished\":\"2017-09-22T06:15:48+00:00\",\"dateModified\":\"2017-12-09T19:49:36+00:00\",\"description\":\"Cette semaine on se retrouve pour parler de mon Aventure Drone. Durant le mois de juillet j\u2019ai partag\u00e9 avec vous des vid\u00e9os sur mon choix de drone, les \u00e9quipements de s\u00e9curit\u00e9, la r\u00e9glementation et puis mon premier vol.\",\"breadcrumb\":{\"@id\":\"https:\\\/\\\/danielonway.fr\\\/DanielOnWay\\\/aventure-drone-photo-video-crash\\\/#breadcrumb\"},\"inLanguage\":\"fr-FR\",\"potentialAction\":[{\"@type\":\"ReadAction\",\"target\":[\"https:\\\/\\\/danielonway.fr\\\/DanielOnWay\\\/aventure-drone-photo-video-crash\\\/\"]}]},{\"@type\":\"ImageObject\",\"inLanguage\":\"fr-FR\",\"@id\":\"https:\\\/\\\/danielonway.fr\\\/DanielOnWay\\\/aventure-drone-photo-video-crash\\\/#primaryimage\",\"url\":\"https:\\\/\\\/danielonway.fr\\\/DanielOnWay\\\/wp-content\\\/uploads\\\/2017\\\/09\\\/DJI_64.jpg\",\"contentUrl\":\"https:\\\/\\\/danielonway.fr\\\/DanielOnWay\\\/wp-content\\\/uploads\\\/2017\\\/09\\\/DJI_64.jpg\",\"width\":1024,\"height\":683,\"caption\":\"Photo 3 Drone DJI\"},{\"@type\":\"BreadcrumbList\",\"@id\":\"https:\\\/\\\/danielonway.fr\\\/DanielOnWay\\\/aventure-drone-photo-video-crash\\\/#breadcrumb\",\"itemListElement\":[{\"@type\":\"ListItem\",\"position\":1,\"name\":\"Accueil\",\"item\":\"https:\\\/\\\/danielonway.fr\\\/DanielOnWay\\\/\"},{\"@type\":\"ListItem\",\"position\":2,\"name\":\"Actualit\u00e9\",\"item\":\"https:\\\/\\\/danielonway.fr\\\/DanielOnWay\\\/cat\u00e9gorie\\\/actualite\\\/\"},{\"@type\":\"ListItem\",\"position\":3,\"name\":\"Mon Aventure Drone : Photos, Vid\u00e9os et&#8230; le Crash\"}]},{\"@type\":\"WebSite\",\"@id\":\"https:\\\/\\\/danielonway.fr\\\/DanielOnWay\\\/#website\",\"url\":\"https:\\\/\\\/danielonway.fr\\\/DanielOnWay\\\/\",\"name\":\"DanielOnWay - Photographie - Vid\u00e9o - Drone\",\"description\":\"Photographie, Vid\u00e9o, Drone\",\"publisher\":{\"@id\":\"https:\\\/\\\/danielonway.fr\\\/DanielOnWay\\\/#\\\/schema\\\/person\\\/4dab8f3634b87c1f28ae709f14913856\"},\"potentialAction\":[{\"@type\":\"SearchAction\",\"target\":{\"@type\":\"EntryPoint\",\"urlTemplate\":\"https:\\\/\\\/danielonway.fr\\\/DanielOnWay\\\/?s={search_term_string}\"},\"query-input\":{\"@type\":\"PropertyValueSpecification\",\"valueRequired\":true,\"valueName\":\"search_term_string\"}}],\"inLanguage\":\"fr-FR\"},{\"@type\":[\"Person\",\"Organization\"],\"@id\":\"https:\\\/\\\/danielonway.fr\\\/DanielOnWay\\\/#\\\/schema\\\/person\\\/4dab8f3634b87c1f28ae709f14913856\",\"name\":\"Daniel BRUCHET\",\"image\":{\"@type\":\"ImageObject\",\"inLanguage\":\"fr-FR\",\"@id\":\"https:\\\/\\\/secure.gravatar.com\\\/avatar\\\/b0a60aec63b56e01b36ba7272efcfe1d156a9050fefa7813e995efe51b9a02b3?s=96&d=mm&r=g\",\"url\":\"https:\\\/\\\/secure.gravatar.com\\\/avatar\\\/b0a60aec63b56e01b36ba7272efcfe1d156a9050fefa7813e995efe51b9a02b3?s=96&d=mm&r=g\",\"contentUrl\":\"https:\\\/\\\/secure.gravatar.com\\\/avatar\\\/b0a60aec63b56e01b36ba7272efcfe1d156a9050fefa7813e995efe51b9a02b3?s=96&d=mm&r=g\",\"caption\":\"Daniel BRUCHET\"},\"logo\":{\"@id\":\"https:\\\/\\\/secure.gravatar.com\\\/avatar\\\/b0a60aec63b56e01b36ba7272efcfe1d156a9050fefa7813e995efe51b9a02b3?s=96&d=mm&r=g\"},\"description\":\"Administrateur Systeme - Principal r\u00e9dacteur\",\"sameAs\":[\"http:\\\/\\\/www.danielonway.fr\",\"https:\\\/\\\/www.facebook.com\\\/danielonway\",\"https:\\\/\\\/www.instagram.com\\\/danielonway.fr\\\/\",\"https:\\\/\\\/x.com\\\/danielonway\"],\"url\":\"https:\\\/\\\/danielonway.fr\\\/DanielOnWay\\\/author\\\/danielb\\\/\"}]}<\/script>\n<!-- \/ Yoast SEO plugin. -->","yoast_head_json":{"title":"Mon Aventure Drone : Photos, Vid\u00e9os et... le Crash","description":"Cette semaine on se retrouve pour parler de mon Aventure Drone. Durant le mois de juillet j\u2019ai partag\u00e9 avec vous des vid\u00e9os sur mon choix de drone, les \u00e9quipements de s\u00e9curit\u00e9, la r\u00e9glementation et puis mon premier vol.","robots":{"index":"index","follow":"follow","max-snippet":"max-snippet:-1","max-image-preview":"max-image-preview:large","max-video-preview":"max-video-preview:-1"},"canonical":"https:\/\/danielonway.fr\/DanielOnWay\/aventure-drone-photo-video-crash\/","og_locale":"fr_FR","og_type":"article","og_title":"Mon Aventure Drone : Photos, Vid\u00e9os et... le Crash","og_description":"Cette semaine on se retrouve pour parler de mon Aventure Drone. Durant le mois de juillet j\u2019ai partag\u00e9 avec vous des vid\u00e9os sur mon choix de drone, les \u00e9quipements de s\u00e9curit\u00e9, la r\u00e9glementation et puis mon premier vol.","og_url":"https:\/\/danielonway.fr\/DanielOnWay\/aventure-drone-photo-video-crash\/","og_site_name":"DanielOnWay - Photographie - Vid\u00e9o - Drone","article_publisher":"https:\/\/www.facebook.com\/danielonway","article_author":"https:\/\/www.facebook.com\/danielonway","article_published_time":"2017-09-22T06:15:48+00:00","article_modified_time":"2017-12-09T19:49:36+00:00","og_image":[{"width":1024,"height":683,"url":"https:\/\/danielonway.fr\/DanielOnWay\/wp-content\/uploads\/2017\/09\/DJI_64.jpg","type":"image\/jpeg"}],"author":"Daniel BRUCHET","twitter_card":"summary_large_image","twitter_creator":"@danielonway","twitter_site":"@danielonway","twitter_misc":{"\u00c9crit par":"Daniel BRUCHET","Dur\u00e9e de lecture estim\u00e9e":"7 minutes"},"schema":{"@context":"https:\/\/schema.org","@graph":[{"@type":"Article","@id":"https:\/\/danielonway.fr\/DanielOnWay\/aventure-drone-photo-video-crash\/#article","isPartOf":{"@id":"https:\/\/danielonway.fr\/DanielOnWay\/aventure-drone-photo-video-crash\/"},"author":{"name":"Daniel BRUCHET","@id":"https:\/\/danielonway.fr\/DanielOnWay\/#\/schema\/person\/4dab8f3634b87c1f28ae709f14913856"},"headline":"Mon Aventure Drone : Photos, Vid\u00e9os et&#8230; le Crash","datePublished":"2017-09-22T06:15:48+00:00","dateModified":"2017-12-09T19:49:36+00:00","mainEntityOfPage":{"@id":"https:\/\/danielonway.fr\/DanielOnWay\/aventure-drone-photo-video-crash\/"},"wordCount":1481,"publisher":{"@id":"https:\/\/danielonway.fr\/DanielOnWay\/#\/schema\/person\/4dab8f3634b87c1f28ae709f14913856"},"image":{"@id":"https:\/\/danielonway.fr\/DanielOnWay\/aventure-drone-photo-video-crash\/#primaryimage"},"thumbnailUrl":"https:\/\/danielonway.fr\/DanielOnWay\/wp-content\/uploads\/2017\/09\/DJI_64.jpg","keywords":["Drone","drone civil","drone civil de loisir","mat\u00e9riel","Photographie a\u00e9rienne","Vid\u00e9o","Vid\u00e9o a\u00e9rienne"],"articleSection":["Actualit\u00e9","Test Produit"],"inLanguage":"fr-FR"},{"@type":"WebPage","@id":"https:\/\/danielonway.fr\/DanielOnWay\/aventure-drone-photo-video-crash\/","url":"https:\/\/danielonway.fr\/DanielOnWay\/aventure-drone-photo-video-crash\/","name":"Mon Aventure Drone : Photos, Vid\u00e9os et... le Crash","isPartOf":{"@id":"https:\/\/danielonway.fr\/DanielOnWay\/#website"},"primaryImageOfPage":{"@id":"https:\/\/danielonway.fr\/DanielOnWay\/aventure-drone-photo-video-crash\/#primaryimage"},"image":{"@id":"https:\/\/danielonway.fr\/DanielOnWay\/aventure-drone-photo-video-crash\/#primaryimage"},"thumbnailUrl":"https:\/\/danielonway.fr\/DanielOnWay\/wp-content\/uploads\/2017\/09\/DJI_64.jpg","datePublished":"2017-09-22T06:15:48+00:00","dateModified":"2017-12-09T19:49:36+00:00","description":"Cette semaine on se retrouve pour parler de mon Aventure Drone. Durant le mois de juillet j\u2019ai partag\u00e9 avec vous des vid\u00e9os sur mon choix de drone, les \u00e9quipements de s\u00e9curit\u00e9, la r\u00e9glementation et puis mon premier vol.","breadcrumb":{"@id":"https:\/\/danielonway.fr\/DanielOnWay\/aventure-drone-photo-video-crash\/#breadcrumb"},"inLanguage":"fr-FR","potentialAction":[{"@type":"ReadAction","target":["https:\/\/danielonway.fr\/DanielOnWay\/aventure-drone-photo-video-crash\/"]}]},{"@type":"ImageObject","inLanguage":"fr-FR","@id":"https:\/\/danielonway.fr\/DanielOnWay\/aventure-drone-photo-video-crash\/#primaryimage","url":"https:\/\/danielonway.fr\/DanielOnWay\/wp-content\/uploads\/2017\/09\/DJI_64.jpg","contentUrl":"https:\/\/danielonway.fr\/DanielOnWay\/wp-content\/uploads\/2017\/09\/DJI_64.jpg","width":1024,"height":683,"caption":"Photo 3 Drone DJI"},{"@type":"BreadcrumbList","@id":"https:\/\/danielonway.fr\/DanielOnWay\/aventure-drone-photo-video-crash\/#breadcrumb","itemListElement":[{"@type":"ListItem","position":1,"name":"Accueil","item":"https:\/\/danielonway.fr\/DanielOnWay\/"},{"@type":"ListItem","position":2,"name":"Actualit\u00e9","item":"https:\/\/danielonway.fr\/DanielOnWay\/cat\u00e9gorie\/actualite\/"},{"@type":"ListItem","position":3,"name":"Mon Aventure Drone : Photos, Vid\u00e9os et&#8230; le Crash"}]},{"@type":"WebSite","@id":"https:\/\/danielonway.fr\/DanielOnWay\/#website","url":"https:\/\/danielonway.fr\/DanielOnWay\/","name":"DanielOnWay - Photographie - Vid\u00e9o - Drone","description":"Photographie, Vid\u00e9o, Drone","publisher":{"@id":"https:\/\/danielonway.fr\/DanielOnWay\/#\/schema\/person\/4dab8f3634b87c1f28ae709f14913856"},"potentialAction":[{"@type":"SearchAction","target":{"@type":"EntryPoint","urlTemplate":"https:\/\/danielonway.fr\/DanielOnWay\/?s={search_term_string}"},"query-input":{"@type":"PropertyValueSpecification","valueRequired":true,"valueName":"search_term_string"}}],"inLanguage":"fr-FR"},{"@type":["Person","Organization"],"@id":"https:\/\/danielonway.fr\/DanielOnWay\/#\/schema\/person\/4dab8f3634b87c1f28ae709f14913856","name":"Daniel BRUCHET","image":{"@type":"ImageObject","inLanguage":"fr-FR","@id":"https:\/\/secure.gravatar.com\/avatar\/b0a60aec63b56e01b36ba7272efcfe1d156a9050fefa7813e995efe51b9a02b3?s=96&d=mm&r=g","url":"https:\/\/secure.gravatar.com\/avatar\/b0a60aec63b56e01b36ba7272efcfe1d156a9050fefa7813e995efe51b9a02b3?s=96&d=mm&r=g","contentUrl":"https:\/\/secure.gravatar.com\/avatar\/b0a60aec63b56e01b36ba7272efcfe1d156a9050fefa7813e995efe51b9a02b3?s=96&d=mm&r=g","caption":"Daniel BRUCHET"},"logo":{"@id":"https:\/\/secure.gravatar.com\/avatar\/b0a60aec63b56e01b36ba7272efcfe1d156a9050fefa7813e995efe51b9a02b3?s=96&d=mm&r=g"},"description":"Administrateur Systeme - Principal r\u00e9dacteur","sameAs":["http:\/\/www.danielonway.fr","https:\/\/www.facebook.com\/danielonway","https:\/\/www.instagram.com\/danielonway.fr\/","https:\/\/x.com\/danielonway"],"url":"https:\/\/danielonway.fr\/DanielOnWay\/author\/danielb\/"}]}},"_links":{"self":[{"href":"https:\/\/danielonway.fr\/DanielOnWay\/wp-json\/wp\/v2\/posts\/5043","targetHints":{"allow":["GET"]}}],"collection":[{"href":"https:\/\/danielonway.fr\/DanielOnWay\/wp-json\/wp\/v2\/posts"}],"about":[{"href":"https:\/\/danielonway.fr\/DanielOnWay\/wp-json\/wp\/v2\/types\/post"}],"author":[{"embeddable":true,"href":"https:\/\/danielonway.fr\/DanielOnWay\/wp-json\/wp\/v2\/users\/9"}],"replies":[{"embeddable":true,"href":"https:\/\/danielonway.fr\/DanielOnWay\/wp-json\/wp\/v2\/comments?post=5043"}],"version-history":[{"count":0,"href":"https:\/\/danielonway.fr\/DanielOnWay\/wp-json\/wp\/v2\/posts\/5043\/revisions"}],"wp:featuredmedia":[{"embeddable":true,"href":"https:\/\/danielonway.fr\/DanielOnWay\/wp-json\/wp\/v2\/media\/5085"}],"wp:attachment":[{"href":"https:\/\/danielonway.fr\/DanielOnWay\/wp-json\/wp\/v2\/media?parent=5043"}],"wp:term":[{"taxonomy":"category","embeddable":true,"href":"https:\/\/danielonway.fr\/DanielOnWay\/wp-json\/wp\/v2\/categories?post=5043"},{"taxonomy":"post_tag","embeddable":true,"href":"https:\/\/danielonway.fr\/DanielOnWay\/wp-json\/wp\/v2\/tags?post=5043"}],"curies":[{"name":"wp","href":"https:\/\/api.w.org\/{rel}","templated":true}]}}