{"id":5246,"date":"2017-10-20T15:15:11","date_gmt":"2017-10-20T13:15:11","guid":{"rendered":"http:\/\/danielonway.fr\/DanielOnWay\/?p=5246"},"modified":"2017-12-09T20:43:02","modified_gmt":"2017-12-09T19:43:02","slug":"gerer-phototheque-apple-photos","status":"publish","type":"post","link":"https:\/\/danielonway.fr\/DanielOnWay\/gerer-phototheque-apple-photos\/","title":{"rendered":"G\u00e9rer sa phototh\u00e8que avec le logiciel de gestion de photos et vid\u00e9os d&rsquo;Apple :  Photos &#8211; Chapitre 1"},"content":{"rendered":"<p>[vc_row equal_height=\u00a0\u00bbyes\u00a0\u00bb][vc_column][vc_custom_heading text=\u00a0\u00bbApple Photos\u00a0\u00bb font_container=\u00a0\u00bbtag:h2|font_size:24|text_align:left\u00a0\u00bb use_theme_fonts=\u00a0\u00bbyes\u00a0\u00bb css=\u00a0\u00bb.vc_custom_1508445931750{margin-bottom: 15px !important;padding-top: 25px !important;padding-right: 25px !important;padding-left: 25px !important;}\u00a0\u00bb][vc_column_text css=\u00a0\u00bb.vc_custom_1508448764422{padding-right: 15px !important;padding-bottom: 25px !important;padding-left: 15px !important;}\u00a0\u00bb]Bonjour, cette semaine on se retrouve pour une s\u00e9rie de tutos sur le logiciel d\u2019Apple Photos.<br \/>\nDans les prochaines semaines tous les sites de photo vous parlerons des nouvelles versions de Lightroom CC et Lightroom Classic CC. La licence perp\u00e9tuelle pour Lightroom n&rsquo;existe plus, il ne reste que la solution de l&rsquo;abonnement, c\u2019est pourquoi j\u2019ai pens\u00e9 qu\u2019il serait int\u00e9ressant de regarder de plus pr\u00e8s cet outil fourni gratuitement par Apple avec son syst\u00e8me d\u2019exploitation Mac OS pour Macs et iOs pour l\u2019iPhone et l\u2019iPad.<br \/>\nPhotos est l&rsquo;application de gestion des photos et des vid\u00e9os propos\u00e9 par Apple qui a remplac\u00e9 iPhoto et Aperture.<br \/>\nNous verrons au travers de cette s\u00e9rie de tutos qu\u2019il r\u00e9pond d\u00e9j\u00e0 \u00e0 de nombreux besoins de gestion d\u2019une phototh\u00e8que mais offre aussi une interface de traitement des photos vraiment digne d\u2019int\u00e9r\u00eat. On pourra de plus utiliser des outils tiers de traitement de photo comme Photoshop et la suite des anciens logiciels Nik Software repris par Google comme Silver Efex Pro 2 par exemple.[\/vc_column_text][\/vc_column][\/vc_row][vc_row][vc_column][vc_column_text]<!--more-->[\/vc_column_text][vc_text_separator title=\u00a0\u00bbRetrouvez la Vid\u00e9o du Tuto en fin d&rsquo;article\u00a0\u00bb i_icon_fontawesome=\u00a0\u00bbfa fa-info-circle\u00a0\u00bb i_color=\u00a0\u00bbblack\u00a0\u00bb i_background_style=\u00a0\u00bbrounded\u00a0\u00bb i_background_color=\u00a0\u00bbcustom\u00a0\u00bb i_size=\u00a0\u00bbsm\u00a0\u00bb color=\u00a0\u00bbchino\u00a0\u00bb border_width=\u00a0\u00bb3&Prime; add_icon=\u00a0\u00bbtrue\u00a0\u00bb i_custom_background_color=\u00a0\u00bb#dce8b1&Prime;][vc_column_text]<\/p>\n<h2>Pr\u00e9sentation<\/h2>\n<p>Lorsqu\u2019on ouvre Photos sous Mac OS high Sierra la derni\u00e8re version est la version 3.<\/p>\n<div id=\"attachment_5258\" style=\"width: 79px\" class=\"wp-caption alignleft\"><img decoding=\"async\" aria-describedby=\"caption-attachment-5258\" class=\"wp-image-5258 size-full\" src=\"http:\/\/danielonway.fr\/DanielOnWay\/wp-content\/uploads\/2017\/10\/Rond_Vert_ModePleinEcran.png\" alt=\"Rond Vert Mode Plein Ecran\" width=\"69\" height=\"34\" \/><p id=\"caption-attachment-5258\" class=\"wp-caption-text\"><small> Rond Vert Mode Plein Ecran<\/small><\/p><\/div>\n<p>La nouvelle interface int\u00e8gre la barre lat\u00e9rale \u00e0 gauche comme dans le finder. Sous la barre de menu se trouve la barre d\u2019outils. Il est possible d\u2019avoir Photos en plein \u00e9cran en cliquant sur le point vert. S\u2019il est dot\u00e9 de deux fl\u00e8ches le mode plein \u00e9cran sera complet c\u2019est \u00e0 dire sans la barre de menu. On sort de ce mode avec la touche ESC ou en tapant le bord haut de l\u2019\u00e9cran avec le pointeur de la souris pour faire r\u00e9appara\u00eetre la barre de menu. Si vous souhaitez \u00eatre en plein \u00e9cran mais avec la barre de menu apparente, il faut maintenir la touche Alt\/Option pour cliquer sur le bouton vert qui prendra alors la forme d\u2019une croix. On est alors dans un mode plein \u00e9cran partiel qui affiche la barre de menu. On sort de ce mode de la m\u00eame fa\u00e7on qu\u2019on y est entr\u00e9 c\u2019est \u00e0 dire en maintenant la touche Alt\/Option en en cliquant sur le bouton vert.<\/p>\n<div id=\"attachment_5257\" style=\"width: 80px\" class=\"wp-caption alignright\"><img decoding=\"async\" aria-describedby=\"caption-attachment-5257\" class=\"wp-image-5257 size-full\" src=\"http:\/\/danielonway.fr\/DanielOnWay\/wp-content\/uploads\/2017\/10\/Rond_Vert_Alt_ModePleinEcran.png\" alt=\"Rond Vert+Alt Mode Plein Ecran Partiel\" width=\"70\" height=\"67\" \/><p id=\"caption-attachment-5257\" class=\"wp-caption-text\"><small> Rond Vert+Alt Mode Plein Ecran Partiel<\/small><\/p><\/div>\n<p>Si vous n\u2019appuyez pas sur Alt\/Option vous passer en mode plein \u00e9cran complet.<\/p>\n<p>Il est possible de gagner encore plus de place en masquant le dock dans les pr\u00e9f\u00e9rences Syst\u00e8me \/ Dock \/ Masquer\/ afficher automatiquement le Dock. Pour r\u00e9-afficher le dock, il suffira de placer le pointeur de la souris au bas de l\u2019\u00e9cran.<br \/>\nVous obtenez ainsi un plein \u00e9cran total sur toute la surface de votre \u00e9cran.<\/p>\n<h2>Au centre de la barre d\u2019outil se trouvent 4 boutons.<\/h2>\n<h3>Le bouton du mode de pr\u00e9sentation Photos<\/h3>\n<p>Il permet de voir l\u2019ensemble des photos de votre phototh\u00e8que. Les dates affich\u00e9es dans ce mode correspondent \u00e0 la premi\u00e8re et \u00e0 la derni\u00e8re photo affich\u00e9e. Juste en dessous se trouve un compteur d\u2019\u00e9l\u00e9ments puisque la phototh\u00e8que peut contenir des photos, des live-photo mais aussi des vid\u00e9os.<br \/>\nEn se d\u00e9pla\u00e7ant avec l\u2019ascenseur les dates se modifient en cons\u00e9quence. Sur la droite se trouve une liste d\u00e9roulante permettant d\u2019appliquer des filtres directement et permet ainsi de retrouver facilement un ou des \u00e9l\u00e9ments particuliers. Ces filtres sont cumulatifs c\u2019est \u00e0 dire qu\u2019ils permettent de composer un filtre multi-crit\u00e8res. Par d\u00e9faut aucun filtre n\u2019est appliqu\u00e9 et donc l\u2019option \u00ab\u00a0Toutes les photos\u00a0\u00bb est s\u00e9lectionn\u00e9. Par exemple on pourra poser un filtre permettant de n\u2019avoir \u00e0 l\u2019\u00e9cran que les photos qui ont \u00e9t\u00e9 modifi\u00e9es et qui sont en favoris.<br \/>\nDans la barre de menu \u00e0 gauche se trouve un curseur qui permet de changer le format des vignettes affich\u00e9es.<\/p>\n<h3>Le bouton du mode de pr\u00e9sentation Moments<\/h3>\n<p>Il permet de regrouper les photos prises au m\u00eame moment et au m\u00eame endroit. Dans mon cas ce sera par exemple la journ\u00e9e du 11 f\u00e9vrier \u00e0 Vichy ou les vid\u00e9os de \u00ab\u00a0La Tremblade\u00a0\u00bb le 4 Ao\u00fbt.<br \/>\nCette pr\u00e9sentation permet de modifier la taille des vignettes affich\u00e9es et permet aussi d\u2019utiliser la liste d\u00e9roulante des filtres.<\/p>\n<h3>Le bouton du mode de pr\u00e9sentation Collections<\/h3>\n<p>Il regroupe des \u00e9l\u00e9ments ayant un point commun par exemple, les photos prises en Languedoc-Roussillon, en Provence-Alpes-C\u00f4te d\u2019Azur , en Auvergne, en Poitou-Charentes, en Rh\u00f4ne-Alpes.<br \/>\nDans ce mode les vignettes sont au format carr\u00e9 et peuvent \u00eatre pr\u00e9sent\u00e9es sous forme plus compacte en changeant ce param\u00e8tre dans les pr\u00e9f\u00e9rences : Photo \/ R\u00e9sum\u00e9 des photos.<\/p>\n<h3>Le bouton du mode de pr\u00e9sentation par Ann\u00e9es<\/h3>\n<p>Il permet un regroupement des photos par ann\u00e9es. Le r\u00e9glage des pr\u00e9f\u00e9rences : r\u00e9sum\u00e9 des photos s\u2019applique aussi \u00e0 ce mode.<\/p>\n<p>A noter que dans ces deux derniers modes, il n\u2019est pas possible de modifier la taille des vignettes ni d\u2019utiliser la liste d\u00e9roulante des filtres qui n\u2019est plus pr\u00e9sente.<\/p>\n<h2>La barre Lat\u00e9rale<\/h2>\n<p>Cette barre est compos\u00e9e de la Phototh\u00e8que, des Albums Partag\u00e9s, des Albums et des projets. Le contenu de chacune de ces en-t\u00eate peut \u00eatre masqu\u00e9 ou affich\u00e9.<\/p>\n<p>La phototh\u00e8que est compos\u00e9e de tous les \u00e9l\u00e9ments contenus dans votre phototh\u00e8que, photo ou vid\u00e9os.<\/p>\n<p>Les souvenirs sont des collections de photos que vous regroupez et qui peuvent \u00eatre bas\u00e9 sur un moment, une collection, une ann\u00e9e ou m\u00eame d\u2019un album.<\/p>\n<p>Vous pouvez marquer un souvenir comme favori, il apparaitra alors dans les souvenirs pr\u00e9f\u00e9r\u00e9s.<br \/>\nVous pouvez bloquer un type de souvenir.<br \/>\nVous pouvez r\u00e9initialiser Photos pour recr\u00e9er les souvenirs bloqu\u00e9s. Choisissez Photos\u00a0&gt; Pr\u00e9f\u00e9rences, cliquez sur G\u00e9n\u00e9ral, puis sur R\u00e9initialiser les souvenirs bloqu\u00e9s.<br \/>\nVous pouvez \u00e9galement supprimer un souvenir. Les photos quant \u00e0 elles ne sont pas supprim\u00e9es.<\/p>\n<p>Les favoris sont les photos ou vid\u00e9o que vous avez s\u00e9lectionn\u00e9es comme favori en cliquant sur le petit coeur.<\/p>\n<p>Les personnes regroupent les visages des personnes reconnues dans votre phototh\u00e8que.<\/p>\n<p>Les lieux pr\u00e9sentent sur une carte les endroits o\u00f9 ont \u00e9t\u00e9 prises les photos de votre phototh\u00e8que. Vous avez le choix entre une vue plan, une vue satellite et une vue de vos photos regroup\u00e9es par lieux.<\/p>\n<p>Les imports permettent de conna\u00eetre les diff\u00e9rentes dates o\u00f9 vous avez proc\u00e9d\u00e9 \u00e0 des imports de photos ou de vid\u00e9os dans votre base de donn\u00e9es.<\/p>\n<p>Les suppressions r\u00e9centes permettent de confirmer la suppression physique de photos sachant que Photos les stocke dans une sorte de corbeille temporaire pendant 30 jours si elles sont stock\u00e9es sur iCloud.<\/p>\n<h2>Importer des photos et vid\u00e9os<\/h2>\n<div id=\"attachment_5256\" style=\"width: 310px\" class=\"wp-caption alignright\"><img decoding=\"async\" aria-describedby=\"caption-attachment-5256\" class=\"wp-image-5256 size-medium\" src=\"http:\/\/danielonway.fr\/DanielOnWay\/wp-content\/uploads\/2017\/10\/Photo_3-300x159.png\" alt=\"Logo Photos\" width=\"300\" height=\"159\" srcset=\"https:\/\/danielonway.fr\/DanielOnWay\/wp-content\/uploads\/2017\/10\/Photo_3-300x159.png 300w, https:\/\/danielonway.fr\/DanielOnWay\/wp-content\/uploads\/2017\/10\/Photo_3.png 602w\" sizes=\"(max-width: 300px) 100vw, 300px\" \/><p id=\"caption-attachment-5256\" class=\"wp-caption-text\"><small> Logo Photos \u00a9Apple<\/small><\/p><\/div>\n<p>Lorsque vous importez des photos ou des vid\u00e9os Photos les stocke par d\u00e9faut dans la phototh\u00e8que de votre Mac.<br \/>\nVous pouvez faire en sorte que Photos laisse vos \u00e9l\u00e9ments \u00e0 leur emplacement d\u2019origine. Si le fait de stocker vos fichiers hors de la phototh\u00e8que Photo vous permet d\u2019\u00e9conomiser de l\u2019espace sur votre Mac, il faut savoir que :<br \/>\nSi vous utilisez la phototh\u00e8que iCloud ces fichiers n\u2019y seront pas stock\u00e9s. Du coup ces fichiers n\u2019\u00e9tant pas accessibles dans la phototh\u00e8que iCloud, il ne le seront donc pas sur vos autres appareils.<br \/>\nSi le m\u00e9dia sur lequel se trouvent vos fichiers est d\u00e9connect\u00e9 de votre Mac, vous ne pourrez plus les avoir dans la phototh\u00e8que Photos.<\/p>\n<p>Je vous conseille donc de vider vos cartes m\u00e9moires sur un support externe comme un disque dur que vous connecterez \u00e0 votre Mac le temps de l\u2019importation, et de vous assurez qu\u2019ils sont bien copi\u00e9s dans votre phototh\u00e8que.<\/p>\n<p>De plus avec cette m\u00e9thode la sauvegarde de votre phototh\u00e8que est grandement facilit\u00e9e.<\/p>\n<p>Si c\u2019est la place sur votre Mac qui est compt\u00e9e, vous pouvez optimiser le stockage sur votre Mac en utilisant la phototh\u00e8que iCloud qui placera alors des fichiers plus petits sur votre Mac. Les originaux en pleine r\u00e9solution seront quant \u00e0 eux stock\u00e9s sur Icloud. Toutes vos photos et vid\u00e9os seront accessibles en taille r\u00e9elle par votre Mac \u00e0 partir d\u2019iCloud.<\/p>\n<p>Pour modifier l\u2019emplacement de stockage de vos fichiers, il faut aller dans les Pr\u00e9f\u00e9rences de Photos et d\u00e9cocher la case \u00ab\u00a0Copier les \u00e9l\u00e9ments dans la phototh\u00e8que Photos\u00a0\u00bb<\/p>\n<h2>Avant d\u2019importer<\/h2>\n<p>Il est important de comprendre que la phototh\u00e8que cr\u00e9\u00e9e par d\u00e9faut la premi\u00e8re fois par Photos dans le r\u00e9pertoire images de votre Mac devient, de fait, la phototh\u00e8que syst\u00e8me. C\u2019est donc la seule capable d\u2019avoir acc\u00e8s aux services iCloud. Vous pouvez cr\u00e9er vous m\u00eame d\u2019autres phototh\u00e8ques, mais elle ne b\u00e9n\u00e9ficieront pas de la synchronisation avec iCloud. Il faudra aussi pensez \u00e0 bien les sauvegarder.<br \/>\nCe cas de figure peut se justifier si vous souhaitez avoir une phototh\u00e8que familiale et une phototh\u00e8que professionnelle. Mais il faudra basculer de l\u2019une \u00e0 l\u2019autre ce qui en fin de compte n\u2019est pas tr\u00e8s pratique.<\/p>\n<h2>Importer des donn\u00e9es<\/h2>\n<p>Avec la phototh\u00e8que iCloud, toutes les photos et vid\u00e9os dans votre phototh\u00e8que sont stock\u00e9es dans iCloud de sorte que vous pouvez y acc\u00e9der depuis votre Mac, votre PC, vos appareils\u00a0iOS, votre Apple\u00a0TV et sur iCloud.com.<\/p>\n<p>Toutes les nouvelles photos que vous ajoutez \u00e0 Photos ou prenez \u00e0 l\u2019aide d\u2019un appareil\u00a0iOS apparaissent sur tous les appareils sur lesquels la phototh\u00e8que iCloud est activ\u00e9e. Vos photos et albums sont organis\u00e9s de la m\u00eame mani\u00e8re sur tous vos appareils. Si vous apportez des modifications, les changements apparaissent sur tous vos appareils.<\/p>\n<p>Vos photos et vid\u00e9os originales, en pleine r\u00e9solution, sont stock\u00e9es sur iCloud et vous pouvez conserver des versions moins volumineuses sur votre Mac pour optimiser le stockage. Vous obtenez 5\u00a0Go de stockage gratuit et pouvez augmenter votre stockage \u00e0 tout moment et au moment o\u00f9 je vous parle jusqu\u2019\u00e0 2 To pour 9,90\u20ac\/mois.<\/p>\n<p>Nous allons maintenant proc\u00e9der \u00e0 diff\u00e9rentes importations.<\/p>\n<h2>Importation Classique de fichier<\/h2>\n<p>Pour importer des fichiers situ\u00e9s sur un support de sauvegarde externe comme une carte SD ou un disque dur externe, on peut<\/p>\n<ul style=\"list-style-type: disc;\">\n<li>soit faire un glisser-d\u00e9poser des fichiers depuis le finder vers la fen\u00eatre Photos<\/li>\n<li>soit faire glisser les fichiers depuis le finder sur l\u2019ic\u00f4ne de Photos dans le dock.<\/li>\n<li>soit dans Photos, menu Fichier Importer puis cliquez sur \u00ab\u00a0Consulter avant d\u2019importer\u00a0\u00bb. Vous pourrez alors choisir de \u00ab\u00a0n\u2019importer que les (nombre) d\u2019\u00e9l\u00e9ments ou \u00ab\u00a0importer toutes les nouvelles photos\u00a0\u00bb<\/li>\n<\/ul>\n<p>S\u2019il vous est demand\u00e9 si vous souhaitez supprimer ou conserver les photos sur votre carte, cliquez toujours sur conserver. Ne d\u00e9connectez pas votre carte ou votre disque durant l\u2019importation. Une fois vos photos import\u00e9es dans votre phototh\u00e8que, il sera toujours temps de voir si vous souhaitez les supprimer de votre carte ou pas.<\/p>\n<h2>Importation R\u00e9f\u00e9renc\u00e9e<\/h2>\n<p>M\u00eame si je ne vous conseille pas de le faire pour toutes les raisons \u00e9voqu\u00e9es plus t\u00f4t dans ce tuto, vous pouvez faire en sorte que vos photos ne soient que r\u00e9f\u00e9renc\u00e9es par la base de donn\u00e9es de la phototh\u00e8que, vos photos restant \u00e0 leur emplacement.<\/p>\n<p>Pour cela il faut d\u00e9cocher la case \u00ab\u00a0Copier les \u00e9l\u00e9ments dans la phototh\u00e8que Photos\u00a0\u00bb accessible \u00e0 partir du menu Photos\/Pr\u00e9f\u00e9rences.<\/p>\n<p>Pour revenir \u00e0 l\u2019\u00e9tat normal de stockage des photos dans la phototh\u00e8que Photos, re-cochez cette case.<\/p>\n<h2>Importation RAW<\/h2>\n<p>Si vous importez des fichiers Raw qui ont d\u00e9j\u00e0 \u00e9t\u00e9 trait\u00e9s par une autre application, il est possible que Photos soit oblig\u00e9 de mettre \u00e0 jour ce traitement. Dans ce cas vous pouvez si vous le souhaitez soit laisser le fichier en l\u2019\u00e9tat, soit retraiter le fichier pour que Photos utilise la version la plus r\u00e9cente de son traitement Raw. Pour ce faire, ouvrez la photo en double-cliquant dessus, puis cliquer sur le bouton modifier et dans le menu allez sur Image\/Retraiter Raw.<br \/>\nSi ce menu est gris\u00e9 c\u2019est que le traitement Raw de la photo est \u00e0 jour.<\/p>\n<h2>Importation automatique par iCloud<\/h2>\n<p>C\u2019est la meilleure mani\u00e8re d\u2019utiliser Photos et de rendre vos photos et vid\u00e9os disponibles sur tous vos appareils, Mac, PC, appareils iOS, Apple TV et sur iCloud.com.<\/p>\n<p>Toutes les photos que vous ajoutez \u00e0 votre phototh\u00e8que ou que vous prenez avec votre appareil iOS apparaissent sur tous les appareils sur lesquels la phototh\u00e8que iCloud est activ\u00e9e.<br \/>\nSi vous effectuez des modifications sur quelque appareil que ce soit iPhone, iPad, les changements apparaissent ainsi sur tous vos appareils.<br \/>\nPour configurer la phototh\u00e8que iCloud, il faut cr\u00e9er un compte iCloud dans les pr\u00e9f\u00e9rences syst\u00e8mes et activer la phototh\u00e8que iCloud sur tous les ordinateurs et mat\u00e9riels iOS sur lesquels vous souhaitez disposer de votre phototh\u00e8que.<\/p>\n<h3>Sur votre Mac<\/h3>\n<p>Activez la phototh\u00e8que iCloud dans le menu Photos\/ pr\u00e9f\u00e9rences.<\/p>\n<p>Cochez la case Phototh\u00e8que iCloud<br \/>\nS\u00e9lectionnez le type de version de fichiers que vous souhaitez, si vous avez de la place sur votre disque cochez t\u00e9l\u00e9charger les originaux, sinon cliquez sur optimiser le stockage.<br \/>\nLa premi\u00e8re fois et selon la quantit\u00e9 de photos contenue dans votre phototh\u00e8que le t\u00e9l\u00e9chargement vers iCloud peut prendre du temps.<\/p>\n<h3>Sur vos appareils iOS<\/h3>\n<p>Allez dans les r\u00e9glages, puis tapez sur votre compte, tapez sur iCloud, puis Photos et r\u00e9glez les param\u00e8tres \u00e0 votre convenance . En fonction de la capacit\u00e9 de stockage de votre appareil, il est judicieux ici de cocher \u00ab\u00a0optimiser le stockage de l\u2019iPhone ou de l\u2019iPad<\/p>\n<p>Dans les prochains tutos, nous verrons ensemble le classement et le traitement des images avec les outils de Photos, mais \u00e9galement avec la possibilit\u00e9 qu\u2019offre cette version de Photos de faire appel \u00e0 d\u2019autres outils tels que Photoshop ou la suite des logiciels Nik Software rachet\u00e9s par Google pour retoucher vos images.<\/p>\n<p>&nbsp;<\/p>\n<p>N\u2019h\u00e9sitez pas \u00e0 me faire part de vos commentaires sur le sujet, me dire comment vous proc\u00e9dez, quelle est votre propre m\u00e9thode, est ce que cet article vous a \u00e9t\u00e9 utile, bref n\u2019h\u00e9sitez pas \u00e0 enrichir le dialogue.<\/p>\n<p>Voil\u00e0 c\u2019est tout pour aujourd\u2019hui, si vous avez aim\u00e9 ce tuto n\u2019oubliez pas vous <a href=\"http:\/\/danielonway.fr\/DanielOnWay\/liste-contact\/\">abonner au site<\/a> et \u00e0 la <a href=\"https:\/\/www.youtube.com\/channel\/UCC7RiZsizDIOoJ91YYXD2xg\">chaine YouTube<\/a>\u00a0 pour voir les prochains tutos enti\u00e8rement gratuits.<\/p>\n<p>Rejoignez ma liste de contacts directement sur le <a href=\"http:\/\/danielonway.fr\/DanielOnWay\/liste-contact\/\">site DanielOnWay.fr<\/a> pour \u00eatre au courant de la vie du site et de ses r\u00e9seaux sociaux, <a href=\"http:\/\/danielonway.fr\/DanielOnWay\/liste-contact\/\">le lien est ici.<\/a><\/p>\n<p>&nbsp;<\/p>\n<p><b>Et en attendant faites des photos !<\/b>[\/vc_column_text][\/vc_column][\/vc_row][vc_row][vc_column][bsf-info-box icon=\u00a0\u00bbDefaults-film\u00a0\u00bb icon_size=\u00a0\u00bb32&Prime; icon_color=\u00a0\u00bb#000000&Prime; icon_style=\u00a0\u00bbcircle\u00a0\u00bb icon_color_bg=\u00a0\u00bb#dce8b1&Prime; title=\u00a0\u00bbL&rsquo;article en Vid\u00e9o\u00a0\u00bb pos=\u00a0\u00bbleft\u00a0\u00bb heading_tag=\u00a0\u00bbh2&Prime;][\/bsf-info-box][vc_column_text]<iframe src=\"https:\/\/www.youtube.com\/embed\/xljVHe2Lr4U\" width=\"560\" height=\"315\" frameborder=\"0\" allowfullscreen=\"allowfullscreen\"><\/iframe>[\/vc_column_text][\/vc_column][\/vc_row][vc_row][vc_column][bsf-info-box icon=\u00a0\u00bbDefaults-thumb-tack\u00a0\u00bb icon_size=\u00a0\u00bb32&Prime; icon_color=\u00a0\u00bb#000000&Prime; icon_style=\u00a0\u00bbcircle\u00a0\u00bb icon_color_bg=\u00a0\u00bb#dce8b1&Prime; title=\u00a0\u00bble Post-It &#8230;\u00a0\u00bb pos=\u00a0\u00bbleft\u00a0\u00bb heading_tag=\u00a0\u00bbh2&Prime;]Les trucs et astuces en lien avec le sujet de l&rsquo;article de la semaine[\/bsf-info-box][vc_column_text]Peut-on comparer Apple Photos et un outil tel que Lightroom ? Evidemment non. Les deux applications ne jouent pas dans la m\u00eame cour. Mais attention Lightroom a pour ambition d&rsquo;\u00e9quiper les photographes amateurs avertis et professionnels. Le flux de production est enti\u00e8rement orient\u00e9 dans ce sens.<\/p>\n<p>Apple Photos quand \u00e0 lui propose de tr\u00e8s bons outils, que je me propose de d\u00e9couvrir avec vous. Il suffira la plupart du temps si on ne g\u00e8re que des photos personnelles sans qu&rsquo;il y ait vocation \u00e0 professionnaliser son flux de production : catalogage et retouches notamment.<\/p>\n<p>Dans cette suite de petits tutoriels nous verrons que si on prend la peine de s&rsquo;attarder un peu sur ces capacit\u00e9s, c&rsquo;est une bonne solution int\u00e9gr\u00e9e \u00e0 MacOs, donc gratuite, et qui, d\u00e9sormais s&rsquo;ouvre aux autres logiciels de retouche photo. Nous verrons cela dans les prochains tutos.[\/vc_column_text][\/vc_column][\/vc_row][vc_row][vc_column][bsf-info-box icon=\u00a0\u00bbDefaults-camera\u00a0\u00bb icon_size=\u00a0\u00bb32&Prime; icon_color=\u00a0\u00bb#000000&Prime; icon_style=\u00a0\u00bbcircle\u00a0\u00bb icon_color_bg=\u00a0\u00bb#dce8b1&Prime; title=\u00a0\u00bbParole de photographe &#8230;\u00a0\u00bb pos=\u00a0\u00bbleft\u00a0\u00bb heading_tag=\u00a0\u00bbh2&Prime;]Chaque semaine une citation des plus grands noms de la photo, pour vous inspirer[\/bsf-info-box][vc_column_text]L\u2019appareil photographique est pour moi un carnet de croquis, l\u2019instrument de l\u2019intuition et de la spontan\u00e9it\u00e9, le ma\u00eetre de l\u2019instant qui, en termes visuels, questionne et d\u00e9cide \u00e0 la fois. Pour \u00ab\u00a0signifier\u00a0\u00bb le monde, il faut se sentir impliqu\u00e9 dans ce que l\u2019on d\u00e9coupe \u00e0 travers le viseur. Cette attitude exige de la concentration, de la sensibilit\u00e9, un sens de la g\u00e9om\u00e9trie. C\u2019est par une \u00e9conomie de moyens et surtout un oubli de soi-m\u00eame que l\u2019on arrive \u00e0 la simplicit\u00e9 d\u2019expression.<\/p>\n<p>Henri Cartier-Bresson &#8211; Photo Poche &#8211; Actes Sud<\/p>\n<p style=\"text-align: right;\"><strong>Henri Cartier-Bresson<\/strong><\/p>\n<p>[\/vc_column_text][\/vc_column][\/vc_row][vc_row][vc_column][bsf-info-box icon=\u00a0\u00bbDefaults-cogs gears\u00a0\u00bb icon_size=\u00a0\u00bb32&Prime; icon_color=\u00a0\u00bb#000000&Prime; icon_style=\u00a0\u00bbcircle\u00a0\u00bb icon_color_bg=\u00a0\u00bb#dce8b1&Prime; title=\u00a0\u00bbL&rsquo;Atelier Cr\u00e9atif\u00a0\u00bb pos=\u00a0\u00bbleft\u00a0\u00bb heading_tag=\u00a0\u00bbh2&Prime;]Avec chaque publication un atelier photographique, un d\u00e9fi cr\u00e9atif ou une id\u00e9e pour nous inspirer et progresser.[\/bsf-info-box][vc_column_text]Cette semaine l&rsquo;atelier cr\u00e9atif va vous emmener \u00a0dans l&rsquo;univers du d\u00e9tail avec la contrainte suivante : votre appareil doit \u00eatre \u00e0 une hauteur maximale de &#8230; 10 cm du sol et vous devez prendre le d\u00e9tail d&rsquo;un sujet. Ce sera par exemple une goutte de pluie ou de ros\u00e9e au bout d&rsquo;une herbe, la forme originale d&rsquo;un caillou, le d\u00e9tail d&rsquo;une plaque d&rsquo;\u00e9gout, voil\u00e0 &#8230; \u00a0 A vous ![\/vc_column_text][\/vc_column][\/vc_row]<\/p>\n","protected":false},"excerpt":{"rendered":"<p>Dans les prochaines semaines tous les sites de photo vous parlerons des nouvelles versions de Lightroom CC et Lightroom Classic CC. La licence perp\u00e9tuelle pour Lightroom n&rsquo;existe plus, il ne reste que la solution de l&rsquo;abonnement, c\u2019est pourquoi j\u2019ai pens\u00e9 qu\u2019il serait int\u00e9ressant de regarder de plus pr\u00e8s cet outil fourni gratuitement par Apple<\/p>\n","protected":false},"author":9,"featured_media":5255,"comment_status":"closed","ping_status":"closed","sticky":false,"template":"","format":"standard","meta":{"footnotes":""},"categories":[656,118],"tags":[711,712,717,697,143,119,713,715,716,714,150,718,719,120],"class_list":["post-5246","post","type-post","status-publish","format-standard","has-post-thumbnail","hentry","category-logiciel","category-test-produit","tag-apple","tag-apple-photos","tag-apple-tv","tag-archivage","tag-fichier-raw","tag-formation","tag-imac","tag-ipad","tag-ipadpro","tag-iphone","tag-logiciel","tag-mac-os","tag-osx","tag-photographie"],"yoast_head":"<!-- This site is optimized with the Yoast SEO plugin v27.3 - https:\/\/yoast.com\/product\/yoast-seo-wordpress\/ -->\n<title>le logiciel de gestion de photos et vid\u00e9os d&#039;Apple : Photos<\/title>\n<meta name=\"description\" content=\"Tous les sites de photo vont vous parler des nouvelles versions de Lightroom alors j\u2019ai pens\u00e9 qu\u2019il serait int\u00e9ressant de jeter un oeil sur Apple Photos\" \/>\n<meta name=\"robots\" content=\"index, follow, max-snippet:-1, max-image-preview:large, max-video-preview:-1\" \/>\n<link rel=\"canonical\" href=\"https:\/\/danielonway.fr\/DanielOnWay\/gerer-phototheque-apple-photos\/\" \/>\n<meta property=\"og:locale\" content=\"fr_FR\" \/>\n<meta property=\"og:type\" content=\"article\" \/>\n<meta property=\"og:title\" content=\"le logiciel de gestion de photos et vid\u00e9os d&#039;Apple : Photos\" \/>\n<meta property=\"og:description\" content=\"Tous les sites de photo vont vous parler des nouvelles versions de Lightroom alors j\u2019ai pens\u00e9 qu\u2019il serait int\u00e9ressant de jeter un oeil sur Apple Photos\" \/>\n<meta property=\"og:url\" content=\"https:\/\/danielonway.fr\/DanielOnWay\/gerer-phototheque-apple-photos\/\" \/>\n<meta property=\"og:site_name\" content=\"DanielOnWay - Photographie - Vid\u00e9o - Drone\" \/>\n<meta property=\"article:publisher\" content=\"https:\/\/www.facebook.com\/danielonway\" \/>\n<meta property=\"article:author\" content=\"https:\/\/www.facebook.com\/danielonway\" \/>\n<meta property=\"article:published_time\" content=\"2017-10-20T13:15:11+00:00\" \/>\n<meta property=\"article:modified_time\" content=\"2017-12-09T19:43:02+00:00\" \/>\n<meta property=\"og:image\" content=\"https:\/\/danielonway.fr\/DanielOnWay\/wp-content\/uploads\/2017\/10\/Apple_Photo_01_titrage.png\" \/>\n\t<meta property=\"og:image:width\" content=\"1922\" \/>\n\t<meta property=\"og:image:height\" content=\"1073\" \/>\n\t<meta property=\"og:image:type\" content=\"image\/png\" \/>\n<meta name=\"author\" content=\"Daniel BRUCHET\" \/>\n<meta name=\"twitter:card\" content=\"summary_large_image\" \/>\n<meta name=\"twitter:creator\" content=\"@danielonway\" \/>\n<meta name=\"twitter:site\" content=\"@danielonway\" \/>\n<meta name=\"twitter:label1\" content=\"\u00c9crit par\" \/>\n\t<meta name=\"twitter:data1\" content=\"Daniel BRUCHET\" \/>\n\t<meta name=\"twitter:label2\" content=\"Dur\u00e9e de lecture estim\u00e9e\" \/>\n\t<meta name=\"twitter:data2\" content=\"16 minutes\" \/>\n<script type=\"application\/ld+json\" class=\"yoast-schema-graph\">{\"@context\":\"https:\\\/\\\/schema.org\",\"@graph\":[{\"@type\":\"Article\",\"@id\":\"https:\\\/\\\/danielonway.fr\\\/DanielOnWay\\\/gerer-phototheque-apple-photos\\\/#article\",\"isPartOf\":{\"@id\":\"https:\\\/\\\/danielonway.fr\\\/DanielOnWay\\\/gerer-phototheque-apple-photos\\\/\"},\"author\":{\"name\":\"Daniel BRUCHET\",\"@id\":\"https:\\\/\\\/danielonway.fr\\\/DanielOnWay\\\/#\\\/schema\\\/person\\\/4dab8f3634b87c1f28ae709f14913856\"},\"headline\":\"G\u00e9rer sa phototh\u00e8que avec le logiciel de gestion de photos et vid\u00e9os d&rsquo;Apple : Photos &#8211; Chapitre 1\",\"datePublished\":\"2017-10-20T13:15:11+00:00\",\"dateModified\":\"2017-12-09T19:43:02+00:00\",\"mainEntityOfPage\":{\"@id\":\"https:\\\/\\\/danielonway.fr\\\/DanielOnWay\\\/gerer-phototheque-apple-photos\\\/\"},\"wordCount\":3239,\"publisher\":{\"@id\":\"https:\\\/\\\/danielonway.fr\\\/DanielOnWay\\\/#\\\/schema\\\/person\\\/4dab8f3634b87c1f28ae709f14913856\"},\"image\":{\"@id\":\"https:\\\/\\\/danielonway.fr\\\/DanielOnWay\\\/gerer-phototheque-apple-photos\\\/#primaryimage\"},\"thumbnailUrl\":\"https:\\\/\\\/danielonway.fr\\\/DanielOnWay\\\/wp-content\\\/uploads\\\/2017\\\/10\\\/Apple_Photo_01_titrage.png\",\"keywords\":[\"Apple\",\"Apple Photos\",\"Apple TV\",\"Archivage\",\"Fichier RAW\",\"formation\",\"iMac\",\"iPad\",\"iPadPro\",\"iPhone\",\"logiciel\",\"Mac OS\",\"OsX\",\"photographie\"],\"articleSection\":[\"Logiciel\",\"Test Produit\"],\"inLanguage\":\"fr-FR\"},{\"@type\":\"WebPage\",\"@id\":\"https:\\\/\\\/danielonway.fr\\\/DanielOnWay\\\/gerer-phototheque-apple-photos\\\/\",\"url\":\"https:\\\/\\\/danielonway.fr\\\/DanielOnWay\\\/gerer-phototheque-apple-photos\\\/\",\"name\":\"le logiciel de gestion de photos et vid\u00e9os d'Apple : Photos\",\"isPartOf\":{\"@id\":\"https:\\\/\\\/danielonway.fr\\\/DanielOnWay\\\/#website\"},\"primaryImageOfPage\":{\"@id\":\"https:\\\/\\\/danielonway.fr\\\/DanielOnWay\\\/gerer-phototheque-apple-photos\\\/#primaryimage\"},\"image\":{\"@id\":\"https:\\\/\\\/danielonway.fr\\\/DanielOnWay\\\/gerer-phototheque-apple-photos\\\/#primaryimage\"},\"thumbnailUrl\":\"https:\\\/\\\/danielonway.fr\\\/DanielOnWay\\\/wp-content\\\/uploads\\\/2017\\\/10\\\/Apple_Photo_01_titrage.png\",\"datePublished\":\"2017-10-20T13:15:11+00:00\",\"dateModified\":\"2017-12-09T19:43:02+00:00\",\"description\":\"Tous les sites de photo vont vous parler des nouvelles versions de Lightroom alors j\u2019ai pens\u00e9 qu\u2019il serait int\u00e9ressant de jeter un oeil sur Apple Photos\",\"breadcrumb\":{\"@id\":\"https:\\\/\\\/danielonway.fr\\\/DanielOnWay\\\/gerer-phototheque-apple-photos\\\/#breadcrumb\"},\"inLanguage\":\"fr-FR\",\"potentialAction\":[{\"@type\":\"ReadAction\",\"target\":[\"https:\\\/\\\/danielonway.fr\\\/DanielOnWay\\\/gerer-phototheque-apple-photos\\\/\"]}]},{\"@type\":\"ImageObject\",\"inLanguage\":\"fr-FR\",\"@id\":\"https:\\\/\\\/danielonway.fr\\\/DanielOnWay\\\/gerer-phototheque-apple-photos\\\/#primaryimage\",\"url\":\"https:\\\/\\\/danielonway.fr\\\/DanielOnWay\\\/wp-content\\\/uploads\\\/2017\\\/10\\\/Apple_Photo_01_titrage.png\",\"contentUrl\":\"https:\\\/\\\/danielonway.fr\\\/DanielOnWay\\\/wp-content\\\/uploads\\\/2017\\\/10\\\/Apple_Photo_01_titrage.png\",\"width\":1922,\"height\":1073,\"caption\":\"Tutoriel Photos\"},{\"@type\":\"BreadcrumbList\",\"@id\":\"https:\\\/\\\/danielonway.fr\\\/DanielOnWay\\\/gerer-phototheque-apple-photos\\\/#breadcrumb\",\"itemListElement\":[{\"@type\":\"ListItem\",\"position\":1,\"name\":\"Accueil\",\"item\":\"https:\\\/\\\/danielonway.fr\\\/DanielOnWay\\\/\"},{\"@type\":\"ListItem\",\"position\":2,\"name\":\"Logiciel\",\"item\":\"https:\\\/\\\/danielonway.fr\\\/DanielOnWay\\\/cat\u00e9gorie\\\/logiciel\\\/\"},{\"@type\":\"ListItem\",\"position\":3,\"name\":\"G\u00e9rer sa phototh\u00e8que avec le logiciel de gestion de photos et vid\u00e9os d&rsquo;Apple : Photos &#8211; Chapitre 1\"}]},{\"@type\":\"WebSite\",\"@id\":\"https:\\\/\\\/danielonway.fr\\\/DanielOnWay\\\/#website\",\"url\":\"https:\\\/\\\/danielonway.fr\\\/DanielOnWay\\\/\",\"name\":\"DanielOnWay - Photographie - Vid\u00e9o - Drone\",\"description\":\"Photographie, Vid\u00e9o, Drone\",\"publisher\":{\"@id\":\"https:\\\/\\\/danielonway.fr\\\/DanielOnWay\\\/#\\\/schema\\\/person\\\/4dab8f3634b87c1f28ae709f14913856\"},\"potentialAction\":[{\"@type\":\"SearchAction\",\"target\":{\"@type\":\"EntryPoint\",\"urlTemplate\":\"https:\\\/\\\/danielonway.fr\\\/DanielOnWay\\\/?s={search_term_string}\"},\"query-input\":{\"@type\":\"PropertyValueSpecification\",\"valueRequired\":true,\"valueName\":\"search_term_string\"}}],\"inLanguage\":\"fr-FR\"},{\"@type\":[\"Person\",\"Organization\"],\"@id\":\"https:\\\/\\\/danielonway.fr\\\/DanielOnWay\\\/#\\\/schema\\\/person\\\/4dab8f3634b87c1f28ae709f14913856\",\"name\":\"Daniel BRUCHET\",\"image\":{\"@type\":\"ImageObject\",\"inLanguage\":\"fr-FR\",\"@id\":\"https:\\\/\\\/secure.gravatar.com\\\/avatar\\\/b0a60aec63b56e01b36ba7272efcfe1d156a9050fefa7813e995efe51b9a02b3?s=96&d=mm&r=g\",\"url\":\"https:\\\/\\\/secure.gravatar.com\\\/avatar\\\/b0a60aec63b56e01b36ba7272efcfe1d156a9050fefa7813e995efe51b9a02b3?s=96&d=mm&r=g\",\"contentUrl\":\"https:\\\/\\\/secure.gravatar.com\\\/avatar\\\/b0a60aec63b56e01b36ba7272efcfe1d156a9050fefa7813e995efe51b9a02b3?s=96&d=mm&r=g\",\"caption\":\"Daniel BRUCHET\"},\"logo\":{\"@id\":\"https:\\\/\\\/secure.gravatar.com\\\/avatar\\\/b0a60aec63b56e01b36ba7272efcfe1d156a9050fefa7813e995efe51b9a02b3?s=96&d=mm&r=g\"},\"description\":\"Administrateur Systeme - Principal r\u00e9dacteur\",\"sameAs\":[\"http:\\\/\\\/www.danielonway.fr\",\"https:\\\/\\\/www.facebook.com\\\/danielonway\",\"https:\\\/\\\/www.instagram.com\\\/danielonway.fr\\\/\",\"https:\\\/\\\/x.com\\\/danielonway\"],\"url\":\"https:\\\/\\\/danielonway.fr\\\/DanielOnWay\\\/author\\\/danielb\\\/\"}]}<\/script>\n<!-- \/ Yoast SEO plugin. -->","yoast_head_json":{"title":"le logiciel de gestion de photos et vid\u00e9os d'Apple : Photos","description":"Tous les sites de photo vont vous parler des nouvelles versions de Lightroom alors j\u2019ai pens\u00e9 qu\u2019il serait int\u00e9ressant de jeter un oeil sur Apple Photos","robots":{"index":"index","follow":"follow","max-snippet":"max-snippet:-1","max-image-preview":"max-image-preview:large","max-video-preview":"max-video-preview:-1"},"canonical":"https:\/\/danielonway.fr\/DanielOnWay\/gerer-phototheque-apple-photos\/","og_locale":"fr_FR","og_type":"article","og_title":"le logiciel de gestion de photos et vid\u00e9os d'Apple : Photos","og_description":"Tous les sites de photo vont vous parler des nouvelles versions de Lightroom alors j\u2019ai pens\u00e9 qu\u2019il serait int\u00e9ressant de jeter un oeil sur Apple Photos","og_url":"https:\/\/danielonway.fr\/DanielOnWay\/gerer-phototheque-apple-photos\/","og_site_name":"DanielOnWay - Photographie - Vid\u00e9o - Drone","article_publisher":"https:\/\/www.facebook.com\/danielonway","article_author":"https:\/\/www.facebook.com\/danielonway","article_published_time":"2017-10-20T13:15:11+00:00","article_modified_time":"2017-12-09T19:43:02+00:00","og_image":[{"width":1922,"height":1073,"url":"https:\/\/danielonway.fr\/DanielOnWay\/wp-content\/uploads\/2017\/10\/Apple_Photo_01_titrage.png","type":"image\/png"}],"author":"Daniel BRUCHET","twitter_card":"summary_large_image","twitter_creator":"@danielonway","twitter_site":"@danielonway","twitter_misc":{"\u00c9crit par":"Daniel BRUCHET","Dur\u00e9e de lecture estim\u00e9e":"16 minutes"},"schema":{"@context":"https:\/\/schema.org","@graph":[{"@type":"Article","@id":"https:\/\/danielonway.fr\/DanielOnWay\/gerer-phototheque-apple-photos\/#article","isPartOf":{"@id":"https:\/\/danielonway.fr\/DanielOnWay\/gerer-phototheque-apple-photos\/"},"author":{"name":"Daniel BRUCHET","@id":"https:\/\/danielonway.fr\/DanielOnWay\/#\/schema\/person\/4dab8f3634b87c1f28ae709f14913856"},"headline":"G\u00e9rer sa phototh\u00e8que avec le logiciel de gestion de photos et vid\u00e9os d&rsquo;Apple : Photos &#8211; Chapitre 1","datePublished":"2017-10-20T13:15:11+00:00","dateModified":"2017-12-09T19:43:02+00:00","mainEntityOfPage":{"@id":"https:\/\/danielonway.fr\/DanielOnWay\/gerer-phototheque-apple-photos\/"},"wordCount":3239,"publisher":{"@id":"https:\/\/danielonway.fr\/DanielOnWay\/#\/schema\/person\/4dab8f3634b87c1f28ae709f14913856"},"image":{"@id":"https:\/\/danielonway.fr\/DanielOnWay\/gerer-phototheque-apple-photos\/#primaryimage"},"thumbnailUrl":"https:\/\/danielonway.fr\/DanielOnWay\/wp-content\/uploads\/2017\/10\/Apple_Photo_01_titrage.png","keywords":["Apple","Apple Photos","Apple TV","Archivage","Fichier RAW","formation","iMac","iPad","iPadPro","iPhone","logiciel","Mac OS","OsX","photographie"],"articleSection":["Logiciel","Test Produit"],"inLanguage":"fr-FR"},{"@type":"WebPage","@id":"https:\/\/danielonway.fr\/DanielOnWay\/gerer-phototheque-apple-photos\/","url":"https:\/\/danielonway.fr\/DanielOnWay\/gerer-phototheque-apple-photos\/","name":"le logiciel de gestion de photos et vid\u00e9os d'Apple : Photos","isPartOf":{"@id":"https:\/\/danielonway.fr\/DanielOnWay\/#website"},"primaryImageOfPage":{"@id":"https:\/\/danielonway.fr\/DanielOnWay\/gerer-phototheque-apple-photos\/#primaryimage"},"image":{"@id":"https:\/\/danielonway.fr\/DanielOnWay\/gerer-phototheque-apple-photos\/#primaryimage"},"thumbnailUrl":"https:\/\/danielonway.fr\/DanielOnWay\/wp-content\/uploads\/2017\/10\/Apple_Photo_01_titrage.png","datePublished":"2017-10-20T13:15:11+00:00","dateModified":"2017-12-09T19:43:02+00:00","description":"Tous les sites de photo vont vous parler des nouvelles versions de Lightroom alors j\u2019ai pens\u00e9 qu\u2019il serait int\u00e9ressant de jeter un oeil sur Apple Photos","breadcrumb":{"@id":"https:\/\/danielonway.fr\/DanielOnWay\/gerer-phototheque-apple-photos\/#breadcrumb"},"inLanguage":"fr-FR","potentialAction":[{"@type":"ReadAction","target":["https:\/\/danielonway.fr\/DanielOnWay\/gerer-phototheque-apple-photos\/"]}]},{"@type":"ImageObject","inLanguage":"fr-FR","@id":"https:\/\/danielonway.fr\/DanielOnWay\/gerer-phototheque-apple-photos\/#primaryimage","url":"https:\/\/danielonway.fr\/DanielOnWay\/wp-content\/uploads\/2017\/10\/Apple_Photo_01_titrage.png","contentUrl":"https:\/\/danielonway.fr\/DanielOnWay\/wp-content\/uploads\/2017\/10\/Apple_Photo_01_titrage.png","width":1922,"height":1073,"caption":"Tutoriel Photos"},{"@type":"BreadcrumbList","@id":"https:\/\/danielonway.fr\/DanielOnWay\/gerer-phototheque-apple-photos\/#breadcrumb","itemListElement":[{"@type":"ListItem","position":1,"name":"Accueil","item":"https:\/\/danielonway.fr\/DanielOnWay\/"},{"@type":"ListItem","position":2,"name":"Logiciel","item":"https:\/\/danielonway.fr\/DanielOnWay\/cat\u00e9gorie\/logiciel\/"},{"@type":"ListItem","position":3,"name":"G\u00e9rer sa phototh\u00e8que avec le logiciel de gestion de photos et vid\u00e9os d&rsquo;Apple : Photos &#8211; Chapitre 1"}]},{"@type":"WebSite","@id":"https:\/\/danielonway.fr\/DanielOnWay\/#website","url":"https:\/\/danielonway.fr\/DanielOnWay\/","name":"DanielOnWay - Photographie - Vid\u00e9o - Drone","description":"Photographie, Vid\u00e9o, Drone","publisher":{"@id":"https:\/\/danielonway.fr\/DanielOnWay\/#\/schema\/person\/4dab8f3634b87c1f28ae709f14913856"},"potentialAction":[{"@type":"SearchAction","target":{"@type":"EntryPoint","urlTemplate":"https:\/\/danielonway.fr\/DanielOnWay\/?s={search_term_string}"},"query-input":{"@type":"PropertyValueSpecification","valueRequired":true,"valueName":"search_term_string"}}],"inLanguage":"fr-FR"},{"@type":["Person","Organization"],"@id":"https:\/\/danielonway.fr\/DanielOnWay\/#\/schema\/person\/4dab8f3634b87c1f28ae709f14913856","name":"Daniel BRUCHET","image":{"@type":"ImageObject","inLanguage":"fr-FR","@id":"https:\/\/secure.gravatar.com\/avatar\/b0a60aec63b56e01b36ba7272efcfe1d156a9050fefa7813e995efe51b9a02b3?s=96&d=mm&r=g","url":"https:\/\/secure.gravatar.com\/avatar\/b0a60aec63b56e01b36ba7272efcfe1d156a9050fefa7813e995efe51b9a02b3?s=96&d=mm&r=g","contentUrl":"https:\/\/secure.gravatar.com\/avatar\/b0a60aec63b56e01b36ba7272efcfe1d156a9050fefa7813e995efe51b9a02b3?s=96&d=mm&r=g","caption":"Daniel BRUCHET"},"logo":{"@id":"https:\/\/secure.gravatar.com\/avatar\/b0a60aec63b56e01b36ba7272efcfe1d156a9050fefa7813e995efe51b9a02b3?s=96&d=mm&r=g"},"description":"Administrateur Systeme - Principal r\u00e9dacteur","sameAs":["http:\/\/www.danielonway.fr","https:\/\/www.facebook.com\/danielonway","https:\/\/www.instagram.com\/danielonway.fr\/","https:\/\/x.com\/danielonway"],"url":"https:\/\/danielonway.fr\/DanielOnWay\/author\/danielb\/"}]}},"_links":{"self":[{"href":"https:\/\/danielonway.fr\/DanielOnWay\/wp-json\/wp\/v2\/posts\/5246","targetHints":{"allow":["GET"]}}],"collection":[{"href":"https:\/\/danielonway.fr\/DanielOnWay\/wp-json\/wp\/v2\/posts"}],"about":[{"href":"https:\/\/danielonway.fr\/DanielOnWay\/wp-json\/wp\/v2\/types\/post"}],"author":[{"embeddable":true,"href":"https:\/\/danielonway.fr\/DanielOnWay\/wp-json\/wp\/v2\/users\/9"}],"replies":[{"embeddable":true,"href":"https:\/\/danielonway.fr\/DanielOnWay\/wp-json\/wp\/v2\/comments?post=5246"}],"version-history":[{"count":0,"href":"https:\/\/danielonway.fr\/DanielOnWay\/wp-json\/wp\/v2\/posts\/5246\/revisions"}],"wp:featuredmedia":[{"embeddable":true,"href":"https:\/\/danielonway.fr\/DanielOnWay\/wp-json\/wp\/v2\/media\/5255"}],"wp:attachment":[{"href":"https:\/\/danielonway.fr\/DanielOnWay\/wp-json\/wp\/v2\/media?parent=5246"}],"wp:term":[{"taxonomy":"category","embeddable":true,"href":"https:\/\/danielonway.fr\/DanielOnWay\/wp-json\/wp\/v2\/categories?post=5246"},{"taxonomy":"post_tag","embeddable":true,"href":"https:\/\/danielonway.fr\/DanielOnWay\/wp-json\/wp\/v2\/tags?post=5246"}],"curies":[{"name":"wp","href":"https:\/\/api.w.org\/{rel}","templated":true}]}}